{"id":33425,"date":"2026-09-03T19:14:48","date_gmt":"2026-09-04T01:14:48","guid":{"rendered":"https:\/\/www.aquilaguna.com\/?p=33425"},"modified":"2026-09-03T19:14:48","modified_gmt":"2026-09-04T01:14:48","slug":"anuncia-uadec-a-los-ganadores-de-la-27-edicion-del-premio-de-periodismo-cultural-armando-fuentes-aguirre-caton","status":"publish","type":"post","link":"https:\/\/www.aquilaguna.com\/index.php\/2026\/09\/03\/anuncia-uadec-a-los-ganadores-de-la-27-edicion-del-premio-de-periodismo-cultural-armando-fuentes-aguirre-caton\/","title":{"rendered":"Anuncia UAdeC a los Ganadores de la 27 Edici\u00f3n del Premio de Periodismo Cultural Armando Fuentes Aguirre \u201cCat\u00f3n\u201d."},"content":{"rendered":"\n<p class=\"wp-block-paragraph\">SALTILLO, Coahuila. 3 de septiembre de 2026. La Universidad Aut\u00f3noma de<br>Coahuila anuncia a los ganadores de la vig\u00e9sima s\u00e9ptima edici\u00f3n del Premio de<br>Periodismo Cultural Armando Fuentes Aguirre \u201cCat\u00f3n\u201d, que se realiza con el objetivo<br>de reconocer la labor period\u00edstica que busca compartir las distintas expresiones<br>art\u00edsticas y culturales del estado.<\/p>\n\n\n\n<p class=\"wp-block-paragraph\">Tras la convocatoria se recibieron 143 trabajos de 90 periodistas de Saltillo, Torre\u00f3n<br>y Monclova, as\u00ed como nueve candidatos a trayectoria; en la categor\u00eda de Prensa los<br>ganadores son: Nota, Sa\u00fal Sebasti\u00e1n Rodr\u00edguez De la Paz de El Siglo de Torre\u00f3n<br>con \u201cCelebran el a\u00f1o chino en Torre\u00f3n\u201d; Art\u00edculo, C\u00e9sar Javier Gayt\u00e1n Mart\u00ednez de<br>Vanguardia con \u201cDel \u2018mejor clima de M\u00e9xico\u2019 a la ciudad de la ceniza: el funeral que<br>el Saltillo antiguo nunca tuvo\u201d.<\/p>\n\n\n\n<p class=\"wp-block-paragraph\">Entrevista, Humberto V\u00e1zquez Galindo de Vanguardia con \u201c Ernesto Contreras: El<br>cineasta que convirti\u00f3 el orgullo en arte\u201d; Columna, Susana Cepeda Islas de El<br>Heraldo de Saltillo, \u201cHerederas de la dignidad\u201d; Reportaje, H\u00e9ctor David Gonz\u00e1lez<br>Morales de Infonor (medio digital), \u201cDe las sombras de la \u201cZapa\u201d a guardianes del<br>barrio\u201d; Cr\u00f3nica, Jorge Omar Navarro Ballesteros de Heridas Abiertas (medio<br>digital), San Juanita de los mineros; y en Fotograf\u00eda, \u00c1ngel Omar Saucedo de<br>Vanguardia, \u201cT\u00fa eres un personaje m\u00e1s\u201d.<\/p>\n\n\n\n<p class=\"wp-block-paragraph\">En la categor\u00eda de Radio: Nota, Jessica Guadalupe Rosales Saucedo de Grupo<br>Regi\u00f3n 91.3 FM con \u201cSalvar tortugas bajo amenaza: el debut documental del<br>coahuilense Ignacio Loera\u201d; Entrevista, Jos\u00e9 Carlos Nava Vargas de Heraldo Radio<br>Laguna 104.3 FM, \u201cRosa Guadalupe Sillas Lerma: la maestra que le canta a los<br>migrantes con poes\u00eda\u201d; Reportaje, Jes\u00fas Gerardo Cervantes Flores del Podcast<br>Contrapuesto de Grupo Multimedia El Diario de Coahuila 88.9 FM, \u201cEl futbol tambi\u00e9n<br>es cultura\u201d.<\/p>\n\n\n\n<p class=\"wp-block-paragraph\">En la categor\u00eda de Televisi\u00f3n: Nota, Jes\u00fas Castro Gallegos de Z\u00f3calo: Tele Saltillo<br>con \u201cUn rescate piedra por piedra; reubicar\u00e1n estaci\u00f3n del tren La Encantada\u201d;<br>Entrevista, Chrystian Estrada Castillo de TV Azteca, \u201cLaura Herrera Negros<br>Mascogos: Orgullo de los Pueblos Originarios de Coahuila\u201d; Reportaje, Jos\u00e9 Luis<br>S\u00e1nchez Dur\u00f3n de Z\u00f3calo; Tele Saltillo, \u201cEl Fidencismo tambi\u00e9n es coahuilense\u201d.<br>Impacto Social: Daniela Ram\u00edrez Cervantes de El Siglo de Torre\u00f3n or Casa del agua<br>To\u00f1o Sim\u00f3n: respuesta comunitaria contra el ars\u00e9nico\u201d y en Trayectoria, Eduardo<br>Vargas Santos.<\/p>\n","protected":false},"excerpt":{"rendered":"<p>SALTILLO, Coahuila. 3 de septiembre de 2026. La Universidad Aut\u00f3noma deCoahuila anuncia a los ganadores de la vig\u00e9sima s\u00e9ptima edici\u00f3n del Premio dePeriodismo Cultural Armando Fuentes Aguirre \u201cCat\u00f3n\u201d, que se realiza con el objetivode reconocer la labor period\u00edstica que busca compartir las distintas expresionesart\u00edsticas y culturales del estado. Tras la convocatoria se recibieron 143 trabajos de 90 periodistas de Saltillo, Torre\u00f3ny Monclova, as\u00ed como nueve candidatos a trayectoria; en la&#8230;<\/p>\n","protected":false},"author":1,"featured_media":33426,"comment_status":"closed","ping_status":"","sticky":false,"template":"","format":"standard","meta":{"footnotes":""},"categories":[2],"tags":[],"class_list":["post-33425","post","type-post","status-publish","format-standard","has-post-thumbnail","hentry","category-uadec","wpcat-2-id"],"_links":{"self":[{"href":"https:\/\/www.aquilaguna.com\/index.php\/wp-json\/wp\/v2\/posts\/33425","targetHints":{"allow":["GET"]}}],"collection":[{"href":"https:\/\/www.aquilaguna.com\/index.php\/wp-json\/wp\/v2\/posts"}],"about":[{"href":"https:\/\/www.aquilaguna.com\/index.php\/wp-json\/wp\/v2\/types\/post"}],"author":[{"embeddable":true,"href":"https:\/\/www.aquilaguna.com\/index.php\/wp-json\/wp\/v2\/users\/1"}],"replies":[{"embeddable":true,"href":"https:\/\/www.aquilaguna.com\/index.php\/wp-json\/wp\/v2\/comments?post=33425"}],"version-history":[{"count":1,"href":"https:\/\/www.aquilaguna.com\/index.php\/wp-json\/wp\/v2\/posts\/33425\/revisions"}],"predecessor-version":[{"id":33427,"href":"https:\/\/www.aquilaguna.com\/index.php\/wp-json\/wp\/v2\/posts\/33425\/revisions\/33427"}],"wp:featuredmedia":[{"embeddable":true,"href":"https:\/\/www.aquilaguna.com\/index.php\/wp-json\/wp\/v2\/media\/33426"}],"wp:attachment":[{"href":"https:\/\/www.aquilaguna.com\/index.php\/wp-json\/wp\/v2\/media?parent=33425"}],"wp:term":[{"taxonomy":"category","embeddable":true,"href":"https:\/\/www.aquilaguna.com\/index.php\/wp-json\/wp\/v2\/categories?post=33425"},{"taxonomy":"post_tag","embeddable":true,"href":"https:\/\/www.aquilaguna.com\/index.php\/wp-json\/wp\/v2\/tags?post=33425"}],"curies":[{"name":"wp","href":"https:\/\/api.w.org\/{rel}","templated":true}]}}