{"id":33448,"date":"2026-09-04T18:59:51","date_gmt":"2026-09-05T00:59:51","guid":{"rendered":"https:\/\/www.aquilaguna.com\/?p=33448"},"modified":"2026-09-04T18:59:51","modified_gmt":"2026-09-05T00:59:51","slug":"refrenda-uadec-alianza-estrategica-con-la-colectiva-madres-poderosas-de-la-laguna","status":"publish","type":"post","link":"https:\/\/www.aquilaguna.com\/index.php\/2026\/09\/04\/refrenda-uadec-alianza-estrategica-con-la-colectiva-madres-poderosas-de-la-laguna\/","title":{"rendered":"Refrenda UAdeC Alianza Estrat\u00e9gica con la Colectiva \u201cMadres Poderosas de la Laguna\u201d."},"content":{"rendered":"\n<p class=\"wp-block-paragraph\">TORRE\u00d3N, Coahuila. 4 de septiembre de 2026. La Universidad Aut\u00f3noma de<br>Coahuila a trav\u00e9s de la Coordinaci\u00f3n de Igualdad de G\u00e9nero y el Instituto de<br>Investigaci\u00f3n para el Desarrollo Integral de la Mujer Universitaria (IIDIMU), realiz\u00f3 la<br>firma para la renovaci\u00f3n de la Alianza Estrat\u00e9gica con la Colectiva \u201cMadres<br>Poderosas de la Laguna\u201d, a favor de las hijas e hijos de las v\u00edctimas de feminicidio y<br>las personas cuidadoras adheridas a esta organizaci\u00f3n.<\/p>\n\n\n\n<p class=\"wp-block-paragraph\">Esta firma refrenda el compromiso institucional de la m\u00e1xima casa de estudios en<br>alineaci\u00f3n a sus principios \u00e9ticos de responsabilidad social universitaria, para<br>continuar contribuyendo con las familias que han sido vulneradas en pro de<br>proporcionales alternativas para su desarrollo acad\u00e9mico, profesional y social.<\/p>\n\n\n\n<p class=\"wp-block-paragraph\">El documento fue signado en la Sala de Seminarios del Centro Cultural \u201cBraulio<br>Fern\u00e1ndez Aguirre\u201d de Ciudad Universitaria Campus Torre\u00f3n, por el rector de la<br>m\u00e1xima casa de estudios, Octavio Pimentel Mart\u00ednez y la representante de la<br>colectiva de madres poderosas, Mar\u00eda Elena de la Fuente Cepeda, acompa\u00f1ados<br>por la titular de la Fiscal\u00eda Especializada en Delitos contra las Mujeres y la Ni\u00f1ez en<br>el estado de Coahuila, Katy Salinas P\u00e9rez, la coordinadora de Igualdad de G\u00e9nero,<br>Lorena Medina Bocanegra, el coordinador de Unidad Laguna, Omar Rojas Zapata y<br>funcionariado universitario.<\/p>\n\n\n\n<p class=\"wp-block-paragraph\">En su mensaje, el rector Octavio Pimentel Mart\u00ednez, manifest\u00f3 que se continuar\u00e1 con<br>el apoyo y respaldo a la colectiva \u201cMadres Poderosas de la Laguna\u201d, brindando un<br>acompa\u00f1amiento que trascienda administraciones y se traduzca en hechos<br>concretos, tambi\u00e9n destac\u00f3 que, como instituci\u00f3n p\u00fablica, se tiene la obligaci\u00f3n<br>moral de aportar sus recursos y capacidades para proteger y formar las infancias y<br>juventudes afectadas por la violencia de g\u00e9nero.<\/p>\n\n\n\n<p class=\"wp-block-paragraph\">As\u00ed mismo, refrend\u00f3 el compromiso de la universidad de trabajar en un frente com\u00fan<br>junto al gobierno estatal, las empresas y la sociedad civil para erradicar la violencia y<br>fortalecer la seguridad.<\/p>\n\n\n\n<p class=\"wp-block-paragraph\">Por su parte, la coordinadora de Igual de G\u00e9nero, Lorena Medina Bocanegra,<br>manifest\u00f3 que la renovaci\u00f3n de la alianza estrat\u00e9gica con la colectiva \u201cMadres<br>Poderosas de la Laguna\u201d, representa un convenio institucional orientado a continuar<br>brindando acompa\u00f1amiento integral y mejorar la calidad de vida de 30 familias<br>v\u00edctimas indirectas de feminicidio.<\/p>\n\n\n\n<p class=\"wp-block-paragraph\">Agreg\u00f3 que, la m\u00e1xima casa de estudios, refrenda su compromiso de mantener<br>vigentes los apoyos en inscripciones escolares para los hijos y nietos de las<br>integrantes de la colectiva, garantizando su acceso a la educaci\u00f3n en diversos<br>planteles universitarios, as\u00ed mismo, se ha asumido la responsabilidad social de dar<\/p>\n\n\n\n<p class=\"wp-block-paragraph\">continuidad y optimizar de manera operativa los programas de asistencia vigentes,<br>en coordinaci\u00f3n con dependencias universitarias y centros de justicia del estado.<\/p>\n\n\n\n<p class=\"wp-block-paragraph\">Tambi\u00e9n mencion\u00f3 que como parte de los compromisos tangibles que asume la<br>universidad, se dar\u00e1 continuidad a las brigadas de salud especializada, atenci\u00f3n<br>psicol\u00f3gica y entrega de apoyos asistenciales para los m\u00e1s de 40 menores de edad<br>que integran el padr\u00f3n de la colectiva.<\/p>\n\n\n\n<p class=\"wp-block-paragraph\">Por su parte, la Sra. Mar\u00eda Elena de la Fuente, agradeci\u00f3 a la Universidad Aut\u00f3noma<br>de Coahuila y al rector Octavio Pimentel por el respaldo institucional brindado,<br>reconociendo la cobertura de estudios para los j\u00f3venes, ni\u00f1as y ni\u00f1os en situaci\u00f3n<br>de orfandad.<\/p>\n\n\n\n<p class=\"wp-block-paragraph\">Destac\u00f3 que, para las cuidadoras, en su mayor\u00eda abuelas con dificultades de<br>inserci\u00f3n laboral debido a la edad, este apoyo resulta indispensable para formar<br>hombres y mujeres de bien que se integren con \u00e9xito a la sociedad, tambi\u00e9n se<br>comprometieron a mantener una participaci\u00f3n activa para asegurar que las nuevas<br>generaciones aprovechen estas herramientas educativas, rompiendo con patrones<br>hist\u00f3ricos de sumisi\u00f3n y ense\u00f1ando a las infancias a luchar colectivamente por sus<br>derechos.<\/p>\n\n\n\n<p class=\"wp-block-paragraph\">Cabe se\u00f1alar que, con la renovaci\u00f3n de esta alianza, la Universidad Aut\u00f3noma de<br>Coahuila continuar\u00e1 ofreciendo a las v\u00edctimas indirectas de feminicidio como son las<br>y los hijos, una formaci\u00f3n acad\u00e9mica a nivel bachillerato y universitario de acuerdo<br>con los reglamentos y de forma satisfactoria, adem\u00e1s seguir\u00e1 gestionando el apoyo a<br>trav\u00e9s de los servicios m\u00e9dicos en los hospitales Universitarios e Infantil, Centros<br>Comunitarios y otros que dispongan las facultades de Medicina, Enfermer\u00eda y<br>Ciencias de la Salud.<\/p>\n\n\n\n<p class=\"wp-block-paragraph\">Adem\u00e1s, seguir\u00e1 el apoyo a trav\u00e9s del servicio odontol\u00f3gico en las cl\u00ednicas de las<br>facultades de Odontolog\u00eda, as\u00ed como, el apoyo psicol\u00f3gico por parte de la facultad y<br>escuelas de psicolog\u00eda, tambi\u00e9n mediante el programa Lobos en Acci\u00f3n, con la<br>entrega de despensas, ropa, zapatos, medicamentos, art\u00edculos escolares, acceso a<br>cursos, talleres culturales y cursos de verano recreativos.<\/p>\n\n\n\n<p class=\"wp-block-paragraph\">Por su parte, la Colectiva de Madres Poderosas de la Laguna continuar\u00e1<br>participando cuando se les solicite el apoyo para la difusi\u00f3n de medidas preventivas<br>contra la violencia hacia las mujeres.<\/p>\n","protected":false},"excerpt":{"rendered":"<p>TORRE\u00d3N, Coahuila. 4 de septiembre de 2026. La Universidad Aut\u00f3noma deCoahuila a trav\u00e9s de la Coordinaci\u00f3n de Igualdad de G\u00e9nero y el Instituto deInvestigaci\u00f3n para el Desarrollo Integral de la Mujer Universitaria (IIDIMU), realiz\u00f3 lafirma para la renovaci\u00f3n de la Alianza Estrat\u00e9gica con la Colectiva \u201cMadresPoderosas de la Laguna\u201d, a favor de las hijas e hijos de las v\u00edctimas de feminicidio ylas personas cuidadoras adheridas a esta organizaci\u00f3n. Esta firma&#8230;<\/p>\n","protected":false},"author":1,"featured_media":33449,"comment_status":"closed","ping_status":"","sticky":false,"template":"","format":"standard","meta":{"footnotes":""},"categories":[7,2],"tags":[],"class_list":["post-33448","post","type-post","status-publish","format-standard","has-post-thumbnail","hentry","category-torreon","category-uadec","wpcat-7-id","wpcat-2-id"],"_links":{"self":[{"href":"https:\/\/www.aquilaguna.com\/index.php\/wp-json\/wp\/v2\/posts\/33448","targetHints":{"allow":["GET"]}}],"collection":[{"href":"https:\/\/www.aquilaguna.com\/index.php\/wp-json\/wp\/v2\/posts"}],"about":[{"href":"https:\/\/www.aquilaguna.com\/index.php\/wp-json\/wp\/v2\/types\/post"}],"author":[{"embeddable":true,"href":"https:\/\/www.aquilaguna.com\/index.php\/wp-json\/wp\/v2\/users\/1"}],"replies":[{"embeddable":true,"href":"https:\/\/www.aquilaguna.com\/index.php\/wp-json\/wp\/v2\/comments?post=33448"}],"version-history":[{"count":1,"href":"https:\/\/www.aquilaguna.com\/index.php\/wp-json\/wp\/v2\/posts\/33448\/revisions"}],"predecessor-version":[{"id":33450,"href":"https:\/\/www.aquilaguna.com\/index.php\/wp-json\/wp\/v2\/posts\/33448\/revisions\/33450"}],"wp:featuredmedia":[{"embeddable":true,"href":"https:\/\/www.aquilaguna.com\/index.php\/wp-json\/wp\/v2\/media\/33449"}],"wp:attachment":[{"href":"https:\/\/www.aquilaguna.com\/index.php\/wp-json\/wp\/v2\/media?parent=33448"}],"wp:term":[{"taxonomy":"category","embeddable":true,"href":"https:\/\/www.aquilaguna.com\/index.php\/wp-json\/wp\/v2\/categories?post=33448"},{"taxonomy":"post_tag","embeddable":true,"href":"https:\/\/www.aquilaguna.com\/index.php\/wp-json\/wp\/v2\/tags?post=33448"}],"curies":[{"name":"wp","href":"https:\/\/api.w.org\/{rel}","templated":true}]}}