{"id":33451,"date":"2026-09-04T19:01:23","date_gmt":"2026-09-05T01:01:23","guid":{"rendered":"https:\/\/www.aquilaguna.com\/?p=33451"},"modified":"2026-09-04T19:01:23","modified_gmt":"2026-09-05T01:01:23","slug":"conmemora-cise-de-la-uadec-30-anos-de-la-maestria-en-economia-regional-con-coloquio-academico","status":"publish","type":"post","link":"https:\/\/www.aquilaguna.com\/index.php\/2026\/09\/04\/conmemora-cise-de-la-uadec-30-anos-de-la-maestria-en-economia-regional-con-coloquio-academico\/","title":{"rendered":"Conmemora CISE de la UAdeC 30 A\u00f1os de la Maestr\u00eda en Econom\u00eda Regional con Coloquio Acad\u00e9mico."},"content":{"rendered":"\n<p class=\"wp-block-paragraph\">SALTILLO, Coahuila. 4 de septiembre de 2026. Con una jornada dedicada al an\u00e1lisis<br>de los principales retos econ\u00f3micos y sociales de M\u00e9xico, el Centro de<br>Investigaciones Socioecon\u00f3micas (CISE) de la Universidad Aut\u00f3noma de Coahuila,<br>llev\u00f3 a cabo el Coloquio de Econom\u00eda Regional, encuentro que sirvi\u00f3 tambi\u00e9n como<br>marco para conmemorar el 30 aniversario de la Maestr\u00eda 18 del Doctorado en<br>Econom\u00eda Regional.<\/p>\n\n\n\n<p class=\"wp-block-paragraph\">En la Sala de Seminarios \u201cEmilio J. Talam\u00e1s\u201d, en representaci\u00f3n del rector Octavio<br>Pimentel Mart\u00ednez, asisti\u00f3 el director de Investigaci\u00f3n y Posgrado, Luis Guti\u00e9rrez<br>Flores, acompa\u00f1ado por la coordinadora de la Unidad Sureste, Eva Kerena<br>Hern\u00e1ndez Mart\u00ednez; el director del CISE, Gustavo F\u00e9lix Verduzco, as\u00ed como<br>invitados especiales, investigadores, docentes, estudiantes y egresadas y egresados<br>del programa.<\/p>\n\n\n\n<p class=\"wp-block-paragraph\">En su mensaje de bienvenida, el director del Centro de Investigaciones<br>Socioecon\u00f3micas, Gustavo F\u00e9lix Verduzco, destac\u00f3 la relevancia de conmemorar los<br>30 a\u00f1os de la Maestr\u00eda en Econom\u00eda Regional y los 18 a\u00f1os del Doctorado en<br>Econom\u00eda Regional, programas que han contribuido al estudio de las din\u00e1micas<br>econ\u00f3micas y sociales del norte de M\u00e9xico.<\/p>\n\n\n\n<p class=\"wp-block-paragraph\">Subray\u00f3 que ambos posgrados surgieron con la visi\u00f3n de comprender las<br>desigualdades territoriales y generar conocimiento \u00fatil para atender los retos de las<br>regiones, particularmente de Coahuila, ante fen\u00f3menos como el nearshoring, la<br>transici\u00f3n energ\u00e9tica y la disponibilidad de recursos h\u00eddricos.<\/p>\n\n\n\n<p class=\"wp-block-paragraph\">F\u00e9lix Verduzco reconoci\u00f3 a quienes impulsaron y consolidaron estos programas a lo<br>largo de su historia, as\u00ed como a investigadores, docentes, estudiantes y egresados<br>que han contribuido al prestigio del CISE; a\u00f1os se los posgrados que han formado<br>alrededor de 200 egresados que desempe\u00f1an en los sectores p\u00fablico, productivo y<br>acad\u00e9mico.<\/p>\n\n\n\n<p class=\"wp-block-paragraph\">Por su parte, el director de Investigaci\u00f3n y Posgrado, Luis Guti\u00e9rrez Flores, destac\u00f3<br>que una universidad p\u00fablica tiene la responsabilidad de generar conocimiento que<br>permita comprender y transformar la realidad; por lo que se\u00f1al\u00f3 que, durante 30<br>a\u00f1os, la Maestr\u00eda en Econom\u00eda Regional del CISE ha formado especialistas y<br>generada investigaci\u00f3n sobre las desigualdades y transformaciones econ\u00f3micas y<br>sociales de las regiones.<\/p>\n\n\n\n<p class=\"wp-block-paragraph\">Agreg\u00f3 que, ante los cambios en las cadenas productivas, la tecnolog\u00eda y las<br>ciudades, as\u00ed como los retos de desigualdad y sustentabilidad, la investigaci\u00f3n debe<br>aportar evidencia para anticipar escenarios, apoyar la toma de decisiones y contribuir<br>a la construcci\u00f3n de soluciones para la sociedad.<\/p>\n\n\n\n<p class=\"wp-block-paragraph\">Como parte del programa, el profesor em\u00e9rito y ex rector de la UAdeC, Dr. Alejandro<br>D\u00e1vila Flores ofreci\u00f3 la conferencia magistral \u201cM\u00e1s es Menos\u201d, en la que comparti\u00f3<br>reflexiones y an\u00e1lisis vinculados con la econom\u00eda regional y los desaf\u00edos que<br>enfrenta el pa\u00eds.<\/p>\n\n\n\n<p class=\"wp-block-paragraph\">Posteriormente, se llev\u00f3 a cabo la presentaci\u00f3n de cap\u00edtulos del libro \u201cEstudios de<br>Econom\u00eda Regional Aplicada, Volumen II\u201d, mediante dos mesas de trabajo, los<br>cuales abordaron una amplia variedad de problem\u00e1ticas, entre ellas la productividad<br>y heterogeneidad espacial de la agricultura de riego en el norte de M\u00e9xico, la<br>vulnerabilidad socioambiental y la miner\u00eda en municipios de Zacatecas, el mercado<br>de veh\u00edculos h\u00edbridos y el\u00e9ctricos y el bienestar financiero de los adultos mexicanos,<br>entre otros.<\/p>\n\n\n\n<p class=\"wp-block-paragraph\">La jornada continu\u00f3 con el encuentro \u201cInvestigaci\u00f3n y experiencias de egresadas y<br>egresados\u201d, organizado en tres mesas de trabajo; en este espacio se presentaron<br>investigaciones relacionadas con inteligencia artificial y sistemas de apoyo a<br>decisiones econ\u00f3micas, cadenas de suministro, territorio y empresa, calidad de la<br>vivienda en M\u00e9xico, transporte p\u00fablico gratuito, accidentes automovil\u00edsticos, gasto de<br>los hogares rurales, obesidad infantil, poder corporativo, meritocracia y desigualdad,<br>entre otros temas.<\/p>\n","protected":false},"excerpt":{"rendered":"<p>SALTILLO, Coahuila. 4 de septiembre de 2026. Con una jornada dedicada al an\u00e1lisisde los principales retos econ\u00f3micos y sociales de M\u00e9xico, el Centro deInvestigaciones Socioecon\u00f3micas (CISE) de la Universidad Aut\u00f3noma de Coahuila,llev\u00f3 a cabo el Coloquio de Econom\u00eda Regional, encuentro que sirvi\u00f3 tambi\u00e9n comomarco para conmemorar el 30 aniversario de la Maestr\u00eda 18 del Doctorado enEconom\u00eda Regional. En la Sala de Seminarios \u201cEmilio J. Talam\u00e1s\u201d, en representaci\u00f3n del rector OctavioPimentel&#8230;<\/p>\n","protected":false},"author":1,"featured_media":33452,"comment_status":"closed","ping_status":"","sticky":false,"template":"","format":"standard","meta":{"footnotes":""},"categories":[2],"tags":[],"class_list":["post-33451","post","type-post","status-publish","format-standard","has-post-thumbnail","hentry","category-uadec","wpcat-2-id"],"_links":{"self":[{"href":"https:\/\/www.aquilaguna.com\/index.php\/wp-json\/wp\/v2\/posts\/33451","targetHints":{"allow":["GET"]}}],"collection":[{"href":"https:\/\/www.aquilaguna.com\/index.php\/wp-json\/wp\/v2\/posts"}],"about":[{"href":"https:\/\/www.aquilaguna.com\/index.php\/wp-json\/wp\/v2\/types\/post"}],"author":[{"embeddable":true,"href":"https:\/\/www.aquilaguna.com\/index.php\/wp-json\/wp\/v2\/users\/1"}],"replies":[{"embeddable":true,"href":"https:\/\/www.aquilaguna.com\/index.php\/wp-json\/wp\/v2\/comments?post=33451"}],"version-history":[{"count":1,"href":"https:\/\/www.aquilaguna.com\/index.php\/wp-json\/wp\/v2\/posts\/33451\/revisions"}],"predecessor-version":[{"id":33453,"href":"https:\/\/www.aquilaguna.com\/index.php\/wp-json\/wp\/v2\/posts\/33451\/revisions\/33453"}],"wp:featuredmedia":[{"embeddable":true,"href":"https:\/\/www.aquilaguna.com\/index.php\/wp-json\/wp\/v2\/media\/33452"}],"wp:attachment":[{"href":"https:\/\/www.aquilaguna.com\/index.php\/wp-json\/wp\/v2\/media?parent=33451"}],"wp:term":[{"taxonomy":"category","embeddable":true,"href":"https:\/\/www.aquilaguna.com\/index.php\/wp-json\/wp\/v2\/categories?post=33451"},{"taxonomy":"post_tag","embeddable":true,"href":"https:\/\/www.aquilaguna.com\/index.php\/wp-json\/wp\/v2\/tags?post=33451"}],"curies":[{"name":"wp","href":"https:\/\/api.w.org\/{rel}","templated":true}]}}