{"id":33468,"date":"2026-09-06T11:13:56","date_gmt":"2026-09-06T17:13:56","guid":{"rendered":"https:\/\/www.aquilaguna.com\/?p=33468"},"modified":"2026-09-06T11:13:56","modified_gmt":"2026-09-06T17:13:56","slug":"se-une-uadec-a-la-esperanza-union-y-compromiso-con-la-prevencion-del-suicidio-con-la-caminata-huellas-amarillas","status":"publish","type":"post","link":"https:\/\/www.aquilaguna.com\/index.php\/2026\/09\/06\/se-une-uadec-a-la-esperanza-union-y-compromiso-con-la-prevencion-del-suicidio-con-la-caminata-huellas-amarillas\/","title":{"rendered":"Se Une UAdeC a la Esperanza, Uni\u00f3n y Compromiso con la Prevenci\u00f3n del Suicidio con la Caminata \u201cHuellas Amarillas\u201d."},"content":{"rendered":"\n<p class=\"wp-block-paragraph\">SALTILLO, Coahuila. 6 de septiembre de 2026. La Universidad Aut\u00f3noma de<br>Coahuila, a trav\u00e9s de la Coordinaci\u00f3n de Unidad Sureste y la Coordinaci\u00f3n General<br>de Extensi\u00f3n Universitaria, en colaboraci\u00f3n con el DIF Saltillo, llev\u00f3 a cabo la<br>Caminata \u201cHuellas Amarillas\u201d, como parte de las acciones de sensibilizaci\u00f3n en torno<br>a la prevenci\u00f3n del suicidio.<\/p>\n\n\n\n<p class=\"wp-block-paragraph\">Esta iniciativa forma parte del movimiento internacional \u201cCycle Around the Globe\u201d,<br>promovido por la Asociaci\u00f3n Internacional para la Prevenci\u00f3n del Suicidio (IASP),<br>con la que se busca unir a personas de diferentes lugares del mundo a trav\u00e9s de la<br>actividad f\u00edsica y el registro de las distancias recorridas.<\/p>\n\n\n\n<p class=\"wp-block-paragraph\">La jornada inici\u00f3 en el Bulevar Venustiano Carranza, bajo el puente a desnivel de<br>Luis Echeverr\u00eda, donde las autoridades realizaron el corte de list\u00f3n amarillo que<br>marc\u00f3 el comienzo de la caminata, el rector de la m\u00e1xima casa de estudios, Octavio<br>Pimentel Mart\u00ednez, la coordinadora de Unidad Sureste, Eva Kerena Hern\u00e1ndez<br>Mart\u00ednez y la subcoordinadora de Responsabilidad Social de la Coordinaci\u00f3n<br>General de Extensi\u00f3n Universitaria, Daniela Valdez Barr\u00f3n.<\/p>\n\n\n\n<p class=\"wp-block-paragraph\">Adem\u00e1s, el director general del DIF Saltillo, Alfonso Figueroa Vicu\u00f1a, el coordinador<br>general de Extensi\u00f3n Universitaria, David Hern\u00e1ndez Barrera, funcionariado<br>universitario y directoras y directoras de US.<\/p>\n\n\n\n<p class=\"wp-block-paragraph\">Posteriormente, las y los asistentes recorrieron la ruta hasta llegar a las instalaciones<br>de Rector\u00eda de la UAdeC, donde se llev\u00f3 a cabo una ceremonia de recibimiento,<br>cabe mencionar que cada persona que se sum\u00f3 a esta iniciativa port\u00f3 una playera<br>amarilla como s\u00edmbolo de uni\u00f3n y solidaridad, as\u00ed mismo, guardaron un minuto de<br>silencio en memoria de las personas que ya no est\u00e1n entre nosotros, para honrar su<br>vida y en solidaridad con sus familias, amistades y seres queridos.<\/p>\n\n\n\n<p class=\"wp-block-paragraph\">La bienvenida estuvo a cargo de la subcoordinadora de Responsabilidad Social de la<br>Coordinaci\u00f3n General de Extensi\u00f3n Universitaria, Daniela Valdez Barr\u00f3n, quien<br>coment\u00f3 que, se camin\u00f3 para recordar que cada vida importa y que nadie deber\u00eda de<br>atravesar sus momentos m\u00e1s dif\u00edciles solo, por lo que hablar de este tema es una<br>manera de prevenir y tambi\u00e9n de salvar vidas.<\/p>\n\n\n\n<p class=\"wp-block-paragraph\">Asimismo, dijo que, es fundamental construir una comunidad universitaria donde<br>hablar de salud mental no sea motivo de verg\u00fcenza, sino de valent\u00eda, adem\u00e1s,<br>agradeci\u00f3 al DIF Saltillo, porque al trabajar juntos se lleva un mensaje de esperanza<br>y de aprender a escuchar sin juzgar.<\/p>\n\n\n\n<p class=\"wp-block-paragraph\">Por su parte, el rector de la m\u00e1xima casa de estudios, Octavio Pimentel Mart\u00ednez,<br>se\u00f1al\u00f3 que, en una mandada nadie camina solo, que todos son responsables de los<\/p>\n\n\n\n<p class=\"wp-block-paragraph\">dem\u00e1s, por lo que es fundamental trabajar en equipo para escuchar, atender y<br>acompa\u00f1ar.<\/p>\n\n\n\n<p class=\"wp-block-paragraph\">Por lo anterior, exhort\u00f3 a los presentes a convertirse en un ej\u00e9rcito de atenci\u00f3n,<br>empat\u00eda y acompa\u00f1amiento, porque quienes alzan la voz y se expresan son<br>valientes, por ello, comparti\u00f3 que, uno de los principales compromisos de la<br>Universidad es tener centros comunitarios de atenci\u00f3n a la salud mental en las<br>escuelas y facultades, iniciando a partir del mes de octubre en la Unidad Laguna,<br>para despu\u00e9s hacerlo en la Unidad Sureste y Norte.<\/p>\n\n\n\n<p class=\"wp-block-paragraph\">Mientras que, el director general del DIF Saltillo, Alfonso Figueroa Vicu\u00f1a, comparti\u00f3<br>que desde el DIF se tienen las puertas siempre abiertas para brindar atenci\u00f3n<br>psicol\u00f3gica a quien lo necesite, al tiempo que, agradeci\u00f3 el trabajo en equipo y<br>cercan\u00eda que se tiene con la Universidad Aut\u00f3noma de Coahuila para trabajar en<br>conjunto en temas tan importantes como este.<\/p>\n\n\n\n<p class=\"wp-block-paragraph\">Como parte de la jornada se instalaron diversas estaciones de sensibilizaci\u00f3n, entre<br>ellas \u201cVerdadero o falso\u201d, actividad que permiti\u00f3 identificar y cuestionar algunos de<br>los principales mitos y creencias existentes alrededor del suicidio, promoviendo la<br>reflexi\u00f3n y preparando a los participantes para conocer informaci\u00f3n basada en<br>evidencia.<\/p>\n\n\n\n<p class=\"wp-block-paragraph\">Tambi\u00e9n se habilit\u00f3 la estaci\u00f3n \u201c\u00bfQu\u00e9 dir\u00edas a alguien que est\u00e1 pasando por un mal<br>momento?\u201d, en la que asistentes escribieron mensajes de apoyo y esperanza para<br>integrarlos en un mural colectivo, asimismo, mediante el \u201c\u00c1rbol de participaci\u00f3n\u201d,<br>dejaron su huella como s\u00edmbolo de comunidad, acompa\u00f1amiento y construcci\u00f3n<br>colectiva de redes de cuidado.<\/p>\n\n\n\n<p class=\"wp-block-paragraph\">Al finalizar el recorrido, se entregaron tarjetas de agradecimiento a los participantes,<br>las cuales incluyeron informaci\u00f3n de la L\u00ednea de la Vida como recurso de apoyo y<br>orientaci\u00f3n en salud mental, de esta manera, cada paso dado durante la jornada<br>represent\u00f3 un mensaje de esperanza, uni\u00f3n y compromiso con la prevenci\u00f3n del<br>suicidio, adem\u00e1s de contribuir a fortalecer los v\u00ednculos sociales y las redes de apoyo.<\/p>\n\n\n\n<p class=\"wp-block-paragraph\">Con estas acciones, la Universidad Aut\u00f3noma de Coahuila refrenda su compromiso<br>con el bienestar integral de su comunidad y con la promoci\u00f3n de una cultura de<br>sensibilizaci\u00f3n, acompa\u00f1amiento, solidaridad y cuidado de la vida.<\/p>\n","protected":false},"excerpt":{"rendered":"<p>SALTILLO, Coahuila. 6 de septiembre de 2026. La Universidad Aut\u00f3noma deCoahuila, a trav\u00e9s de la Coordinaci\u00f3n de Unidad Sureste y la Coordinaci\u00f3n Generalde Extensi\u00f3n Universitaria, en colaboraci\u00f3n con el DIF Saltillo, llev\u00f3 a cabo laCaminata \u201cHuellas Amarillas\u201d, como parte de las acciones de sensibilizaci\u00f3n en tornoa la prevenci\u00f3n del suicidio. Esta iniciativa forma parte del movimiento internacional \u201cCycle Around the Globe\u201d,promovido por la Asociaci\u00f3n Internacional para la Prevenci\u00f3n del Suicidio&#8230;<\/p>\n","protected":false},"author":1,"featured_media":33469,"comment_status":"closed","ping_status":"","sticky":false,"template":"","format":"standard","meta":{"footnotes":""},"categories":[2],"tags":[],"class_list":["post-33468","post","type-post","status-publish","format-standard","has-post-thumbnail","hentry","category-uadec","wpcat-2-id"],"_links":{"self":[{"href":"https:\/\/www.aquilaguna.com\/index.php\/wp-json\/wp\/v2\/posts\/33468","targetHints":{"allow":["GET"]}}],"collection":[{"href":"https:\/\/www.aquilaguna.com\/index.php\/wp-json\/wp\/v2\/posts"}],"about":[{"href":"https:\/\/www.aquilaguna.com\/index.php\/wp-json\/wp\/v2\/types\/post"}],"author":[{"embeddable":true,"href":"https:\/\/www.aquilaguna.com\/index.php\/wp-json\/wp\/v2\/users\/1"}],"replies":[{"embeddable":true,"href":"https:\/\/www.aquilaguna.com\/index.php\/wp-json\/wp\/v2\/comments?post=33468"}],"version-history":[{"count":1,"href":"https:\/\/www.aquilaguna.com\/index.php\/wp-json\/wp\/v2\/posts\/33468\/revisions"}],"predecessor-version":[{"id":33470,"href":"https:\/\/www.aquilaguna.com\/index.php\/wp-json\/wp\/v2\/posts\/33468\/revisions\/33470"}],"wp:featuredmedia":[{"embeddable":true,"href":"https:\/\/www.aquilaguna.com\/index.php\/wp-json\/wp\/v2\/media\/33469"}],"wp:attachment":[{"href":"https:\/\/www.aquilaguna.com\/index.php\/wp-json\/wp\/v2\/media?parent=33468"}],"wp:term":[{"taxonomy":"category","embeddable":true,"href":"https:\/\/www.aquilaguna.com\/index.php\/wp-json\/wp\/v2\/categories?post=33468"},{"taxonomy":"post_tag","embeddable":true,"href":"https:\/\/www.aquilaguna.com\/index.php\/wp-json\/wp\/v2\/tags?post=33468"}],"curies":[{"name":"wp","href":"https:\/\/api.w.org\/{rel}","templated":true}]}}