{"id":3373,"date":"2021-07-16T19:11:48","date_gmt":"2021-07-17T00:11:48","guid":{"rendered":"https:\/\/www.aquilaguna.com\/?p=3373"},"modified":"2021-07-16T19:11:48","modified_gmt":"2021-07-17T00:11:48","slug":"ciclo-escolar-de-educacion-basica-iniciara-el-23-e-agosto","status":"publish","type":"post","link":"https:\/\/www.aquilaguna.com\/index.php\/2021\/07\/16\/ciclo-escolar-de-educacion-basica-iniciara-el-23-e-agosto\/","title":{"rendered":"Ciclo escolar de educaci\u00f3n b\u00e1sica iniciar\u00e1 el 23 e agosto."},"content":{"rendered":"\n<p>Torre\u00f3n, Coahuila.- Firme, la fecha marcada para el\u00a0 inicio\u00a0 de clases en el sistema\u00a0 educativo que comprende los ciclos de preescolar,\u00a0 primaria y media superior\u00a0 afirm\u00f3 este d\u00eda la Coordinadora Regional de Servicios Educativos para la Zona Lagunera, Maestra Flor Esthela Renter\u00eda Medina.\u00a0<\/p>\n\n\n\n<p>As\u00ed mismo, se encuentra ya en marcha , la operaci\u00f3n de los Cursos de Verano a realizarse en lo que fuera\u00a0 el tiempo destinado a periodo vacacional, pero\u00a0 que se orden\u00f3 operar\u00a0 \u00e9ste mismo mes de agosto, con el objetivo de adelantar \u00a0 estrategias\u00a0 destinadas a abatir el rezago que genera la pandemia \u00a0 en los planes de estudio en los estudiantes,  j\u00f3venes y ni\u00f1os.<\/p>\n\n\n\n<p>Indic\u00f3\u00a0 la funcionaria estatal que, &#8221;el ciclo escolar \u00a0 para el 21\/22\u00a0 tiene como fecha de arranque el d\u00eda 23 de agosto pr\u00f3ximo, y la Mesa de Educaci\u00f3n determin\u00f3\u00a0 trabajar con mas escuelas, si bien este aun no se esta definido, y con base en la proyecci\u00f3n que se hizo hace algunas semanas, tras aplicarse una encuesta entre todos los directivos de los planteles escolares de Coahuila \u00a0 por parte del Gobierno del Estado,\u00a0 para conocer de primera mano,\u00a0 las necesidades que\u00a0 enfrenten por ahora las instituciones educativas y atenderlas para poder estar en condiciones de recibir alumnos\u00a0 a partir del\u00a0 mencionado d\u00eda del mes de agosto pr\u00f3ximo&#8221;.<\/p>\n\n\n\n<p>Todav\u00eda, afirm\u00f3, &#8221;en este momento no sabemos cuantas instituciones educativas est\u00e1n en condiciones de recibir a sus alumnos, pero\u00a0 aproximadamente este n\u00famero\u00a0 se estima que alcance entre un 40 y 50% si tiene condiciones para operar en inminente ciclo escolar en puerta&#8221;.\u00a0<\/p>\n\n\n\n<p>\u00a0La consulta mencionada se inici\u00f3 desde el pasado\u00a0 22 de junio, &#8221;y se ha enviado\u00a0 ya toda esa informaci\u00f3n\u00a0 recabada a la Subsecretaria de Planeaci\u00f3n. Y esta, junto con la Subsecretar\u00eda de Infraestructura y el ISIFER,\u00a0 formaron parte de la Mesa a la cual el Gobernador Riquelme Solis gir\u00f3 instrucciones de atender\u00a0 para satisfacer\u00a0 todas las \u00a0 necesidades\u00a0 y problem\u00e1ticas que\u00a0 ah\u00ed quedaron planteadas\u00a0 en este tema y estar en condiciones el pr\u00f3ximo mes de agosto de\u00a0 hacer posible el retorno \u00a0 del mayor n\u00famero de escuelas a sus actividades&#8221;.<\/p>\n\n\n\n<p>Esa informaci\u00f3n, dijo la funcionaria, &#8221;ya se analiz\u00f3, incluso ya se clasificaron las escuelas con base en\u00a0 sus necesidades y con base en ello\u00a0 se ha\u00a0 estimado que aproximadamente el 40% de los planteles oficiales en Coahuila, tienen las condiciones indispensables para recibir de nueva cuenta a los educandos de los ciclos mencionados&#8221;.<\/p>\n\n\n\n<p>Enlist\u00f3 que, &#8221;en este\u00a0 40% se encuentran planteles que solo requieren tareas de mantenimiento, menor\u00a0 limpieza, descombro y\u00a0 mejoramiento de sus \u00e1reas \u00a0 verdes, etc., pero ser\u00e1 en la Mesa de Educaci\u00f3n donde cada semana se analiza\u00a0 el tema\u00a0 y ah\u00ed se estar\u00e1n tomando las decisiones&#8221;.<\/p>\n\n\n\n<p>&#8221;Por lo\u00a0que seguimos en Sem\u00e1foro Verde y el compromiso y recomendaci\u00f3n que hace el Gobernador es que todos cuidemos que tal sem\u00e1foro contin\u00fae\u00a0 bajo tal color , siendo corresponsables del cuidarnos y no relajar \u00a0 las medidas de prevenci\u00f3n que impone la pandemia&#8221;.<\/p>\n\n\n\n<p><strong>ESCUELAS DE VERANO.<\/strong><\/p>\n\n\n\n<p>Esta iniciativa del Gobierno de Coahuila\u00a0 para volver\u00a0 a trabajar en este contexto, a trav\u00e9s de otro Plan Piloto \u00a0 con la \u00a0 operaci\u00f3n de Escuelas de Verano.<\/p>\n\n\n\n<p>Aqu\u00ed\u00a0 en la Regi\u00f3n laguna, dijo la funcionaria, &#8221;tendremos tres,\u00a0 una localizada en la escuela Lucio Blanco, otra mas en\u00a0 la Secundaria General N\u00famero 12\u00a0 \u00a0 y\u00a0 en el ciclo preescolar,\u00a0 en\u00a0 la Escuela Isidora Dom\u00ednguez, en la vecina poblaci\u00f3n de\u00a0 Matamoros&#8221;.<\/p>\n\n\n\n<p>&#8221;En estas escuelas estar\u00e1n trabajando en el verano, con todo el protocolo vigente,\u00a0 las medidas de salud, incluso\u00a0 ayer\u00a0 termino la capacitaci\u00f3n a los docentes, se establecieron lineamientos y las actividades a l\u00fadicas a realizar, que aborden en especial el tema socioemocional con sus alumnos, algunos d\u00edas estar\u00e1n viendo deportes, cultura, m\u00fasica, actividades divertidas, que la vez lleven\u00a0 el objetivo de fijar un aprendizaje a trav\u00e9s de la diversi\u00f3n, del juego&#8221;.<\/p>\n\n\n\n<p>Reconoci\u00f3 \u00a0 el respaldo que a \u00e9ste esfuerzo\u00a0 para estas actividades esta proporcionado,\u00a0 dotando a los participantes de material\u00a0 educativo, de los insumos\u00a0 para para prevenir la pandemia, como es el caso de geles, alcoholes, \u00a0 jabones desinfectantes, etc.<\/p>\n\n\n\n<p>En cuanto a la disposici\u00f3n del sector magisterial, &#8221;ellos son sin duda factor que\u00a0 apoya la reactivaci\u00f3n educativa, con su gran coordinaci\u00f3n con las Secciones 35 y 38 del SNTE sumados no solo a estas tares, sino tambi\u00e9n en su acompa\u00f1amiento a las escuelas, como tambi\u00e9n \u00a0 han dotado de algunos insumos a los maestros participantes&#8221;.<\/p>\n\n\n\n<p>Afirm\u00f3 que, &#8221;ha habido una gran participaci\u00f3n. Un gran compromiso, haciendo posible trabajar en equipo, elemento indispensable para lograr un balance positivo, como el que hemos tenido en el Programa Piloto que marc\u00f3 el reinicio de actividades escolares\u00a0 que hab\u00eda impuesto en pausa\u00a0 la pandemia del Virus Covid-19&#8221;.<\/p>\n","protected":false},"excerpt":{"rendered":"<p>Torre\u00f3n, Coahuila.- Firme, la fecha marcada para el\u00a0 inicio\u00a0 de clases en el sistema\u00a0 educativo que comprende los ciclos de preescolar,\u00a0 primaria y media superior\u00a0 afirm\u00f3 este d\u00eda la Coordinadora Regional de Servicios Educativos para la Zona Lagunera, Maestra Flor Esthela Renter\u00eda Medina.\u00a0 As\u00ed mismo, se encuentra ya en marcha , la operaci\u00f3n de los Cursos de Verano a realizarse en lo que fuera\u00a0 el tiempo destinado a periodo vacacional,&#8230;<\/p>\n","protected":false},"author":2,"featured_media":0,"comment_status":"closed","ping_status":"","sticky":false,"template":"","format":"standard","meta":{"footnotes":""},"categories":[5,9,28,7],"tags":[],"class_list":["post-3373","post","type-post","status-publish","format-standard","hentry","category-coahuila","category-educacion","category-la-laguna","category-torreon","wpcat-5-id","wpcat-9-id","wpcat-28-id","wpcat-7-id"],"_links":{"self":[{"href":"https:\/\/www.aquilaguna.com\/index.php\/wp-json\/wp\/v2\/posts\/3373","targetHints":{"allow":["GET"]}}],"collection":[{"href":"https:\/\/www.aquilaguna.com\/index.php\/wp-json\/wp\/v2\/posts"}],"about":[{"href":"https:\/\/www.aquilaguna.com\/index.php\/wp-json\/wp\/v2\/types\/post"}],"author":[{"embeddable":true,"href":"https:\/\/www.aquilaguna.com\/index.php\/wp-json\/wp\/v2\/users\/2"}],"replies":[{"embeddable":true,"href":"https:\/\/www.aquilaguna.com\/index.php\/wp-json\/wp\/v2\/comments?post=3373"}],"version-history":[{"count":1,"href":"https:\/\/www.aquilaguna.com\/index.php\/wp-json\/wp\/v2\/posts\/3373\/revisions"}],"predecessor-version":[{"id":3374,"href":"https:\/\/www.aquilaguna.com\/index.php\/wp-json\/wp\/v2\/posts\/3373\/revisions\/3374"}],"wp:attachment":[{"href":"https:\/\/www.aquilaguna.com\/index.php\/wp-json\/wp\/v2\/media?parent=3373"}],"wp:term":[{"taxonomy":"category","embeddable":true,"href":"https:\/\/www.aquilaguna.com\/index.php\/wp-json\/wp\/v2\/categories?post=3373"},{"taxonomy":"post_tag","embeddable":true,"href":"https:\/\/www.aquilaguna.com\/index.php\/wp-json\/wp\/v2\/tags?post=3373"}],"curies":[{"name":"wp","href":"https:\/\/api.w.org\/{rel}","templated":true}]}}