{"id":3375,"date":"2021-07-18T19:15:15","date_gmt":"2021-07-19T00:15:15","guid":{"rendered":"https:\/\/www.aquilaguna.com\/?p=3375"},"modified":"2021-07-18T19:16:19","modified_gmt":"2021-07-19T00:16:19","slug":"gobierno-del-estado-informa","status":"publish","type":"post","link":"https:\/\/www.aquilaguna.com\/index.php\/2021\/07\/18\/gobierno-del-estado-informa\/","title":{"rendered":"Gobierno del Estado informa."},"content":{"rendered":"\n<p>Torre\u00f3n, Coahuila de Zaragoza; a 18 de Julio de 2021.- La Subsecretar\u00eda de Protecci\u00f3n Civil del Estado informa que, resultado de las lluvias que han ca\u00eddo en las \u00faltimas horas en la regi\u00f3n, se espera una creciente para esta tarde en los niveles del R\u00edo Aguanaval.<\/p>\n\n\n\n<p>Protecci\u00f3n Civil comunica que actualmente vienen rodando 85 metros c\u00fabicos por segundo por el cauce de este r\u00edo, mismo que se espera su llegada al medio d\u00eda a la zona de los municipios de La Laguna, y se espera la creciente aproximada de 120 mts3\/seg. por la tarde.<\/p>\n\n\n\n<p>Elementos de PC del Estado y de los municipios de esta regi\u00f3n se encuentran en vigilancia constante del R\u00edo Aguanaval, y los alcaldes de estos municipios ya est\u00e1n alertados de este hecho para tomar las medidas de prevenci\u00f3n pertinentes.<\/p>\n","protected":false},"excerpt":{"rendered":"<p>Torre\u00f3n, Coahuila de Zaragoza; a 18 de Julio de 2021.- La Subsecretar\u00eda de Protecci\u00f3n Civil del Estado informa que, resultado de las lluvias que han ca\u00eddo en las \u00faltimas horas en la regi\u00f3n, se espera una creciente para esta tarde en los niveles del R\u00edo Aguanaval. Protecci\u00f3n Civil comunica que actualmente vienen rodando 85 metros c\u00fabicos por segundo por el cauce de este r\u00edo, mismo que se espera su llegada&#8230;<\/p>\n","protected":false},"author":1,"featured_media":0,"comment_status":"closed","ping_status":"closed","sticky":false,"template":"","format":"standard","meta":{"footnotes":""},"categories":[5,15,28,54,24],"tags":[],"class_list":["post-3375","post","type-post","status-publish","format-standard","hentry","category-coahuila","category-gobierno-de-coahuila","category-la-laguna","category-proteccion-civil","category-seguridad","wpcat-5-id","wpcat-15-id","wpcat-28-id","wpcat-54-id","wpcat-24-id"],"_links":{"self":[{"href":"https:\/\/www.aquilaguna.com\/index.php\/wp-json\/wp\/v2\/posts\/3375","targetHints":{"allow":["GET"]}}],"collection":[{"href":"https:\/\/www.aquilaguna.com\/index.php\/wp-json\/wp\/v2\/posts"}],"about":[{"href":"https:\/\/www.aquilaguna.com\/index.php\/wp-json\/wp\/v2\/types\/post"}],"author":[{"embeddable":true,"href":"https:\/\/www.aquilaguna.com\/index.php\/wp-json\/wp\/v2\/users\/1"}],"replies":[{"embeddable":true,"href":"https:\/\/www.aquilaguna.com\/index.php\/wp-json\/wp\/v2\/comments?post=3375"}],"version-history":[{"count":1,"href":"https:\/\/www.aquilaguna.com\/index.php\/wp-json\/wp\/v2\/posts\/3375\/revisions"}],"predecessor-version":[{"id":3376,"href":"https:\/\/www.aquilaguna.com\/index.php\/wp-json\/wp\/v2\/posts\/3375\/revisions\/3376"}],"wp:attachment":[{"href":"https:\/\/www.aquilaguna.com\/index.php\/wp-json\/wp\/v2\/media?parent=3375"}],"wp:term":[{"taxonomy":"category","embeddable":true,"href":"https:\/\/www.aquilaguna.com\/index.php\/wp-json\/wp\/v2\/categories?post=3375"},{"taxonomy":"post_tag","embeddable":true,"href":"https:\/\/www.aquilaguna.com\/index.php\/wp-json\/wp\/v2\/tags?post=3375"}],"curies":[{"name":"wp","href":"https:\/\/api.w.org\/{rel}","templated":true}]}}