{"id":3405,"date":"2021-07-19T20:08:58","date_gmt":"2021-07-20T01:08:58","guid":{"rendered":"https:\/\/www.aquilaguna.com\/?p=3405"},"modified":"2021-07-19T20:22:06","modified_gmt":"2021-07-20T01:22:06","slug":"anuncian-cuatro-clinicas-de-recuperacion-para-pacientes-postcovid","status":"publish","type":"post","link":"https:\/\/www.aquilaguna.com\/index.php\/2021\/07\/19\/anuncian-cuatro-clinicas-de-recuperacion-para-pacientes-postcovid\/","title":{"rendered":"Anuncian cuatro cl\u00ednicas de recuperaci\u00f3n para pacientes postcovid."},"content":{"rendered":"\n<p>Torre\u00f3n, Coahuila.- Coahuila&nbsp; contar\u00e1 con cuatro Cl\u00ednicas de Recuperaci\u00f3n &nbsp; para&nbsp; pacientes&nbsp; con secuelas que en su salud&nbsp; les haya generado&nbsp; tras haber padecido &nbsp; Covid-19, anunci\u00f3 \u00e9ste d\u00eda, el Gobernador Miguel&nbsp; Angel Riquelme Solis. Las unidades citadas&nbsp; estar\u00e1n ubicados en las cabeceras municipales de Torre\u00f3n, Saltillo, Piedras Negras y Monclova.<\/p>\n\n\n\n<p>En propuesta presentada este d\u00eda ante el SubComit\u00e9, que habr\u00e1 de decidir al respecto y fijar las condiciones&nbsp; para su operaci\u00f3n.&nbsp;<\/p>\n\n\n\n<p>Estos centros&nbsp; tendr\u00e1n como objetivo dar seguimiento a pacientes postcovid, que presentan diversas sintomatolog\u00edas,&nbsp; que generan en afectaciones a su salud, luego de haber superado el contagio.&nbsp;<\/p>\n\n\n\n<p>La presencia de patolog\u00edas imputables a secuelas&nbsp; que deja la presencia del Covid en las personas que lo padecieron ser\u00e1n objeto de seguimiento que permita&nbsp; aumentar experiencias y conocimientos que deber\u00e1n enfrentarse por el sector m\u00e9dico&nbsp; y de investigaci\u00f3n&nbsp; para&nbsp; la b\u00fasqueda de su remediaci\u00f3n.&nbsp;<\/p>\n\n\n\n<p><strong>&nbsp;CERTIFICADO DE VACUNACI\u00d3N.<\/strong><\/p>\n\n\n\n<p>Ser\u00e1 el pr\u00f3ximo lunes cuando se presente&nbsp; ante la opini\u00f3n p\u00fablica y&nbsp; los Medios de Comunicaci\u00f3n y un programa paulatino&nbsp; de vacunaci\u00f3n a los&nbsp; j\u00f3venes&nbsp; con edades comprendidas &nbsp; entre los 20 y los 29 a{os de edad&nbsp; y a adultos&nbsp; cuyas edades fluct\u00faen entre los 30 y 39 a\u00f1os de vida,&nbsp; &#8221;para alcanzar su vacunaci\u00f3n de una manera mas r\u00e1pida y expedita en coordinaci\u00f3n con el gobierno&nbsp; federal, tiende&nbsp; a la obtenci\u00f3n de un Certificado de Vacunaci\u00f3n&nbsp; para que estos puedan ingresa&nbsp; a antros, estadios, a actividades culturales y deportivas&#8221;.<\/p>\n\n\n\n<p>Este certificado no se&nbsp; exigir\u00e1 por ahora sino hasta que avance la vacunaci\u00f3n de ese segmento de la poblaci\u00f3n, con las dosis de vacunas necesarios y sus esquemas de aplicaci\u00f3n que en Coahuila se estima.<\/p>\n\n\n\n<p>Nos preocupa, afirm\u00f3, &#8221;que si bien es cierto que los indicadores&nbsp; de letalidad,&nbsp; est\u00e1n estables, pero es tambi\u00e9n que lo decesos que se han presentando &nbsp; se registran en pacientes entre los 20 y 29, de ah\u00ed que \u00e9ste sector de la poblaci\u00f3n les est\u00e1 afectando la falta de vacuna&nbsp; 30 y 39 a\u00f1os de edad&#8221;.&nbsp;<\/p>\n\n\n\n<p>&#8221;Tendremos que trabajar para que al final de cuentas en Coahuila, se exijan&nbsp; el certificado de vacunaci\u00f3n para ingresar en algunos lugares, garantizando  los derechos humanos y todo lo que&nbsp; esto merece por ley, pero si tendiente a que nuestros j\u00f3venes&nbsp; puedan acudir a vacunarse&#8221;.<\/p>\n","protected":false},"excerpt":{"rendered":"<p>Torre\u00f3n, Coahuila.- Coahuila&nbsp; contar\u00e1 con cuatro Cl\u00ednicas de Recuperaci\u00f3n &nbsp; para&nbsp; pacientes&nbsp; con secuelas que en su salud&nbsp; les haya generado&nbsp; tras haber padecido &nbsp; Covid-19, anunci\u00f3 \u00e9ste d\u00eda, el Gobernador Miguel&nbsp; Angel Riquelme Solis. Las unidades citadas&nbsp; estar\u00e1n ubicados en las cabeceras municipales de Torre\u00f3n, Saltillo, Piedras Negras y Monclova. En propuesta presentada este d\u00eda ante el SubComit\u00e9, que habr\u00e1 de decidir al respecto y fijar las condiciones&nbsp; para&#8230;<\/p>\n","protected":false},"author":2,"featured_media":0,"comment_status":"closed","ping_status":"","sticky":false,"template":"","format":"standard","meta":{"footnotes":""},"categories":[5,4,15,14],"tags":[],"class_list":["post-3405","post","type-post","status-publish","format-standard","hentry","category-coahuila","category-covid","category-gobierno-de-coahuila","category-salud","wpcat-5-id","wpcat-4-id","wpcat-15-id","wpcat-14-id"],"_links":{"self":[{"href":"https:\/\/www.aquilaguna.com\/index.php\/wp-json\/wp\/v2\/posts\/3405","targetHints":{"allow":["GET"]}}],"collection":[{"href":"https:\/\/www.aquilaguna.com\/index.php\/wp-json\/wp\/v2\/posts"}],"about":[{"href":"https:\/\/www.aquilaguna.com\/index.php\/wp-json\/wp\/v2\/types\/post"}],"author":[{"embeddable":true,"href":"https:\/\/www.aquilaguna.com\/index.php\/wp-json\/wp\/v2\/users\/2"}],"replies":[{"embeddable":true,"href":"https:\/\/www.aquilaguna.com\/index.php\/wp-json\/wp\/v2\/comments?post=3405"}],"version-history":[{"count":2,"href":"https:\/\/www.aquilaguna.com\/index.php\/wp-json\/wp\/v2\/posts\/3405\/revisions"}],"predecessor-version":[{"id":3409,"href":"https:\/\/www.aquilaguna.com\/index.php\/wp-json\/wp\/v2\/posts\/3405\/revisions\/3409"}],"wp:attachment":[{"href":"https:\/\/www.aquilaguna.com\/index.php\/wp-json\/wp\/v2\/media?parent=3405"}],"wp:term":[{"taxonomy":"category","embeddable":true,"href":"https:\/\/www.aquilaguna.com\/index.php\/wp-json\/wp\/v2\/categories?post=3405"},{"taxonomy":"post_tag","embeddable":true,"href":"https:\/\/www.aquilaguna.com\/index.php\/wp-json\/wp\/v2\/tags?post=3405"}],"curies":[{"name":"wp","href":"https:\/\/api.w.org\/{rel}","templated":true}]}}