{"id":3426,"date":"2021-07-20T19:16:21","date_gmt":"2021-07-21T00:16:21","guid":{"rendered":"https:\/\/www.aquilaguna.com\/?p=3426"},"modified":"2021-07-20T19:16:22","modified_gmt":"2021-07-21T00:16:22","slug":"archivo-municipal-recibe-a-la-asociacion-de-cronistas-de-coahuila-y-durango","status":"publish","type":"post","link":"https:\/\/www.aquilaguna.com\/index.php\/2021\/07\/20\/archivo-municipal-recibe-a-la-asociacion-de-cronistas-de-coahuila-y-durango\/","title":{"rendered":"Archivo Municipal recibe a la Asociaci\u00f3n de Cronistas de Coahuila y Durango."},"content":{"rendered":"\n<p>Este mi\u00e9rcoles 21 de julio el Archivo Municipal de Torre\u00f3n ser\u00e1 sede de la reuni\u00f3n que celebrar\u00e1 la Asociaci\u00f3n de Cronistas e Historiadores de Coahuila y Durango a las 10:30 horas, con la finalidad de realizar el cambio de su presidencia.<\/p>\n\n\n\n<p>Actualmente se desempe\u00f1a como presidenta Elvia Guadalupe Morales Garc\u00eda, del municipio de Parras y tomar\u00e1 el cargo Carmen Luj\u00e1n de Velarde\u00f1a, Durango, informaron los organizadores.<\/p>\n\n\n\n<p>La Asociaci\u00f3n de Cronistas se integra por 11 especialistas en el tema, as\u00ed como personal adjunto, de los municipios de Torre\u00f3n, Viesca, Matamoros, Parras por el estado de Coahuila; G\u00f3mez Palacio, Lerdo, Velarde\u00f1a, Pedrice\u00f1a, Cuencam\u00e9 y Ciudad Ju\u00e1rez por el estado de Durango, entre otros.<\/p>\n\n\n\n<p>El director del Archivo, Carlos Casta\u00f1\u00f3n Cuadros, afirm\u00f3 que esta instituci\u00f3n abre sus puertas a todos los cronistas e historiadores de la regi\u00f3n y el pa\u00eds, como parte de su objetivo que es preservar la memoria hist\u00f3rica de Torre\u00f3n y La Laguna. En a\u00f1os anteriores tambi\u00e9n han sesionado los cronistas en estas instalaciones.<\/p>\n","protected":false},"excerpt":{"rendered":"<p>Este mi\u00e9rcoles 21 de julio el Archivo Municipal de Torre\u00f3n ser\u00e1 sede de la reuni\u00f3n que celebrar\u00e1 la Asociaci\u00f3n de Cronistas e Historiadores de Coahuila y Durango a las 10:30 horas, con la finalidad de realizar el cambio de su presidencia. Actualmente se desempe\u00f1a como presidenta Elvia Guadalupe Morales Garc\u00eda, del municipio de Parras y tomar\u00e1 el cargo Carmen Luj\u00e1n de Velarde\u00f1a, Durango, informaron los organizadores. La Asociaci\u00f3n de Cronistas&#8230;<\/p>\n","protected":false},"author":1,"featured_media":0,"comment_status":"closed","ping_status":"closed","sticky":false,"template":"","format":"standard","meta":{"footnotes":""},"categories":[5,12,37,28,7],"tags":[],"class_list":["post-3426","post","type-post","status-publish","format-standard","hentry","category-coahuila","category-cultura","category-historia","category-la-laguna","category-torreon","wpcat-5-id","wpcat-12-id","wpcat-37-id","wpcat-28-id","wpcat-7-id"],"_links":{"self":[{"href":"https:\/\/www.aquilaguna.com\/index.php\/wp-json\/wp\/v2\/posts\/3426","targetHints":{"allow":["GET"]}}],"collection":[{"href":"https:\/\/www.aquilaguna.com\/index.php\/wp-json\/wp\/v2\/posts"}],"about":[{"href":"https:\/\/www.aquilaguna.com\/index.php\/wp-json\/wp\/v2\/types\/post"}],"author":[{"embeddable":true,"href":"https:\/\/www.aquilaguna.com\/index.php\/wp-json\/wp\/v2\/users\/1"}],"replies":[{"embeddable":true,"href":"https:\/\/www.aquilaguna.com\/index.php\/wp-json\/wp\/v2\/comments?post=3426"}],"version-history":[{"count":1,"href":"https:\/\/www.aquilaguna.com\/index.php\/wp-json\/wp\/v2\/posts\/3426\/revisions"}],"predecessor-version":[{"id":3427,"href":"https:\/\/www.aquilaguna.com\/index.php\/wp-json\/wp\/v2\/posts\/3426\/revisions\/3427"}],"wp:attachment":[{"href":"https:\/\/www.aquilaguna.com\/index.php\/wp-json\/wp\/v2\/media?parent=3426"}],"wp:term":[{"taxonomy":"category","embeddable":true,"href":"https:\/\/www.aquilaguna.com\/index.php\/wp-json\/wp\/v2\/categories?post=3426"},{"taxonomy":"post_tag","embeddable":true,"href":"https:\/\/www.aquilaguna.com\/index.php\/wp-json\/wp\/v2\/tags?post=3426"}],"curies":[{"name":"wp","href":"https:\/\/api.w.org\/{rel}","templated":true}]}}