{"id":3432,"date":"2021-07-20T19:43:06","date_gmt":"2021-07-21T00:43:06","guid":{"rendered":"https:\/\/www.aquilaguna.com\/?p=3432"},"modified":"2021-07-20T19:43:06","modified_gmt":"2021-07-21T00:43:06","slug":"surge-movimiento-para-refundar-pri","status":"publish","type":"post","link":"https:\/\/www.aquilaguna.com\/index.php\/2021\/07\/20\/surge-movimiento-para-refundar-pri\/","title":{"rendered":"Surge movimiento para refundar PRI."},"content":{"rendered":"\n<p>Torre\u00f3n, Coahuila.- Surge, en la capital del pa\u00eds, y encabezada por\u00a0 el Licenciado Fernando Lerdo de Tejada,\u00a0 una &#8221;Plataforma&#8221;\u00a0 para la Refundaci\u00f3n del Partido Revolucionario Institucional, seg\u00fan convocatoria expresa hecha circular en la cuenta de Twitter de \u00a0 quien fuera, en el sexenio de Ernesto Zedillo\u00a0 el\u00a0 vocero presidencial\u00a0 adem\u00e1s de Procurador Federal del Consumidor.<\/p>\n\n\n\n<p>Como objetivo primario de esta acci\u00f3n pol\u00edtica, exigen la renuncia del dirigente Alejandro Moreno Camacho y la Secretaria General del Comit\u00e9 Ejecutivo\u00a0 Carolina Viggiano,\u00a0 bajo el argumento\u00a0 de que\u00a0 ellos y el resto de miembros del comit\u00e9 nacional que resultaron ser\u00a0 diputados plurinominales\u00a0 en la pr\u00f3xima legislatura\u00a0 deben de serlo de tiempo completo \u00a0 para que se aboquen a la exclusiva\u00a0 atenci\u00f3n,\u00a0 de esa responsabilidad en el Congreso.<\/p>\n\n\n\n<p>Exigen luego,\u00a0 la convocatoria a una Asamblea Nacional\u00a0 con el objeto de refundar\u00a0 a ese organismo partidista.<\/p>\n\n\n\n<p>Estamos, afirman, &#8221;a la modernizaci\u00f3n\u00a0 y al fortalecimiento\u00a0 de nuestro partido, a los que quieran erradicar la corrupci\u00f3n \u00a0 de nuestras filas, donde ya no deben caber\u00a0 colas largas\u00a0 que nos pongan limitaciones\u00a0 en lo que nosotros, pensamos&#8221;.<\/p>\n\n\n\n<p>&#8221;No estamos contra Alito&#8221;,\u00a0 dicen, &#8221;nuestra lucha no es para dividir o para que nos compren&#8221;.<\/p>\n\n\n\n<p>&#8221;Somos un grupo sin ataduras\u00a0 a personaje\u00a0 pol\u00edtico alguno. Nuestra historia,\u00a0 y dignidad\u00a0 nos refrendan&#8221;.<\/p>\n\n\n\n<p>Creamos, afirmaron, &#8221;esta Plataforma con el prop\u00f3sito de evitar la entrega\u00a0 de nuestro Partido, a AMLO&#8221;.\u00a0<\/p>\n\n\n\n<p>El llamado aparecido en tal sitio,\u00a0 a las 1:15 horas de este fecha,\u00a0 precediendo a la\u00a0 rueda de prensa celebrada en la capital del pa\u00eds,\u00a0 esta misma ma\u00f1ana en donde se dieron a conocer los motivos\u00a0 que justifican este movimiento al interior de las filas del Tricolor y del que hace eco la prensa nacional.<\/p>\n\n\n\n<p><strong>ALITO EN TORREON.<\/strong><\/p>\n\n\n\n<p>Seg\u00fan comunicado oficial, el dirigente nacional del Partido Revolucionario Institucional, realiz\u00f3 una visita de trabajo en esta ciudad, procedente de la capital del Estado, acompa\u00f1ado del dirigente estatal ingeniero\u00a0 Rodrigo Fuentes Avila y el Secretario de organizaci\u00f3n\u00a0 del CDE, diputado Alvaro Moreira, habi\u00e9ndose reunido con la dirigencia y\u00a0 la militancia\u00a0 pri\u00edsta lagunera.<\/p>\n\n\n\n<p>El objetivo,&nbsp; no&nbsp; fue&nbsp; otro&nbsp; que el de &nbsp; fortalecer&nbsp; la unidad y&nbsp; reconocer el trabajo&nbsp; y los frutos alcanzados por el pr\u00edismo &nbsp; en los pasados comicios federales y reiterar&nbsp; la participaci\u00f3n en las tareas &nbsp; partidistas que se avecinan.<\/p>\n\n\n\n<p>La presencia del dirigente nacional no fue \u00a0 dada\u00a0 a conocer a los Medios y solo trascendi\u00f3 cuando el visitante ya hab\u00eda abandonado la regi\u00f3n.<\/p>\n","protected":false},"excerpt":{"rendered":"<p>Torre\u00f3n, Coahuila.- Surge, en la capital del pa\u00eds, y encabezada por\u00a0 el Licenciado Fernando Lerdo de Tejada,\u00a0 una &#8221;Plataforma&#8221;\u00a0 para la Refundaci\u00f3n del Partido Revolucionario Institucional, seg\u00fan convocatoria expresa hecha circular en la cuenta de Twitter de \u00a0 quien fuera, en el sexenio de Ernesto Zedillo\u00a0 el\u00a0 vocero presidencial\u00a0 adem\u00e1s de Procurador Federal del Consumidor. Como objetivo primario de esta acci\u00f3n pol\u00edtica, exigen la renuncia del dirigente Alejandro Moreno Camacho&#8230;<\/p>\n","protected":false},"author":2,"featured_media":0,"comment_status":"closed","ping_status":"","sticky":false,"template":"","format":"standard","meta":{"footnotes":""},"categories":[5,16],"tags":[],"class_list":["post-3432","post","type-post","status-publish","format-standard","hentry","category-coahuila","category-pri","wpcat-5-id","wpcat-16-id"],"_links":{"self":[{"href":"https:\/\/www.aquilaguna.com\/index.php\/wp-json\/wp\/v2\/posts\/3432","targetHints":{"allow":["GET"]}}],"collection":[{"href":"https:\/\/www.aquilaguna.com\/index.php\/wp-json\/wp\/v2\/posts"}],"about":[{"href":"https:\/\/www.aquilaguna.com\/index.php\/wp-json\/wp\/v2\/types\/post"}],"author":[{"embeddable":true,"href":"https:\/\/www.aquilaguna.com\/index.php\/wp-json\/wp\/v2\/users\/2"}],"replies":[{"embeddable":true,"href":"https:\/\/www.aquilaguna.com\/index.php\/wp-json\/wp\/v2\/comments?post=3432"}],"version-history":[{"count":1,"href":"https:\/\/www.aquilaguna.com\/index.php\/wp-json\/wp\/v2\/posts\/3432\/revisions"}],"predecessor-version":[{"id":3433,"href":"https:\/\/www.aquilaguna.com\/index.php\/wp-json\/wp\/v2\/posts\/3432\/revisions\/3433"}],"wp:attachment":[{"href":"https:\/\/www.aquilaguna.com\/index.php\/wp-json\/wp\/v2\/media?parent=3432"}],"wp:term":[{"taxonomy":"category","embeddable":true,"href":"https:\/\/www.aquilaguna.com\/index.php\/wp-json\/wp\/v2\/categories?post=3432"},{"taxonomy":"post_tag","embeddable":true,"href":"https:\/\/www.aquilaguna.com\/index.php\/wp-json\/wp\/v2\/tags?post=3432"}],"curies":[{"name":"wp","href":"https:\/\/api.w.org\/{rel}","templated":true}]}}