{"id":3452,"date":"2021-07-21T22:05:24","date_gmt":"2021-07-22T03:05:24","guid":{"rendered":"https:\/\/www.aquilaguna.com\/?p=3452"},"modified":"2021-07-21T22:05:25","modified_gmt":"2021-07-22T03:05:25","slug":"nos-sentimos-muy-honrados-de-ser-parte-del-festival-internacional-cervantino-mars","status":"publish","type":"post","link":"https:\/\/www.aquilaguna.com\/index.php\/2021\/07\/21\/nos-sentimos-muy-honrados-de-ser-parte-del-festival-internacional-cervantino-mars\/","title":{"rendered":"NOS SENTIMOS MUY HONRADOS DE SER PARTE DEL FESTIVAL INTERNACIONAL CERVANTINO: MARS"},"content":{"rendered":"\n<p><strong>Alrededor de 600 coahuilenses participar\u00e1n en esta celebraci\u00f3n internacional, emblem\u00e1tica y pionera de los festivales culturales en nuestro pa\u00eds, adelant\u00f3 el gobernador Miguel Riquelme.<\/strong><\/p>\n\n\n\n<p>Saltillo, Coahuila de Zaragoza; a 21 de Julio de 2021.- Sobre la presentaci\u00f3n del evento en la Ciudad de M\u00e9xico, el gobernador Miguel \u00c1ngel Riquelme Sol\u00eds expres\u00f3 su benepl\u00e1cito porque Coahuila sea parte de la que es una de las iniciativas culturales m\u00e1s importantes de nuestro Continente, el Festival Internacional Cervantino: \u201cMosaico de expresiones art\u00edsticas que a\u00f1o con a\u00f1o ha ido forjando su leyenda y es referente de pol\u00edticas culturales exitosas a nivel global\u201d.<\/p>\n\n\n\n<p>Inform\u00f3 que la delegaci\u00f3n art\u00edstica de nuestra entidad est\u00e1 integrada por 590 coahuilenses que dejar\u00e1n en el escenario alma, coraz\u00f3n y vida, adem\u00e1s de la entrega y el valor que caracteriza a las mujeres y los hombres del norte.<\/p>\n\n\n\n<p>Este d\u00eda, en el Palacio de Bellas Artes de la Ciudad de M\u00e9xico, fue presentado el Festival Internacional Cervantino, ceremonia en la que estuvieron presentes Ana Sof\u00eda Garc\u00eda Camil, Secretaria de Cultura de Coahuila, con la representaci\u00f3n del gobernador Miguel Riquelme; Diego Sinhu\u00e9 Rodr\u00edguez Vallejo, Gobernador de Guanajuato; Alejandra Frausto Guerrero, Secretaria de Cultura del Gobierno de la Rep\u00fablica; Waldo Leyva, Consejero Cultural de la Embajada de Cuba en M\u00e9xico; Mariana Aymerich Ord\u00f3\u00f1ez, Directora General del Festival Internacional Cervantino; Sergio Antonio Silva Mu\u00f1oz, representante del Rector General de la Universidad de Guanajuato, y Mario Alejandro Navarro Salda\u00f1a, Presidente Municipal de Guanajuato, Guanajuato, entre otras personalidades.<\/p>\n\n\n\n<p>Riquelme Sol\u00eds se\u00f1al\u00f3 que la contribuci\u00f3n de Coahuila a este Festival integra m\u00e1s de 65 actividades art\u00edsticas y acad\u00e9micas, que conforman una notable muestra de lo mejor que se tiene en la entidad: su historia, pensamiento y creaci\u00f3n.<\/p>\n\n\n\n<p>En ese sentido, dio a conocer que est\u00e1r\u00e1n presentes grandes grupos y brillantes personalidades, como el maestro Armando Fuentes Aguirre, \u201cCat\u00f3n\u201d; la Camerata de Coahuila, los maestros Mart\u00edn Madrigal y Alejandro Vela, la soprano Alejandra L\u00f3pez Fuentes; los escritores Juli\u00e1n Herbert, Carlos Vel\u00e1zquez y Luis Jorge Boone, as\u00ed como las poetas Marianne Toussaint y Claudia Luna.<\/p>\n\n\n\n<p>Igualmente, se\u00f1al\u00f3 que tendr\u00e1n un espacio destacado en la programaci\u00f3n agrupaciones teatrales como \u201cLuz del Norte\u201d, y que se desarrollar\u00e1 un ciclo de cine muy especial, coordinado por Patricia Carrillo, dedicado a reconocer la obra del gran cineasta coahuilense Emilio \u201cEl Indio\u201d Fern\u00e1ndez, el cual cerrar\u00e1 con la proyecci\u00f3n de la pel\u00edcula \u201cR\u00edo Escondido\u201d, en su reciente versi\u00f3n restaurada por la Cineteca Nacional y el Centro Cultural \u201cRicardo Salinas Pliego\u201d.<\/p>\n\n\n\n<p>Agreg\u00f3 que estar\u00e1n presentes tambi\u00e9n algunas de las m\u00e1s entra\u00f1ables expresiones populares de Coahuila, como son Los Cardencheros de La Laguna y La Matlachinada, con m\u00e1s de 100 danzantes de manera simult\u00e1nea. Adem\u00e1s del Sotol, declarado patrimonio cultural intangible de nuestro estado.<\/p>\n\n\n\n<p>Asimismo, mencion\u00f3 que a lo largo de este Festival, en la Casa de Coahuila, los visitantes podr\u00e1n conocer y disfrutar de muchas m\u00e1s cosas que nuestro estado tiene para ofrecer.<\/p>\n\n\n\n<p>\u201cEste ser\u00e1 un espacio en el que podr\u00e1n encontrar gran parte del trabajo cultural y artesanal que identifica a Coahuila, sus vinos, la plata, el trabajo de nuestra Escuela del Sarape, una exposici\u00f3n fotogr\u00e1fica de nuestros siete Pueblos M\u00e1gicos, el famoso pan de pulque y los dulces tradicionales\u201d, dijo el gobernador Miguel Riquelme.<\/p>\n\n\n\n<p>\u201cAdem\u00e1s de todo aquello que ha comenzado a posicionar a Coahuila como un destino importante de turismo cultural. Guanajuato y Coahuila son dos entidades y dos pueblos a los que une la historia de luchas por la soberan\u00eda y la libertad de los mexicanos, y que hoy suman esfuerzos en el af\u00e1n compartido por engrandecer a M\u00e9xico a trav\u00e9s de las diversas manifestaciones del humanismo y del esp\u00edritu\u201d.<\/p>\n","protected":false},"excerpt":{"rendered":"<p>Alrededor de 600 coahuilenses participar\u00e1n en esta celebraci\u00f3n internacional, emblem\u00e1tica y pionera de los festivales culturales en nuestro pa\u00eds, adelant\u00f3 el gobernador Miguel Riquelme. Saltillo, Coahuila de Zaragoza; a 21 de Julio de 2021.- Sobre la presentaci\u00f3n del evento en la Ciudad de M\u00e9xico, el gobernador Miguel \u00c1ngel Riquelme Sol\u00eds expres\u00f3 su benepl\u00e1cito porque Coahuila sea parte de la que es una de las iniciativas culturales m\u00e1s importantes de nuestro&#8230;<\/p>\n","protected":false},"author":1,"featured_media":3453,"comment_status":"closed","ping_status":"closed","sticky":false,"template":"","format":"standard","meta":{"footnotes":""},"categories":[5,12,15],"tags":[],"class_list":["post-3452","post","type-post","status-publish","format-standard","has-post-thumbnail","hentry","category-coahuila","category-cultura","category-gobierno-de-coahuila","wpcat-5-id","wpcat-12-id","wpcat-15-id"],"_links":{"self":[{"href":"https:\/\/www.aquilaguna.com\/index.php\/wp-json\/wp\/v2\/posts\/3452","targetHints":{"allow":["GET"]}}],"collection":[{"href":"https:\/\/www.aquilaguna.com\/index.php\/wp-json\/wp\/v2\/posts"}],"about":[{"href":"https:\/\/www.aquilaguna.com\/index.php\/wp-json\/wp\/v2\/types\/post"}],"author":[{"embeddable":true,"href":"https:\/\/www.aquilaguna.com\/index.php\/wp-json\/wp\/v2\/users\/1"}],"replies":[{"embeddable":true,"href":"https:\/\/www.aquilaguna.com\/index.php\/wp-json\/wp\/v2\/comments?post=3452"}],"version-history":[{"count":1,"href":"https:\/\/www.aquilaguna.com\/index.php\/wp-json\/wp\/v2\/posts\/3452\/revisions"}],"predecessor-version":[{"id":3454,"href":"https:\/\/www.aquilaguna.com\/index.php\/wp-json\/wp\/v2\/posts\/3452\/revisions\/3454"}],"wp:featuredmedia":[{"embeddable":true,"href":"https:\/\/www.aquilaguna.com\/index.php\/wp-json\/wp\/v2\/media\/3453"}],"wp:attachment":[{"href":"https:\/\/www.aquilaguna.com\/index.php\/wp-json\/wp\/v2\/media?parent=3452"}],"wp:term":[{"taxonomy":"category","embeddable":true,"href":"https:\/\/www.aquilaguna.com\/index.php\/wp-json\/wp\/v2\/categories?post=3452"},{"taxonomy":"post_tag","embeddable":true,"href":"https:\/\/www.aquilaguna.com\/index.php\/wp-json\/wp\/v2\/tags?post=3452"}],"curies":[{"name":"wp","href":"https:\/\/api.w.org\/{rel}","templated":true}]}}