{"id":3482,"date":"2021-07-22T19:21:43","date_gmt":"2021-07-23T00:21:43","guid":{"rendered":"https:\/\/www.aquilaguna.com\/?p=3482"},"modified":"2021-07-22T19:21:44","modified_gmt":"2021-07-23T00:21:44","slug":"gestionan-aplicacion-de-vacunas-anticovid-a-coahuilenses-en-puentes-internacionales-de-acuna-y-piedras-negras","status":"publish","type":"post","link":"https:\/\/www.aquilaguna.com\/index.php\/2021\/07\/22\/gestionan-aplicacion-de-vacunas-anticovid-a-coahuilenses-en-puentes-internacionales-de-acuna-y-piedras-negras\/","title":{"rendered":"GESTIONAN APLICACI\u00d3N DE VACUNAS ANTICOVID A COAHUILENSES EN PUENTES INTERNACIONALES DE ACU\u00d1A Y PIEDRAS NEGRAS."},"content":{"rendered":"\n<p>Ciudad Acu\u00f1a, Coahuila de Zaragoza; a 22 de Julio del 2021.- Con la representaci\u00f3n del gobernador Miguel \u00c1ngel Riquelme Sol\u00eds, el Secretario de Salud del Estado, Roberto Bernal G\u00f3mez, sostuvo una reuni\u00f3n de trabajo con la C\u00f3nsul de M\u00e9xico en Del R\u00edo, Texas, Paloma Villase\u00f1or Vargas, para iniciar la aplicaci\u00f3n de vacunas Pfizer en el Puente Internacional de esta frontera.<\/p>\n\n\n\n<p>La funcionaria federal puso a disposici\u00f3n un total de 5 mil dosis, que ser\u00e1n destinadas a trabajadores de empresas de esta zona y a sus familias los pr\u00f3ximos 28 y 29 de julio.<\/p>\n\n\n\n<p>Durante este encuentro, donde asisti\u00f3 el Jefe de la Jurisdicci\u00f3n Sanitaria N\u00famero 2, Guillermo Herrera T\u00e9llez, se definieron algunas acciones de log\u00edstica, el traslado de los trabajadores, la aplicaci\u00f3n y el regreso a los puntos de traslado junto a sus familiares.<\/p>\n\n\n\n<p>\u201cTrabajaremos de manera coordinada para la distribuci\u00f3n del biol\u00f3gico, la elaboraci\u00f3n de los horarios de atenci\u00f3n para cada empresa participante y las zonas estrat\u00e9gicas que se colocar\u00e1n para albergar a los beneficiarios\u201d, asent\u00f3.<\/p>\n\n\n\n<p>Adem\u00e1s participaron Cuauht\u00e9moc Hern\u00e1ndez Castilla, Gerente de la Industria Maquiladora de Exportaci\u00f3n (INDEX); Martha Alicia Romero Reyna, Subdirectora de Prevenci\u00f3n y Promoci\u00f3n de la Salud;&nbsp; Ileana Dur\u00e1n Flores, jefa de enfermer\u00eda y&nbsp; Gerardo Esquivel D\u00e1vila, Director del Hospital General de Acu\u00f1a,<\/p>\n\n\n\n<p>Asimismo, Bernal G\u00f3mez se reuni\u00f3n con el C\u00f3nsul adscrito en Eagle Pass, Texas, Juan Jos\u00e9 Mart\u00ednez de la Rosa, con quien acord\u00f3 la aplicaci\u00f3n de mil 500 vacunas Johnson &amp; Johnson para el pr\u00f3ximo 30 de julio en el Puente Internacional 2, bajo un esquema similar.<\/p>\n\n\n\n<p>En el acto, el Secretario de Salud agradeci\u00f3 el apoyo de Leopoldo Vielma, coordinador del Comit\u00e9 de Emergencias del Distrito de Maverick, por su valiosa contribuci\u00f3n para obtener este lote de vacunas para la frontera entre Texas y Coahuila.<\/p>\n\n\n\n<p>Por su parte, Iv\u00e1n Alejandro Moscoso Gonz\u00e1lez, Jefe de la Jurisdicci\u00f3n Sanitaria N\u00famero 1, enfatiz\u00f3 que este apoyo es para los trabajadores que a\u00fan no han recibido este beneficio: \u201cLa intensi\u00f3n es tener la mayor cobertura posible\u201d.<\/p>\n\n\n\n<p><strong>SUPERVISA APLICACI\u00d3N DE VACUNAS A COAHUILENSES DE ENTRE 19 Y 29 A\u00d1OS.<\/strong><\/p>\n\n\n\n<p>Durante la gira de trabajo, Bernal G\u00f3mez acudi\u00f3 al m\u00f3dulo de vacunaci\u00f3n instalado en el Hospital General de Zona N\u00famero 92 en Ciudad Acu\u00f1a, para supervisar el proceso de aplicaci\u00f3n a coahuilenses entre 19 y 29 a\u00f1os.<\/p>\n\n\n\n<p>En su recorrido, dialog\u00f3 con algunos de los beneficiarios y aplic\u00f3 algunas dosis al explicar a los participantes sobre la seguridad de las vacunas y su funci\u00f3n para prevenir los contagios de COVID\u201319.<\/p>\n\n\n\n<p>Los exhort\u00f3 a mantener las medidas de mitigaci\u00f3n, como el uso del cubrebocas, el distanciamiento social y el lavado frecuente de manos.<\/p>\n\n\n\n<p>\u201cLa vacuna es una herramienta eficaz, pero a\u00fan as\u00ed debemos de prevenir los contagios\u201d, concluy\u00f3.<\/p>\n","protected":false},"excerpt":{"rendered":"<p>Ciudad Acu\u00f1a, Coahuila de Zaragoza; a 22 de Julio del 2021.- Con la representaci\u00f3n del gobernador Miguel \u00c1ngel Riquelme Sol\u00eds, el Secretario de Salud del Estado, Roberto Bernal G\u00f3mez, sostuvo una reuni\u00f3n de trabajo con la C\u00f3nsul de M\u00e9xico en Del R\u00edo, Texas, Paloma Villase\u00f1or Vargas, para iniciar la aplicaci\u00f3n de vacunas Pfizer en el Puente Internacional de esta frontera. La funcionaria federal puso a disposici\u00f3n un total de 5&#8230;<\/p>\n","protected":false},"author":1,"featured_media":3483,"comment_status":"closed","ping_status":"closed","sticky":false,"template":"","format":"standard","meta":{"footnotes":""},"categories":[5,4,15,22],"tags":[],"class_list":["post-3482","post","type-post","status-publish","format-standard","has-post-thumbnail","hentry","category-coahuila","category-covid","category-gobierno-de-coahuila","category-vacunas","wpcat-5-id","wpcat-4-id","wpcat-15-id","wpcat-22-id"],"_links":{"self":[{"href":"https:\/\/www.aquilaguna.com\/index.php\/wp-json\/wp\/v2\/posts\/3482","targetHints":{"allow":["GET"]}}],"collection":[{"href":"https:\/\/www.aquilaguna.com\/index.php\/wp-json\/wp\/v2\/posts"}],"about":[{"href":"https:\/\/www.aquilaguna.com\/index.php\/wp-json\/wp\/v2\/types\/post"}],"author":[{"embeddable":true,"href":"https:\/\/www.aquilaguna.com\/index.php\/wp-json\/wp\/v2\/users\/1"}],"replies":[{"embeddable":true,"href":"https:\/\/www.aquilaguna.com\/index.php\/wp-json\/wp\/v2\/comments?post=3482"}],"version-history":[{"count":1,"href":"https:\/\/www.aquilaguna.com\/index.php\/wp-json\/wp\/v2\/posts\/3482\/revisions"}],"predecessor-version":[{"id":3484,"href":"https:\/\/www.aquilaguna.com\/index.php\/wp-json\/wp\/v2\/posts\/3482\/revisions\/3484"}],"wp:featuredmedia":[{"embeddable":true,"href":"https:\/\/www.aquilaguna.com\/index.php\/wp-json\/wp\/v2\/media\/3483"}],"wp:attachment":[{"href":"https:\/\/www.aquilaguna.com\/index.php\/wp-json\/wp\/v2\/media?parent=3482"}],"wp:term":[{"taxonomy":"category","embeddable":true,"href":"https:\/\/www.aquilaguna.com\/index.php\/wp-json\/wp\/v2\/categories?post=3482"},{"taxonomy":"post_tag","embeddable":true,"href":"https:\/\/www.aquilaguna.com\/index.php\/wp-json\/wp\/v2\/tags?post=3482"}],"curies":[{"name":"wp","href":"https:\/\/api.w.org\/{rel}","templated":true}]}}