{"id":352,"date":"2021-02-14T19:34:02","date_gmt":"2021-02-15T01:34:02","guid":{"rendered":"http:\/\/34.69.167.107\/?p=352"},"modified":"2021-02-14T19:34:02","modified_gmt":"2021-02-15T01:34:02","slug":"dif-coahuila-ha-realizado-mas-de-2-millones-de-acciones-para-las-personas-con-discapacidad-marcela-gorgon","status":"publish","type":"post","link":"https:\/\/www.aquilaguna.com\/index.php\/2021\/02\/14\/dif-coahuila-ha-realizado-mas-de-2-millones-de-acciones-para-las-personas-con-discapacidad-marcela-gorgon\/","title":{"rendered":"DIF COAHUILA HA REALIZADO M\u00c1S DE 2 MILLONES DE ACCIONES PARA LAS PERSONAS CON DISCAPACIDAD: MARCELA GORG\u00d3N."},"content":{"rendered":"\n<p>Saltillo, Coahuila de Zaragoza; a 14 de Febrero 2021. &#8211; A trav\u00e9s de sus diversos programas, el DIF Coahuila ha brindado en tres a\u00f1os m\u00e1s de 2 millones de servicios a personas que viven con alg\u00fan tipo de con discapacidad temporal o permanente, recapitul\u00f3 Marcela Gorg\u00f3n, Presidenta Honoraria del DIF Coahuila.<\/p>\n\n\n\n<p>\u201cEstas acciones demuestran el compromiso de la Administraci\u00f3n del gobernador Miguel Riquelme y del DIF Coahuila con este sector de la poblaci\u00f3n, para que&nbsp; cuente con servicios de alta calidad para su rehabilitaci\u00f3n e inclusi\u00f3n\u201d, afirm\u00f3.<\/p>\n\n\n\n<p>\u201cEn el DIF Coahuila tenemos como prioridad la atenci\u00f3n oportuna y con calidad de las personas que viven con alg\u00fan tipo de discapacidad. Por ello ampliamos todos los d\u00edas nuestras redes de atenci\u00f3n y capacitamos al personal que labora en cada uno de nuestros centros enfocados a esta materia\u201d.<\/p>\n\n\n\n<p>De 2018 a la fecha se han llevado a cabo 2 millones 33 mil 89 acciones, que van desde las consultas por primera vez a pacientes hasta terapias de rehabilitaci\u00f3n y transporte especializado para personas con discapacidad.<\/p>\n\n\n\n<p>Para ello, Marcela Gorg\u00f3n expuso que el DIF Coahuila tiene en operaci\u00f3n 6 centros de rehabilitaci\u00f3n distribuidos en diversas regiones de la entidad y colabora con los sistemas DIF Municipales para la operaci\u00f3n de las Unidades B\u00e1sicas de Rehabilitaci\u00f3n.<\/p>\n\n\n\n<p>Entre los principales servicios que se brindan en estos centros est\u00e1n: Consulta de rehabilitaci\u00f3n, de psicolog\u00eda; comunicaci\u00f3n humana; terapia f\u00edsica, ocupacional y psicol\u00f3gica; terapia de familia; hidroterapia; de lenguaje; electroencefalograf\u00eda; electromiograf\u00eda; audiometr\u00edas y timpanometr\u00edas.<\/p>\n\n\n\n<p>\u201cAdem\u00e1s, en nuestros centros brindamos servicios de estimulaci\u00f3n temprana de 0 a 2 a\u00f1os;&nbsp; neurodesarrollo y neurohabilitaci\u00f3n; inclusi\u00f3n educativa de ni\u00f1as ni\u00f1os y adolescentes con discapacidad; detecci\u00f3n y prevenci\u00f3n de problemas discapacitantes; prevenci\u00f3n de discapacidad en enfermedades cr\u00f3nicas degenerativas; terapias acu\u00e1ticas y detecci\u00f3n, diagn\u00f3stico y atenci\u00f3n integral del trastorno del esprectro autista\u201d, detall\u00f3 la Presidenta Honoraria del DIF Coahuila.<\/p>\n\n\n\n<p>Adem\u00e1s se cuenta con el Centro de Investigaci\u00f3n y Atenci\u00f3n del Autismo en Torre\u00f3n, uno de los m\u00e1s avanzados a nivel nacional en la atenci\u00f3n de esta enfermedad.<\/p>\n\n\n\n<p>IMPULSO DE MARS<\/p>\n\n\n\n<p>Roberto C\u00e1rdenas Zavala, Director General del DIF Coahuila, reconoci\u00f3 el impulso que el gobernador Miguel \u00c1ngel Riquelme Sol\u00eds, apoyado siempre por la se\u00f1ora Marcela, han otorgado a todos los programas que fomentan la inclusi\u00f3n social de las personas que viven con discapacidad.<\/p>\n\n\n\n<p>Destac\u00f3 que de forma paralela, el DIF Coahuila desarrolla acciones en conjunto con dependencias estatales, como las Ferias de Atenci\u00f3n a la Discapacidad, que han beneficiado a m\u00e1s de dos mil personas con servicios de tr\u00e1mite de licencias de manejo, actas de nacimiento, oferta laboral incluyente, atenci\u00f3n m\u00e9dica, odontol\u00f3gica, optometrista, nutrici\u00f3n y credencializaci\u00f3n.<\/p>\n\n\n\n<p>\u201cAunado a ello, implementamos el Curso de Vida Independiente, en el que los participantes con discapacidad motriz desarrollaron diversas actividades, como el manejo de silla de ruedas, activaci\u00f3n f\u00edsica, sexualidad y reproducci\u00f3n, autoestima y liderazgo, capacitaci\u00f3n para el trabajo e inclusi\u00f3n educativa\u201d, detall\u00f3 C\u00e1rdenas Zavala.<\/p>\n\n\n\n<p>Record\u00f3 que ante la pandemia del Covid-19 y por indicaci\u00f3n de Marcela Gorg\u00f3n, el DIF Coahuila trabaj\u00f3 con la modalidad de capacitaciones en l\u00ednea mediante videoconferencias, capacitando a 150 profesores de la Secretar\u00eda de Educaci\u00f3n de nivel Prescolar y Primaria, as\u00ed como a maestros de educaci\u00f3n especial, con el tema \u201cManejo del Ni\u00f1o con Trastorno del Espectro Autista en el Aula\u201d.<\/p>\n\n\n\n<p>Finalmente, subray\u00f3 que con estas y otras acciones m\u00e1s, el Gobierno de Coahuila demuestra su trabajo y compromiso por la rehabilitaci\u00f3n y la inclusi\u00f3n social.<\/p>\n","protected":false},"excerpt":{"rendered":"<p>Saltillo, Coahuila de Zaragoza; a 14 de Febrero 2021. &#8211; A trav\u00e9s de sus diversos programas, el DIF Coahuila ha brindado en tres a\u00f1os m\u00e1s de 2 millones de servicios a personas que viven con alg\u00fan tipo de con discapacidad temporal o permanente, recapitul\u00f3 Marcela Gorg\u00f3n, Presidenta Honoraria del DIF Coahuila. \u201cEstas acciones demuestran el compromiso de la Administraci\u00f3n del gobernador Miguel Riquelme y del DIF Coahuila con este sector&#8230;<\/p>\n","protected":false},"author":1,"featured_media":353,"comment_status":"closed","ping_status":"","sticky":false,"template":"","format":"standard","meta":{"footnotes":""},"categories":[5,26,15],"tags":[],"class_list":["post-352","post","type-post","status-publish","format-standard","has-post-thumbnail","hentry","category-coahuila","category-dif","category-gobierno-de-coahuila","wpcat-5-id","wpcat-26-id","wpcat-15-id"],"_links":{"self":[{"href":"https:\/\/www.aquilaguna.com\/index.php\/wp-json\/wp\/v2\/posts\/352","targetHints":{"allow":["GET"]}}],"collection":[{"href":"https:\/\/www.aquilaguna.com\/index.php\/wp-json\/wp\/v2\/posts"}],"about":[{"href":"https:\/\/www.aquilaguna.com\/index.php\/wp-json\/wp\/v2\/types\/post"}],"author":[{"embeddable":true,"href":"https:\/\/www.aquilaguna.com\/index.php\/wp-json\/wp\/v2\/users\/1"}],"replies":[{"embeddable":true,"href":"https:\/\/www.aquilaguna.com\/index.php\/wp-json\/wp\/v2\/comments?post=352"}],"version-history":[{"count":1,"href":"https:\/\/www.aquilaguna.com\/index.php\/wp-json\/wp\/v2\/posts\/352\/revisions"}],"predecessor-version":[{"id":354,"href":"https:\/\/www.aquilaguna.com\/index.php\/wp-json\/wp\/v2\/posts\/352\/revisions\/354"}],"wp:featuredmedia":[{"embeddable":true,"href":"https:\/\/www.aquilaguna.com\/index.php\/wp-json\/wp\/v2\/media\/353"}],"wp:attachment":[{"href":"https:\/\/www.aquilaguna.com\/index.php\/wp-json\/wp\/v2\/media?parent=352"}],"wp:term":[{"taxonomy":"category","embeddable":true,"href":"https:\/\/www.aquilaguna.com\/index.php\/wp-json\/wp\/v2\/categories?post=352"},{"taxonomy":"post_tag","embeddable":true,"href":"https:\/\/www.aquilaguna.com\/index.php\/wp-json\/wp\/v2\/tags?post=352"}],"curies":[{"name":"wp","href":"https:\/\/api.w.org\/{rel}","templated":true}]}}