{"id":3545,"date":"2021-07-27T18:50:07","date_gmt":"2021-07-27T23:50:07","guid":{"rendered":"https:\/\/www.aquilaguna.com\/?p=3545"},"modified":"2021-07-27T18:50:08","modified_gmt":"2021-07-27T23:50:08","slug":"convocan-uadec-y-unired-al-curso-en-planeacion-y-organizacion-en-gestion-de-riesgos-de-desastres","status":"publish","type":"post","link":"https:\/\/www.aquilaguna.com\/index.php\/2021\/07\/27\/convocan-uadec-y-unired-al-curso-en-planeacion-y-organizacion-en-gestion-de-riesgos-de-desastres\/","title":{"rendered":"Convocan UAdeC y UNIRED al Curso en Planeaci\u00f3n y Organizaci\u00f3n en Gesti\u00f3n de Riesgos de Desastres."},"content":{"rendered":"\n<p>SALTILLO, Coahuila. 27 de julio de 2021.- Con el objetivo de prevenir y gestionar<br>riesgos de desastres en la comunidad y centros de trabajo, la Universidad<br>Aut\u00f3noma de Coahuila a trav\u00e9s de la Coordinaci\u00f3n General de Extensi\u00f3n<br>Universitaria en colaboraci\u00f3n con la Red Universitaria para la Prevenci\u00f3n y<br>Atenci\u00f3n de Desastres (UNIRED), convocan al curso especializado en l\u00ednea sobre<br>Planeaci\u00f3n y Organizaci\u00f3n en Gesti\u00f3n de Riesgos de Desastres, que inicia el 17<br>de agosto.<\/p>\n\n\n\n<p>El curso est\u00e1 dirigido a integrantes, enlaces, estudiantes y coordinadores de<br>comisi\u00f3n de la UNIRED, responsables de Protecci\u00f3n Civil y p\u00fablico general<br>interesados en adquirir los conocimientos te\u00f3ricos, metodol\u00f3gicos y pr\u00e1cticos para<br>el manejo de desastres en su entorno m\u00e1s cercano.<\/p>\n\n\n\n<p>Asimismo, ser\u00e1 impartido por reconocidos capacitadores de la UAdeC, la UNIRED,<br>la Red Universitaria de las Am\u00e9ricas y el Caribe para la Reducci\u00f3n de Riesgos de<br>Desastres (Redulac), Organizaci\u00f3n Cadena, Cruz Roja Mexicana A.C, Colegio<br>Mexicano de Profesionales en Gesti\u00f3n de Riesgos y Protecci\u00f3n Civil A.C.<\/p>\n\n\n\n<p>Las sesiones se impartir\u00e1n todos los martes a partir del 17 de agosto de 2021 y<br>hasta el 8 de marzo de 2022, en horario de 12:00 a 14:00 horas; el curso tiene<br>valor curricular y se entregar\u00e1 constancia de acreditaci\u00f3n expedida por la<br>Universidad Aut\u00f3noma de Coahuila y UNIRED a los participantes que cubran el 85<br>por ciento de asistencia y el total de los m\u00f3dulos.<\/p>\n\n\n\n<p>Para inscribirse, cada participante deber\u00e1 llenar el formato de registro en el<br>siguiente enlace: <a href=\"https:\/\/forms.gle\/TZzqRSi3Tftug7Li9\" target=\"_blank\" rel=\"noreferrer noopener\">https:\/\/forms.gle\/TZzqRSi3Tftug7Li9<\/a>, y cubrir un pago \u00fanico de<br>mil 500 pesos por concepto de inscripci\u00f3n a la cuenta bancaria: BBVA<br>0145034043 o a la CLABE 01280001450340434, a nombre del Centro Mexicano<br>para la Filantrop\u00eda (Cemefi) A.C.<\/p>\n\n\n\n<p>Posteriormente, se deber\u00e1 enviar comprobante de pago al correo<br>uniredst@cemefi.org junto con los datos fiscales, en caso de requerir factura; se<br>contactar\u00e1 a los participantes inscritos v\u00eda correo electr\u00f3nico para proporcionar los<br>enlaces de las sesiones en l\u00ednea, as\u00ed como el calendario oficial del curso, para<br>m\u00e1s informaci\u00f3n, llamar a los tel\u00e9fonos: (844) 437 85 82 o al 55 5276 8530 ext.<br>115, o escribir un correo a zaida_morlett@uadec.edu.mx y uniredst@cemefi.org.<\/p>\n\n\n\n<p>Desde 1988, UNIRED es un proyecto compartido del Cemefi y las universidades<br>que componen la red, dirigido a generar y promover la cultura de prevenci\u00f3n de<br>desastres entre las comunidades universitarias y la poblaci\u00f3n en general, as\u00ed<br>como la movilizaci\u00f3n eficaz de ayuda humanitaria para socorrer a personas<br>damnificadas, en alianza con otras organizaciones de la sociedad civil, gobierno y<br>empresas.<\/p>\n","protected":false},"excerpt":{"rendered":"<p>SALTILLO, Coahuila. 27 de julio de 2021.- Con el objetivo de prevenir y gestionarriesgos de desastres en la comunidad y centros de trabajo, la UniversidadAut\u00f3noma de Coahuila a trav\u00e9s de la Coordinaci\u00f3n General de Extensi\u00f3nUniversitaria en colaboraci\u00f3n con la Red Universitaria para la Prevenci\u00f3n yAtenci\u00f3n de Desastres (UNIRED), convocan al curso especializado en l\u00ednea sobrePlaneaci\u00f3n y Organizaci\u00f3n en Gesti\u00f3n de Riesgos de Desastres, que inicia el 17de agosto. El curso&#8230;<\/p>\n","protected":false},"author":1,"featured_media":3546,"comment_status":"closed","ping_status":"closed","sticky":false,"template":"","format":"standard","meta":{"footnotes":""},"categories":[24,2],"tags":[],"class_list":["post-3545","post","type-post","status-publish","format-standard","has-post-thumbnail","hentry","category-seguridad","category-uadec","wpcat-24-id","wpcat-2-id"],"_links":{"self":[{"href":"https:\/\/www.aquilaguna.com\/index.php\/wp-json\/wp\/v2\/posts\/3545","targetHints":{"allow":["GET"]}}],"collection":[{"href":"https:\/\/www.aquilaguna.com\/index.php\/wp-json\/wp\/v2\/posts"}],"about":[{"href":"https:\/\/www.aquilaguna.com\/index.php\/wp-json\/wp\/v2\/types\/post"}],"author":[{"embeddable":true,"href":"https:\/\/www.aquilaguna.com\/index.php\/wp-json\/wp\/v2\/users\/1"}],"replies":[{"embeddable":true,"href":"https:\/\/www.aquilaguna.com\/index.php\/wp-json\/wp\/v2\/comments?post=3545"}],"version-history":[{"count":1,"href":"https:\/\/www.aquilaguna.com\/index.php\/wp-json\/wp\/v2\/posts\/3545\/revisions"}],"predecessor-version":[{"id":3547,"href":"https:\/\/www.aquilaguna.com\/index.php\/wp-json\/wp\/v2\/posts\/3545\/revisions\/3547"}],"wp:featuredmedia":[{"embeddable":true,"href":"https:\/\/www.aquilaguna.com\/index.php\/wp-json\/wp\/v2\/media\/3546"}],"wp:attachment":[{"href":"https:\/\/www.aquilaguna.com\/index.php\/wp-json\/wp\/v2\/media?parent=3545"}],"wp:term":[{"taxonomy":"category","embeddable":true,"href":"https:\/\/www.aquilaguna.com\/index.php\/wp-json\/wp\/v2\/categories?post=3545"},{"taxonomy":"post_tag","embeddable":true,"href":"https:\/\/www.aquilaguna.com\/index.php\/wp-json\/wp\/v2\/tags?post=3545"}],"curies":[{"name":"wp","href":"https:\/\/api.w.org\/{rel}","templated":true}]}}