{"id":3567,"date":"2021-07-27T21:36:39","date_gmt":"2021-07-28T02:36:39","guid":{"rendered":"https:\/\/www.aquilaguna.com\/?p=3567"},"modified":"2021-07-27T21:36:39","modified_gmt":"2021-07-28T02:36:39","slug":"normativa-y-comercializacion-son-los-puntos-a-tratar-de-proyecto-agua-saludable-para-la-laguna-afirma-alcaldesa-de-san-pedro","status":"publish","type":"post","link":"https:\/\/www.aquilaguna.com\/index.php\/2021\/07\/27\/normativa-y-comercializacion-son-los-puntos-a-tratar-de-proyecto-agua-saludable-para-la-laguna-afirma-alcaldesa-de-san-pedro\/","title":{"rendered":"Normativa y comercializaci\u00f3n, son los puntos a tratar de proyecto &#8220;Agua Saludable para La Laguna&#8221;, afirma alcaldesa de San Pedro."},"content":{"rendered":"\n<p>Torre\u00f3n, Coahuila.- La alcaldesa de San Pedro, Coahuila, doctora Patricia Grado, \u00a0 califica al\u00a0 Proyecto Agua Saludable para la Laguna,\u00a0 &#8220;en esencia es bueno\u00a0, sin embargo la parte normativa y de comercializaci\u00f3n, me parece que es donde esta el tema, en especial para los sistemas operadores de agua de cada uno de los municipios laguneros&#8221;.<\/p>\n\n\n\n<p>Explica que\u00a0 el tema, &#8220;incluye el regularizar nuestras carteras vencidas, requisitos\u00a0 a cumplir en su parte normativa, as\u00ed como con la\u00a0 Comisi\u00f3n Federal de Electricidad, que es donde nos est\u00e1n matando a todos los Sistemas Municipales\u00a0 de agua&#8221;.<\/p>\n\n\n\n<p>Preguntada\u00a0 sobre el monto de tales adeudos a satisfacer para poder participar plenamente en el Proyecto mencionado, &#8220;San Pedro\u00a0 deber\u00e1\u00a0 que solventar\u00a0 las deudas que arrastra tanto con CONAGUA, como a la CFE, por casi 100 millones de pesos, monto gestado desde\u00a0 el 2016 y de\u00a0 que de tal monto,\u00a0 20 millones corresponden a adeudos con la CFE&#8221;.\u00a0\u00a0<\/p>\n\n\n\n<p>Adem\u00e1s\u00a0 analiza \u00a0 que entre \u00a0 las condiciones bajo las que opera el Sistema Municipal de Agua Potable debe de incluirse, el laboral, afirmando,\u00a0 &#8220;la mayor\u00eda de los Sistemas Operativos municipales para el suministro\u00a0 de agua a la poblaci\u00f3n,\u00a0 en su mayor\u00eda\u00a0 trabajamos para para solventar las exigencias de los sindicatos&#8221;.<\/p>\n\n\n\n<p>&#8220;A m\u00ed, afortunadamente\u00a0 me ha tocado transitar de manera pac\u00edfica, pero las revisiones, son las revisiones y las condiciones que te piden, son impresionantes&#8221;.<\/p>\n\n\n\n<p>Dicho lo anterior,\u00a0 reiter\u00f3 que el Proyecto Agua saludable, &#8220;es bueno, pero falta toda la otra\u00a0 parte administrativa, contable, lo de las deudas con la CFE, la comercializaci\u00f3n, el sindicato y eso es donde tenemos que estar trabajando&#8221;.<\/p>\n\n\n\n<p><strong>\u00a0SIN CONOCIMIENTO.<\/strong><\/p>\n\n\n\n<p>En cuanto a\u00a0 su conocimiento del Proyecto\u00a0 Agua Saludable,\u00a0 desconoce\u00a0todo del mismo, pues si bien ha\u00a0 estado en reuniones,\u00a0 &#8220;donde se nos han estado pidiendo\u00a0 algunas cosas, por ejemplo, propuestas de terrenos \u00a0 para\u00a0 colocar\u00a0 Megatanques con capacidad\u00a0 de 50 mil litros, destinados al  almacenamiento de agua potable y hasta ah\u00ed nos hemos estado quedado&#8221;.<\/p>\n\n\n\n<p>Pero reitero, no sabemos el avance real de todo el proyecto en su conjunto.<\/p>\n\n\n\n<p>Mas adelante, la alcaldesa\u00a0 consider\u00f3 que con el cobro del servicio de agua potable en la cabecera municipal, &#8220;solo se lograr\u00a0 ingresar\u00a0 el 30 % de la facturaci\u00f3n. Que\u00a0 es muy poco, toda vez que el 70% de los usuarios no paga tal servicio&#8221;.<\/p>\n\n\n\n<p>Adem\u00e1s, no dej\u00f3 de mencionar las p\u00e9rdida de l\u00edquido\u00a0 en \u00a0 la distribuci\u00f3n, &#8220;debido a que el sistema de conducci\u00f3n es ya obsoleto, pues suma\u00a0 mas de 45 a\u00f1os  y \u00e9ste. es\u00a0 otra de los temas que tendr\u00edamos ya que estar contemplando&#8221;.<\/p>\n\n\n\n<p>&#8220;Adem\u00e1s, se requiere conocer\u00a0 el agua que proceda de las presas,\u00a0 necesitamos saber hasta que punto nos la van a traer, pues tengo entendido seg\u00fan lo que nos han estado pidiendo\u00a0 tienen capacidad para llegar a la cabecera municipales y si as\u00ed fuera as\u00ed, \u00a0 para San Pedro, esto ser\u00eda lo ideal&#8221;.<\/p>\n\n\n\n<p><strong>PLANTA TRATADORA.<\/strong><\/p>\n\n\n\n<p>Se refiri\u00f3\u00a0 luego que\u00a0 San Pedro, &#8220;con todo y contar con una Plata Tratadora de Aguas Residuales \u00a0 con todo y contar con una \u00a0 Plata Tratadora de Aguas Residuales,\u00a0 nunca se ha puesto en operaci\u00f3n, tema que nos ha sido observado, ya que por no contar con tal servicio no tenemos acceso a descuento alguno, pero si tenemos\u00a0 sanciones por parte de CONAGUA&#8221;.<\/p>\n\n\n\n<p>&#8220;Este tema lo hemos platicado con funcionarios de los tres niveles de gobierno para destrabado&#8221;, pero\u00a0 reiter\u00f3, &#8220;es un tema que est\u00e1 observado&#8221;.\u00a0<\/p>\n\n\n\n<p><strong>HOSPITALES.<\/strong><\/p>\n\n\n\n<p>En\u00a0 cuanto al proyecto\u00a0 de dotar a la cabecera del municipio sampetrino, de un\u00a0 hospital por parte del IMSS, asegur\u00f3 que tal obra,\u00a0 &#8220;no est\u00e1 confirmada\u00a0 pero tampoco nos ha sido cancelada&#8221;.<\/p>\n\n\n\n<p>&#8220;Hemos recibido\u00a0 la visita de operadores del IMSS y han estado recorriendo posibles puntos de construcci\u00f3n, sin embargo su exigencia es muy alta y quedaron de regresar\u00a0 a seleccionar el punto deseado&#8221;.<\/p>\n\n\n\n<p>&#8220;Solicitan\u00a0 la propuesta de cuatro hect\u00e1reas, pero la exigencia de su ubicaci\u00f3n, las colindancias, el terreno pues, es en donde no hemos\u00a0 coincidido, nosotros, les hemos presentado de tres a cuatro opciones, que no han sido de su agrado, sin embargo,\u00a0 el proyecto no nos ha sido cancelado&#8221;.<\/p>\n\n\n\n<p>Yo quiero pensar,\u00a0 dijo\u00a0 optimista la Alcaldesa de San Pedro,\u00a0 &#8220;todav\u00eda est\u00e1\u00a0 vivo el proyecto&#8221;.<\/p>\n","protected":false},"excerpt":{"rendered":"<p>Torre\u00f3n, Coahuila.- La alcaldesa de San Pedro, Coahuila, doctora Patricia Grado, \u00a0 califica al\u00a0 Proyecto Agua Saludable para la Laguna,\u00a0 &#8220;en esencia es bueno\u00a0, sin embargo la parte normativa y de comercializaci\u00f3n, me parece que es donde esta el tema, en especial para los sistemas operadores de agua de cada uno de los municipios laguneros&#8221;. Explica que\u00a0 el tema, &#8220;incluye el regularizar nuestras carteras vencidas, requisitos\u00a0 a cumplir en su&#8230;<\/p>\n","protected":false},"author":2,"featured_media":0,"comment_status":"closed","ping_status":"","sticky":false,"template":"","format":"standard","meta":{"footnotes":""},"categories":[32,5,28,3],"tags":[],"class_list":["post-3567","post","type-post","status-publish","format-standard","hentry","category-agua","category-coahuila","category-la-laguna","category-san-pedro","wpcat-32-id","wpcat-5-id","wpcat-28-id","wpcat-3-id"],"_links":{"self":[{"href":"https:\/\/www.aquilaguna.com\/index.php\/wp-json\/wp\/v2\/posts\/3567","targetHints":{"allow":["GET"]}}],"collection":[{"href":"https:\/\/www.aquilaguna.com\/index.php\/wp-json\/wp\/v2\/posts"}],"about":[{"href":"https:\/\/www.aquilaguna.com\/index.php\/wp-json\/wp\/v2\/types\/post"}],"author":[{"embeddable":true,"href":"https:\/\/www.aquilaguna.com\/index.php\/wp-json\/wp\/v2\/users\/2"}],"replies":[{"embeddable":true,"href":"https:\/\/www.aquilaguna.com\/index.php\/wp-json\/wp\/v2\/comments?post=3567"}],"version-history":[{"count":1,"href":"https:\/\/www.aquilaguna.com\/index.php\/wp-json\/wp\/v2\/posts\/3567\/revisions"}],"predecessor-version":[{"id":3568,"href":"https:\/\/www.aquilaguna.com\/index.php\/wp-json\/wp\/v2\/posts\/3567\/revisions\/3568"}],"wp:attachment":[{"href":"https:\/\/www.aquilaguna.com\/index.php\/wp-json\/wp\/v2\/media?parent=3567"}],"wp:term":[{"taxonomy":"category","embeddable":true,"href":"https:\/\/www.aquilaguna.com\/index.php\/wp-json\/wp\/v2\/categories?post=3567"},{"taxonomy":"post_tag","embeddable":true,"href":"https:\/\/www.aquilaguna.com\/index.php\/wp-json\/wp\/v2\/tags?post=3567"}],"curies":[{"name":"wp","href":"https:\/\/api.w.org\/{rel}","templated":true}]}}