{"id":3569,"date":"2021-07-28T19:24:17","date_gmt":"2021-07-29T00:24:17","guid":{"rendered":"https:\/\/www.aquilaguna.com\/?p=3569"},"modified":"2021-07-28T19:24:35","modified_gmt":"2021-07-29T00:24:35","slug":"se-registra-temblor-de-4-2-grados-richter-en-ramos-arizpe","status":"publish","type":"post","link":"https:\/\/www.aquilaguna.com\/index.php\/2021\/07\/28\/se-registra-temblor-de-4-2-grados-richter-en-ramos-arizpe\/","title":{"rendered":"SE REGISTRA TEMBLOR DE 4.2 GRADOS RICHTER EN RAMOS ARIZPE."},"content":{"rendered":"\n<p>Ramos Arizpe, Coahuila de Zaragoza; a 27 de Julio de 2021.- La Subsecretar\u00eda de Protecci\u00f3n Civil del Estado informa que un temblor de 4.2 grados en la Escala de Richter se present\u00f3 al este de Ramos Arizpe, sin embargo, dicho temblor se sinti\u00f3 al norte y oriente de Saltillo.<\/p>\n\n\n\n<p>De acuerdo con el Sismol\u00f3gico Nacional fue en punto de las 21:07 con 33 segundos que se registr\u00f3 el sismo a 16 kil\u00f3metros al este del Municipio de Ramos Arizpe, en un predio al despoblado.<\/p>\n\n\n\n<p>No obstante, la sensaci\u00f3n del sismo se logr\u00f3 percibir en algunas colonias del norte y oriente de Saltillo.<\/p>\n\n\n\n<p>Elementos de la Subsecretar\u00eda de Protecci\u00f3n Civil del Estado, en coordinaci\u00f3n con las unidades de Protecci\u00f3n Civil de Ramos Arizpe y de Saltillo comenzaron con recorridos en diferentes sectores para verificar afectaciones. Hasta el momento no hay reporte de da\u00f1os ni en viviendas ni en infraestructura.<\/p>\n\n\n\n<p>Protecci\u00f3n Civil se mantiene alerta y ante cualquier emergencia llamar al 911.<\/p>\n","protected":false},"excerpt":{"rendered":"<p>Ramos Arizpe, Coahuila de Zaragoza; a 27 de Julio de 2021.- La Subsecretar\u00eda de Protecci\u00f3n Civil del Estado informa que un temblor de 4.2 grados en la Escala de Richter se present\u00f3 al este de Ramos Arizpe, sin embargo, dicho temblor se sinti\u00f3 al norte y oriente de Saltillo. De acuerdo con el Sismol\u00f3gico Nacional fue en punto de las 21:07 con 33 segundos que se registr\u00f3 el sismo a&#8230;<\/p>\n","protected":false},"author":1,"featured_media":0,"comment_status":"closed","ping_status":"closed","sticky":false,"template":"","format":"standard","meta":{"footnotes":""},"categories":[5,15,54,24],"tags":[],"class_list":["post-3569","post","type-post","status-publish","format-standard","hentry","category-coahuila","category-gobierno-de-coahuila","category-proteccion-civil","category-seguridad","wpcat-5-id","wpcat-15-id","wpcat-54-id","wpcat-24-id"],"_links":{"self":[{"href":"https:\/\/www.aquilaguna.com\/index.php\/wp-json\/wp\/v2\/posts\/3569","targetHints":{"allow":["GET"]}}],"collection":[{"href":"https:\/\/www.aquilaguna.com\/index.php\/wp-json\/wp\/v2\/posts"}],"about":[{"href":"https:\/\/www.aquilaguna.com\/index.php\/wp-json\/wp\/v2\/types\/post"}],"author":[{"embeddable":true,"href":"https:\/\/www.aquilaguna.com\/index.php\/wp-json\/wp\/v2\/users\/1"}],"replies":[{"embeddable":true,"href":"https:\/\/www.aquilaguna.com\/index.php\/wp-json\/wp\/v2\/comments?post=3569"}],"version-history":[{"count":1,"href":"https:\/\/www.aquilaguna.com\/index.php\/wp-json\/wp\/v2\/posts\/3569\/revisions"}],"predecessor-version":[{"id":3570,"href":"https:\/\/www.aquilaguna.com\/index.php\/wp-json\/wp\/v2\/posts\/3569\/revisions\/3570"}],"wp:attachment":[{"href":"https:\/\/www.aquilaguna.com\/index.php\/wp-json\/wp\/v2\/media?parent=3569"}],"wp:term":[{"taxonomy":"category","embeddable":true,"href":"https:\/\/www.aquilaguna.com\/index.php\/wp-json\/wp\/v2\/categories?post=3569"},{"taxonomy":"post_tag","embeddable":true,"href":"https:\/\/www.aquilaguna.com\/index.php\/wp-json\/wp\/v2\/tags?post=3569"}],"curies":[{"name":"wp","href":"https:\/\/api.w.org\/{rel}","templated":true}]}}