{"id":3718,"date":"2021-08-05T16:37:38","date_gmt":"2021-08-05T21:37:38","guid":{"rendered":"https:\/\/www.aquilaguna.com\/?p=3718"},"modified":"2021-08-05T16:37:38","modified_gmt":"2021-08-05T21:37:38","slug":"archivo-municipal-presenta-el-libro-el-coronel-si-tiene-quien-le-escriba","status":"publish","type":"post","link":"https:\/\/www.aquilaguna.com\/index.php\/2021\/08\/05\/archivo-municipal-presenta-el-libro-el-coronel-si-tiene-quien-le-escriba\/","title":{"rendered":"Archivo Municipal presenta el libro  \u201cEl coronel s\u00ed tiene quien le escriba\u201d."},"content":{"rendered":"\n<p>TORRE\u00d3N, 5 DE AGOSTO DE 2021- Las cartas son documentos que permiten recuperar y dignificar la memoria hist\u00f3rica, de ah\u00ed la importancia de la publicaci\u00f3n del libro \u201cEl coronel s\u00ed tiene quien le escriba\u201d, correspondencia de Carlos Gonz\u00e1lez Montes de Oca, que ser\u00e1 presentado\u00a0este mi\u00e9rcoles 11 de agosto en la Plaza principal del ejido La Concha.<\/p>\n\n\n\n<p>El director del Archivo Municipal, Carlos Casta\u00f1\u00f3n, coment\u00f3 que el libro ser\u00e1 presentado en esta poblaci\u00f3n debido a que en la antigua hacienda de la Concha, desde donde administraba sus ranchos el coronel, se recib\u00eda parte de la correspondencia que fue rescatada en este documento.<\/p>\n\n\n\n<p>Se contar\u00e1 con los comentarios de Enrique G\u00f3mez Dena y del propio Carlos Casta\u00f1\u00f3n Cuadros, en punto de las\u00a018:30 horas. La invitaci\u00f3n es abierta a todo p\u00fablico, con uso de cubre bocas.<\/p>\n\n\n\n<p>El coronel fue un empresario y agricultor, primer presidente electo en la historia de Torre\u00f3n, que contribuy\u00f3 ampliamente en el desarrollo de esta ciudad, en sus primeros a\u00f1os. Una de sus grandes inversiones fue la del Hotel Salvador en 1904, el m\u00e1s importante de aquella \u00e9poca y hoy icono de la ciudad.<\/p>\n\n\n\n<p>Gracias a la generosidad y confianza de Beatriz Montemayor, hija de Beatriz Gonz\u00e1lez Navarro, se rescat\u00f3 en 2002 el valioso archivo de los Gonz\u00e1lez Montemayor, una de las familias laguneras de notable raigambre en la regi\u00f3n.<\/p>\n\n\n\n<p>Las cartas son testimonio que dan cuenta de pu\u00f1o y letra sobre momentos en la vida del coronel&nbsp; como sus viajes, preocupaciones personales e intereses econ\u00f3micos de los ranchos que conforman la hacienda de La Concha, resalt\u00f3 Carlos Casta\u00f1\u00f3n.<\/p>\n\n\n\n<p>Los documentos provienen de M\u00e9xico, Los \u00c1ngeles, Texarkana, Nueva York, Par\u00eds, Vichy e incluso desde el barco trasatl\u00e1ntico franc\u00e9s \u201cLa Touraine\u201d.<\/p>\n\n\n\n<p>\u201cSe trata de 12 cartas facsimilares que el interesado en la historia tiene en sus manos, algunas llegaron a Torre\u00f3n y otras directamente a la hacienda de La Concha\u201d, puntualiz\u00f3.<\/p>\n","protected":false},"excerpt":{"rendered":"<p>TORRE\u00d3N, 5 DE AGOSTO DE 2021- Las cartas son documentos que permiten recuperar y dignificar la memoria hist\u00f3rica, de ah\u00ed la importancia de la publicaci\u00f3n del libro \u201cEl coronel s\u00ed tiene quien le escriba\u201d, correspondencia de Carlos Gonz\u00e1lez Montes de Oca, que ser\u00e1 presentado\u00a0este mi\u00e9rcoles 11 de agosto en la Plaza principal del ejido La Concha. El director del Archivo Municipal, Carlos Casta\u00f1\u00f3n, coment\u00f3 que el libro ser\u00e1 presentado en&#8230;<\/p>\n","protected":false},"author":1,"featured_media":3719,"comment_status":"closed","ping_status":"closed","sticky":false,"template":"","format":"standard","meta":{"footnotes":""},"categories":[5,12,28,7],"tags":[],"class_list":["post-3718","post","type-post","status-publish","format-standard","has-post-thumbnail","hentry","category-coahuila","category-cultura","category-la-laguna","category-torreon","wpcat-5-id","wpcat-12-id","wpcat-28-id","wpcat-7-id"],"_links":{"self":[{"href":"https:\/\/www.aquilaguna.com\/index.php\/wp-json\/wp\/v2\/posts\/3718","targetHints":{"allow":["GET"]}}],"collection":[{"href":"https:\/\/www.aquilaguna.com\/index.php\/wp-json\/wp\/v2\/posts"}],"about":[{"href":"https:\/\/www.aquilaguna.com\/index.php\/wp-json\/wp\/v2\/types\/post"}],"author":[{"embeddable":true,"href":"https:\/\/www.aquilaguna.com\/index.php\/wp-json\/wp\/v2\/users\/1"}],"replies":[{"embeddable":true,"href":"https:\/\/www.aquilaguna.com\/index.php\/wp-json\/wp\/v2\/comments?post=3718"}],"version-history":[{"count":1,"href":"https:\/\/www.aquilaguna.com\/index.php\/wp-json\/wp\/v2\/posts\/3718\/revisions"}],"predecessor-version":[{"id":3720,"href":"https:\/\/www.aquilaguna.com\/index.php\/wp-json\/wp\/v2\/posts\/3718\/revisions\/3720"}],"wp:featuredmedia":[{"embeddable":true,"href":"https:\/\/www.aquilaguna.com\/index.php\/wp-json\/wp\/v2\/media\/3719"}],"wp:attachment":[{"href":"https:\/\/www.aquilaguna.com\/index.php\/wp-json\/wp\/v2\/media?parent=3718"}],"wp:term":[{"taxonomy":"category","embeddable":true,"href":"https:\/\/www.aquilaguna.com\/index.php\/wp-json\/wp\/v2\/categories?post=3718"},{"taxonomy":"post_tag","embeddable":true,"href":"https:\/\/www.aquilaguna.com\/index.php\/wp-json\/wp\/v2\/tags?post=3718"}],"curies":[{"name":"wp","href":"https:\/\/api.w.org\/{rel}","templated":true}]}}