{"id":3822,"date":"2021-08-10T20:07:16","date_gmt":"2021-08-11T01:07:16","guid":{"rendered":"https:\/\/www.aquilaguna.com\/?p=3822"},"modified":"2021-08-10T20:07:16","modified_gmt":"2021-08-11T01:07:16","slug":"participara-grupo-takinkai-de-la-uadec-en-la-edicion-49-del-festival-internacional-cervantino","status":"publish","type":"post","link":"https:\/\/www.aquilaguna.com\/index.php\/2021\/08\/10\/participara-grupo-takinkai-de-la-uadec-en-la-edicion-49-del-festival-internacional-cervantino\/","title":{"rendered":"Participar\u00e1 Grupo Takinkai de la UAdeC en la Edici\u00f3n 49 del Festival Internacional Cervantino."},"content":{"rendered":"\n<p>SALTILLO, Coahuila. 10 de agosto de 2021.- El Grupo Representativo de la<br>Universidad Aut\u00f3noma de Coahuila \u201cTakinkai\u201d participar\u00e1 en la Edici\u00f3n 49 del<br>Festival Internacional Cervantino, el cual tiene como invitados de honor a Coahuila<br>como estado y a Cuba como pa\u00eds y que se llevar\u00e1 a cabo en el mes de octubre de<br>2021 en Guanajuato.<\/p>\n\n\n\n<p>El Festival Internacional Cervantino es el acontecimiento art\u00edstico y cultural m\u00e1s<br>importante de M\u00e9xico y Latinoam\u00e9rica, desde 1972, a\u00f1o de su creaci\u00f3n, el FIC<br>tiene como escenario la ciudad de Guanajuato, fundada en 1546 y declarada por<br>la UNESCO Patrimonio Cultural de la Humanidad.<\/p>\n\n\n\n<p>Durante su participaci\u00f3n Takinkai ofrecer\u00e1 un concierto de manera h\u00edbrida llamado<br>\u201cDe M\u00e9xico a los Andes\u201d, que se llevar\u00e1 a cabo el 24 de octubre de 2021 en la<br>Plaza San Fernando a las 16:00 horas y a trav\u00e9s de la p\u00e1gina<br><a href=\"https:\/\/festivalcervantino.gob.mx\/\">https:\/\/festivalcervantino.gob.mx\/<\/a>, durante el cual interpretar\u00e1n 18 canciones, entre<br>las que se encuentran The Rap, Sol de ma\u00edz, Paloma ausente, Mercado de<br>Testaccio, Vivir es mucho m\u00e1s, Mar\u00eda Canela y La calle de la desilusi\u00f3n.<\/p>\n\n\n\n<p>Takinkai, inici\u00f3 como un grupo de teatro con el nombre de \u201cEmiliano Zapata\u201d, en<br>sus presentaciones interpretaba m\u00fasica de protesta, su repertorio se conformaba<br>de m\u00fasica folcl\u00f3rica latinoamericana, de mensaje, de dialecto Arar\u00e1 de la Isla de<br>Cuba y melod\u00edas en dialecto quechua de los mayas.<\/p>\n\n\n\n<p>Sus fundadores fueron Carlos Telles Mu\u00f1iz y Genaro Ojeda Ram\u00edrez (director<br>musical) y en 1978 decidieron presentarse exclusivamente como grupo musical,<br>adoptando el nombre de Takinkai que, en lengua Maya significa \u201cQuiero Cantar\u201d y<br>con el prop\u00f3sito de preservar y difundir las costumbres y tradiciones de la m\u00fasica<br>popular y el folclore de Am\u00e9rica Latina.<\/p>\n\n\n\n<p>A la fecha cuenta con once producciones discogr\u00e1fica y con m\u00e1s de 3,500<br>conciertos en giras nacionales e internacionales por los estados de Sonora, Baja<br>California, Chihuahua, Zacatecas, San Luis Potos\u00ed, Coahuila, Nuevo Le\u00f3n,<br>Tamaulipas, Veracruz, Distrito Federal, Quintana Roo, Aguascalientes y Durango,<br>as\u00ed como en Estados Unidos, Francia, Italia y Cuba.<\/p>\n\n\n\n<p>Su actual director Jos\u00e9 Leija Montes (voz y percusiones), expres\u00f3 que para la<br>agrupaci\u00f3n es una gran responsabilidad participar en un evento tan importante como lo es el Festival Internacional Cervantino, ya que estar\u00e1n representando a la<br>UAdeC y al estado de Coahuila.<\/p>\n\n\n\n<p>\u201cEsto para nosotros significa mucho porque durante a\u00f1os hab\u00edamos querido<br>participar en el festival, pero por una u otra cosa no se hab\u00eda podido, pero ya se<br>logr\u00f3, vamos a representar lo m\u00e1s dignamente posible a nuestro estado y a la<br>m\u00e1xima casa de estudios\u201d, dijo.<\/p>\n\n\n\n<p>Por otro lado, coment\u00f3 que para Takinkai es enriquecedor asistir al Festival, pues<br>siempre buscan aprender de lo que hacen otras agrupaciones, oportunidad que<br>han tenido al participar en festivales mundiales de folclore en Francia e Italia, por<br>lo que han conocido nuevos ritmos e instrumentos.<\/p>\n\n\n\n<p>As\u00ed mismo, se\u00f1al\u00f3 que luego de 43 a\u00f1os de trayectoria, la agrupaci\u00f3n ha pasado<br>por muchos retos, los cuales han logrado superar, pues los miembros de Takinkai<br>saben trabajar en equipo y siempre llegan a acuerdos que los han llevado a estar<br>juntos durante m\u00e1s de cuatro d\u00e9cadas.<\/p>\n\n\n\n<p>Adem\u00e1s, agreg\u00f3 que Takinkai es muy exigente en todo lo que hace, por lo que sus<br>presentaciones se preparan de manera estricta, esto con el objetivo de ofrecer un<br>espect\u00e1culo de calidad y as\u00ed acercarse no solo a un p\u00fablico especifico, sino que<br>este sea diverso.<\/p>\n\n\n\n<p>Agreg\u00f3 que actualmente el mundo est\u00e1 pasando por muchas cosas, entre ellas la<br>pandemia, por lo que recalc\u00f3 que la cultura y en espec\u00edfico la m\u00fasica puede traer<br>paz a las personas y al escuchar un concierto se pueden olvidar de los problemas<br>que los aquejan y disminuir la violencia.<\/p>\n\n\n\n<p>Takinkai est\u00e1 conformado actualmente por Jes\u00fas Israel Hern\u00e1ndez L\u00f3pez<br>(guitarra, charango, percusiones y voz), Rafael P\u00e9rez Mart\u00ednez (quena, guitarra,<br>voz), Santiago Garc\u00eda Cepeda (zampo\u00f1as, quena, saxof\u00f3n y voz), Pio R\u00edos<br>Valenzuela (saxof\u00f3n, clarinete guitarra y voz), Fidel Gonz\u00e1lez N\u00fa\u00f1ez (viol\u00edn, bajo y<br>voz) y su director Jos\u00e9 Leija Montes (voz y percusiones).<\/p>\n","protected":false},"excerpt":{"rendered":"<p>SALTILLO, Coahuila. 10 de agosto de 2021.- El Grupo Representativo de laUniversidad Aut\u00f3noma de Coahuila \u201cTakinkai\u201d participar\u00e1 en la Edici\u00f3n 49 delFestival Internacional Cervantino, el cual tiene como invitados de honor a Coahuilacomo estado y a Cuba como pa\u00eds y que se llevar\u00e1 a cabo en el mes de octubre de2021 en Guanajuato. El Festival Internacional Cervantino es el acontecimiento art\u00edstico y cultural m\u00e1simportante de M\u00e9xico y Latinoam\u00e9rica, desde 1972,&#8230;<\/p>\n","protected":false},"author":1,"featured_media":3823,"comment_status":"closed","ping_status":"closed","sticky":false,"template":"","format":"standard","meta":{"footnotes":""},"categories":[12,2],"tags":[],"class_list":["post-3822","post","type-post","status-publish","format-standard","has-post-thumbnail","hentry","category-cultura","category-uadec","wpcat-12-id","wpcat-2-id"],"_links":{"self":[{"href":"https:\/\/www.aquilaguna.com\/index.php\/wp-json\/wp\/v2\/posts\/3822","targetHints":{"allow":["GET"]}}],"collection":[{"href":"https:\/\/www.aquilaguna.com\/index.php\/wp-json\/wp\/v2\/posts"}],"about":[{"href":"https:\/\/www.aquilaguna.com\/index.php\/wp-json\/wp\/v2\/types\/post"}],"author":[{"embeddable":true,"href":"https:\/\/www.aquilaguna.com\/index.php\/wp-json\/wp\/v2\/users\/1"}],"replies":[{"embeddable":true,"href":"https:\/\/www.aquilaguna.com\/index.php\/wp-json\/wp\/v2\/comments?post=3822"}],"version-history":[{"count":1,"href":"https:\/\/www.aquilaguna.com\/index.php\/wp-json\/wp\/v2\/posts\/3822\/revisions"}],"predecessor-version":[{"id":3824,"href":"https:\/\/www.aquilaguna.com\/index.php\/wp-json\/wp\/v2\/posts\/3822\/revisions\/3824"}],"wp:featuredmedia":[{"embeddable":true,"href":"https:\/\/www.aquilaguna.com\/index.php\/wp-json\/wp\/v2\/media\/3823"}],"wp:attachment":[{"href":"https:\/\/www.aquilaguna.com\/index.php\/wp-json\/wp\/v2\/media?parent=3822"}],"wp:term":[{"taxonomy":"category","embeddable":true,"href":"https:\/\/www.aquilaguna.com\/index.php\/wp-json\/wp\/v2\/categories?post=3822"},{"taxonomy":"post_tag","embeddable":true,"href":"https:\/\/www.aquilaguna.com\/index.php\/wp-json\/wp\/v2\/tags?post=3822"}],"curies":[{"name":"wp","href":"https:\/\/api.w.org\/{rel}","templated":true}]}}