{"id":3869,"date":"2021-08-12T18:33:20","date_gmt":"2021-08-12T23:33:20","guid":{"rendered":"https:\/\/www.aquilaguna.com\/?p=3869"},"modified":"2021-08-12T18:33:20","modified_gmt":"2021-08-12T23:33:20","slug":"secretaria-de-salud-de-coahuila-informa","status":"publish","type":"post","link":"https:\/\/www.aquilaguna.com\/index.php\/2021\/08\/12\/secretaria-de-salud-de-coahuila-informa\/","title":{"rendered":"Secretar\u00eda de Salud de Coahuila informa:"},"content":{"rendered":"\n<p>Ciudad Acu\u00f1a, Coahuila de Zaragoza; a 12 de Agosto de 2021.- La Secretar\u00eda de Salud del Estado (SS) informa que tom\u00f3 conocimiento y ya se atiende el brote de contagios por Covid-19 en el Asilo del DIF Municipal \u201cEvaristo P\u00e9rez Arreola\u201d, de este municipio.<\/p>\n\n\n\n<p>El pasado d\u00eda 9 de agosto se notific\u00f3 a la Jurisdicci\u00f3n Sanitaria 2 sobre personas que presentaban s\u00edntomas de Covid-19, por lo que el 10 de agosto acudi\u00f3 personal de la Jurisdicci\u00f3n a valorar y realizar pruebas de ant\u00edgeno Covid y PCR.<\/p>\n\n\n\n<p>Se encontr\u00f3 que los 10 residentes del asilo presentaban s\u00edntomas como tos, fiebre, cefalea y ataque al estado general, por lo que se realizaron pruebas de ant\u00edgeno a las 10 personas, con resultado positivo en 8 de ellas, y con resultado de PCR positivo a SARS CoV 2 en las 10 personas, las cuales son 8 hombres y dos mujeres de entre 54 y 92 a\u00f1os de edad.<\/p>\n\n\n\n<p>La Secretar\u00eda de Salud se\u00f1ala que se inici\u00f3 el estudio de brote, encontrando que dos de los trabajadores de ese asilo, \u2014uno del sexo masculino (enfermero), de 30 a\u00f1os, y una trabajadora (cocinera) del sexo femenino, de 44 a\u00f1os\u2014 iniciaron con s\u00edntomas el 2 de agosto, con resultados de PCR positivos los d\u00edas 4 y 6 de agosto, respectivamente.<\/p>\n\n\n\n<p>Ambos se encuentran aislados y con tratamiento ambulatorio.<\/p>\n\n\n\n<p>Se notific\u00f3 este brote a las autoridades del asilo, as\u00ed como en la plataforma SINAVE con folio NM00260556-0, y se emitieron por escrito recomendaciones ante la presencia de brotes en residencias de personas mayores para el control del mismo.<\/p>\n\n\n\n<p>Actualmente todos los residentes del asilo cuentan con su esquema de vacunaci\u00f3n y se encuentran estables, en tratamiento por m\u00e9dico de servicios de Salud Municipal. Se informa que no hay hospitalizados ni defunciones.<\/p>\n\n\n\n<p>La Secretar\u00eda de Salud da seguimiento puntual a cada uno de estos casos.<\/p>\n\n\n\n<p>La SS exhorta a la poblaci\u00f3n a mantener las medidas de prevenci\u00f3n de contagios, como el uso de cubrebocas, la aplicaci\u00f3n de gel antibacterial, lavado de manos continuo, mantener la sana distancia, evitar lugares concurridos y de poca ventilaci\u00f3n, etc.<\/p>\n","protected":false},"excerpt":{"rendered":"<p>Ciudad Acu\u00f1a, Coahuila de Zaragoza; a 12 de Agosto de 2021.- La Secretar\u00eda de Salud del Estado (SS) informa que tom\u00f3 conocimiento y ya se atiende el brote de contagios por Covid-19 en el Asilo del DIF Municipal \u201cEvaristo P\u00e9rez Arreola\u201d, de este municipio. El pasado d\u00eda 9 de agosto se notific\u00f3 a la Jurisdicci\u00f3n Sanitaria 2 sobre personas que presentaban s\u00edntomas de Covid-19, por lo que el 10 de&#8230;<\/p>\n","protected":false},"author":1,"featured_media":0,"comment_status":"closed","ping_status":"closed","sticky":false,"template":"","format":"standard","meta":{"footnotes":""},"categories":[5,4,15,14],"tags":[],"class_list":["post-3869","post","type-post","status-publish","format-standard","hentry","category-coahuila","category-covid","category-gobierno-de-coahuila","category-salud","wpcat-5-id","wpcat-4-id","wpcat-15-id","wpcat-14-id"],"_links":{"self":[{"href":"https:\/\/www.aquilaguna.com\/index.php\/wp-json\/wp\/v2\/posts\/3869","targetHints":{"allow":["GET"]}}],"collection":[{"href":"https:\/\/www.aquilaguna.com\/index.php\/wp-json\/wp\/v2\/posts"}],"about":[{"href":"https:\/\/www.aquilaguna.com\/index.php\/wp-json\/wp\/v2\/types\/post"}],"author":[{"embeddable":true,"href":"https:\/\/www.aquilaguna.com\/index.php\/wp-json\/wp\/v2\/users\/1"}],"replies":[{"embeddable":true,"href":"https:\/\/www.aquilaguna.com\/index.php\/wp-json\/wp\/v2\/comments?post=3869"}],"version-history":[{"count":1,"href":"https:\/\/www.aquilaguna.com\/index.php\/wp-json\/wp\/v2\/posts\/3869\/revisions"}],"predecessor-version":[{"id":3870,"href":"https:\/\/www.aquilaguna.com\/index.php\/wp-json\/wp\/v2\/posts\/3869\/revisions\/3870"}],"wp:attachment":[{"href":"https:\/\/www.aquilaguna.com\/index.php\/wp-json\/wp\/v2\/media?parent=3869"}],"wp:term":[{"taxonomy":"category","embeddable":true,"href":"https:\/\/www.aquilaguna.com\/index.php\/wp-json\/wp\/v2\/categories?post=3869"},{"taxonomy":"post_tag","embeddable":true,"href":"https:\/\/www.aquilaguna.com\/index.php\/wp-json\/wp\/v2\/tags?post=3869"}],"curies":[{"name":"wp","href":"https:\/\/api.w.org\/{rel}","templated":true}]}}