{"id":3948,"date":"2021-08-16T19:35:48","date_gmt":"2021-08-17T00:35:48","guid":{"rendered":"https:\/\/www.aquilaguna.com\/?p=3948"},"modified":"2021-08-16T19:35:49","modified_gmt":"2021-08-17T00:35:49","slug":"entrega-mars-reconocimiento-a-fundacion-e-arocena-con-motivo-de-su-xv-aniversario","status":"publish","type":"post","link":"https:\/\/www.aquilaguna.com\/index.php\/2021\/08\/16\/entrega-mars-reconocimiento-a-fundacion-e-arocena-con-motivo-de-su-xv-aniversario\/","title":{"rendered":"ENTREGA MARS RECONOCIMIENTO A FUNDACI\u00d3N E AROCENA CON MOTIVO DE SU XV ANIVERSARIO."},"content":{"rendered":"\n<p>Torre\u00f3n, Coahuila de Zaragoza; a 16 de Agosto de 2021.- El gobernador Miguel \u00c1ngel Riquelme Sol\u00eds entreg\u00f3 un reconocimiento a la Fundaci\u00f3n E. Arocena en el emblem\u00e1tico recinto para Coahuila y La Laguna.<\/p>\n\n\n\n<p>Reconoci\u00f3 a Fabiola Favila Gallegos, nombrada aqu\u00ed Directora del Museo, por su trabajo hecho al frente del mismo, adem\u00e1s de se\u00f1alar que en Torre\u00f3n, desde sus or\u00edgenes, la cultura ha ocupado un lugar especial que ha impactado en el desarrollo econ\u00f3mico y tur\u00edstico.<\/p>\n\n\n\n<p>\u201cEs de reconocerle por los XV A\u00f1os de Aniversario y a los que han puesto en alto su nombre tanto de forma nacional e internacional\u201d, expres\u00f3.<\/p>\n\n\n\n<p>Se\u00f1al\u00f3 que el mayor reto que tiene Coahuila en el momento es el regreso a clases presenciales, sin embargo est\u00e1n ocupados en eso, como el poder fortalecer la ense\u00f1anza desde la cultura.<\/p>\n\n\n\n<p>\u201cNos sentimos muy orgullosos de contar con este museo de arte, antes de \u00e9ste no exist\u00eda uno igual, con obras de gran magnitud a nivel nacional e internacional\u201d, declar\u00f3.<\/p>\n\n\n\n<p>Hoy, el Museo Arocena lo conforman el antiguo Casino de La Laguna, la Casa Hist\u00f3rica Arocena y el Edificio Russek.Desde que abri\u00f3 sus puertas, en agosto de 2006, ya van m\u00e1s de un mill\u00f3n de visitantes y ha contado con m\u00e1s de 100 exposiciones.<\/p>\n\n\n\n<p>Inform\u00f3 que los recursos \u2014que son de los ciudadanos y que han sido radicados a \u00e9ste a trav\u00e9s del convenio institucional\u2014 han sido aplicados de manera transparente, que han permitido extender sus alcances y mejorar sus instalaciones.<\/p>\n\n\n\n<p>\u201cAqu\u00ed existe un trabajo integrado con imaginaci\u00f3n y creatividad para ser al mismo tiempo, intensivo, incluyente y de calidad; les reitero nuestro apoyo constante para que contin\u00faen con su importante misi\u00f3n\u201d, precis\u00f3.<\/p>\n\n\n\n<p>En su intervenci\u00f3n, Gustavo D\u00edaz de Le\u00f3n, Consejero del Museo Arocena, agradeci\u00f3 al Gobernador por ser el promotor de esta distinci\u00f3n tan importante que hoy hace al recinto.<\/p>\n\n\n\n<p>\u201cGobernador, somos un grupo de empresarios sensibles e interesados en la cultura, marcando las l\u00edneas de acci\u00f3n de lo que debe ser un museo de arte de clase internacional, pero sobre todo es un referente de orgullo para los laguneros. Desde su inicio se puso como meta el tema educativo, desde preescolar hasta preparatoria\u201d, destac\u00f3.<\/p>\n\n\n\n<p>Expuso que por la pandemia se han\u00a0\u00a0trasladado a la virtualidad, pero se encuentra preparado para que la ni\u00f1ez y juventud puedan volver cuando las autoridades lo permitan.<\/p>\n\n\n\n<p>\u201cEl arte es el m\u00f3vil para la transformaci\u00f3n humana, y buscan que desde aqu\u00ed se llegue a la trascendencia\u201d, enfatiz\u00f3.Agradeci\u00f3 a Coahuila por el reconocimiento, que los invita a seguir redoblando esfuerzos para que las nuevas generaciones gocen de \u00e9l.<\/p>\n\n\n\n<p>Fabiola Favila Gallegos, Directora del Museo Arocena, dio la bienvenida a las autoridades y destac\u00f3 que el reconocimiento representa un gran honor para la instituci\u00f3n y para todos los que forman parte de \u00e9l.<\/p>\n\n\n\n<p>A trav\u00e9s de \u00e9ste se ha marcado una labor formativa y educativa, por lo que se present\u00f3 un v\u00eddeo para resaltar que poco a poco este proyecto forma parte de la ciudad, adem\u00e1s que lleg\u00f3 al mill\u00f3n de visitas.<\/p>\n\n\n\n<p>La infraestructura ha crecido y lo conforman tres edificios donde han instalado muestras culturales y ha servido para el conocimiento de los turistas.<\/p>\n\n\n\n<p>Ante la creciente crisis sanitaria se buscaron nuevas formas de llegar a la ciudadan\u00eda, pues cuentan con un gran equipo creativo para que su cartelera siga adelante.<\/p>\n\n\n\n<p>Agradecieron a los pilares que hacen esto posible y que puedan coadyuvar a la uni\u00f3n del arte y de la cultura en favor de la sociedad.<\/p>\n\n\n\n<p>\u201cEste museo ha significado un espacio de ocio y de educaci\u00f3n, todas las acciones emprendidas por los colaboradores, voluntarios y benefactores est\u00e1n encaminados a unir a la comunidad.<\/p>\n\n\n\n<p>\u201cEn cada reto vemos una oportunidad para involucrar a la sociedad en el arte y la cultura, se trabaj\u00f3 a distancia durante la pandemia y ahora se regres\u00f3 con filtros para recibir a la gente\u201d, puntualiz\u00f3.<\/p>\n\n\n\n<p>Ante los XV A\u00f1os se prepar\u00f3 la exposici\u00f3n \u201cVaqueros de la Cruz del diablo y Pelegr\u00edn Clav\u00e9\u201d para el disfrute de los laguneros.<\/p>\n\n\n\n<p>Coment\u00f3 que el m\u00e1s grande logro es que m\u00e1s de 400 mil ni\u00f1as y ni\u00f1os hayan tenido su primer contacto con el arte en este recinto, por tanto ven un espacio maduro y pr\u00f3spero que ha sumado su esfuerzo y pasi\u00f3n.<\/p>\n\n\n\n<p>\u201cGobernador, estamos muy agradecidos por su trabajo en el Estado y por su apoyo al Museo Arocena\u201d, finaliz\u00f3.<\/p>\n\n\n\n<p>Por su parte, Jorge Zerme\u00f1o Infante, Alcalde de Torre\u00f3n, asumi\u00f3 que este es un d\u00eda especial por los XV A\u00f1os de la Fundaci\u00f3n del Museo Arocena, que es un recinto de clase mundial.<\/p>\n\n\n\n<p>A la entrega de reconocimiento acudieron, tambi\u00e9n, la senadora Ver\u00f3nica Mart\u00ednez Garc\u00eda, y la Secretaria de Cultura del Estado, Ana Sof\u00eda Garc\u00eda Camil, as\u00ed como funcionarios municipales y representantes del \u00e1mbito cultural de la Regi\u00f3n Laguna.<\/p>\n","protected":false},"excerpt":{"rendered":"<p>Torre\u00f3n, Coahuila de Zaragoza; a 16 de Agosto de 2021.- El gobernador Miguel \u00c1ngel Riquelme Sol\u00eds entreg\u00f3 un reconocimiento a la Fundaci\u00f3n E. Arocena en el emblem\u00e1tico recinto para Coahuila y La Laguna. Reconoci\u00f3 a Fabiola Favila Gallegos, nombrada aqu\u00ed Directora del Museo, por su trabajo hecho al frente del mismo, adem\u00e1s de se\u00f1alar que en Torre\u00f3n, desde sus or\u00edgenes, la cultura ha ocupado un lugar especial que ha impactado&#8230;<\/p>\n","protected":false},"author":1,"featured_media":3949,"comment_status":"closed","ping_status":"closed","sticky":false,"template":"","format":"standard","meta":{"footnotes":""},"categories":[5,12,15,28,7],"tags":[],"class_list":["post-3948","post","type-post","status-publish","format-standard","has-post-thumbnail","hentry","category-coahuila","category-cultura","category-gobierno-de-coahuila","category-la-laguna","category-torreon","wpcat-5-id","wpcat-12-id","wpcat-15-id","wpcat-28-id","wpcat-7-id"],"_links":{"self":[{"href":"https:\/\/www.aquilaguna.com\/index.php\/wp-json\/wp\/v2\/posts\/3948","targetHints":{"allow":["GET"]}}],"collection":[{"href":"https:\/\/www.aquilaguna.com\/index.php\/wp-json\/wp\/v2\/posts"}],"about":[{"href":"https:\/\/www.aquilaguna.com\/index.php\/wp-json\/wp\/v2\/types\/post"}],"author":[{"embeddable":true,"href":"https:\/\/www.aquilaguna.com\/index.php\/wp-json\/wp\/v2\/users\/1"}],"replies":[{"embeddable":true,"href":"https:\/\/www.aquilaguna.com\/index.php\/wp-json\/wp\/v2\/comments?post=3948"}],"version-history":[{"count":1,"href":"https:\/\/www.aquilaguna.com\/index.php\/wp-json\/wp\/v2\/posts\/3948\/revisions"}],"predecessor-version":[{"id":3950,"href":"https:\/\/www.aquilaguna.com\/index.php\/wp-json\/wp\/v2\/posts\/3948\/revisions\/3950"}],"wp:featuredmedia":[{"embeddable":true,"href":"https:\/\/www.aquilaguna.com\/index.php\/wp-json\/wp\/v2\/media\/3949"}],"wp:attachment":[{"href":"https:\/\/www.aquilaguna.com\/index.php\/wp-json\/wp\/v2\/media?parent=3948"}],"wp:term":[{"taxonomy":"category","embeddable":true,"href":"https:\/\/www.aquilaguna.com\/index.php\/wp-json\/wp\/v2\/categories?post=3948"},{"taxonomy":"post_tag","embeddable":true,"href":"https:\/\/www.aquilaguna.com\/index.php\/wp-json\/wp\/v2\/tags?post=3948"}],"curies":[{"name":"wp","href":"https:\/\/api.w.org\/{rel}","templated":true}]}}