{"id":3980,"date":"2021-08-18T16:47:08","date_gmt":"2021-08-18T21:47:08","guid":{"rendered":"https:\/\/www.aquilaguna.com\/?p=3980"},"modified":"2021-08-18T16:47:09","modified_gmt":"2021-08-18T21:47:09","slug":"inicia-ciclo-escolar-hibrido-en-colegio-de-bachilleres-de-coahuila","status":"publish","type":"post","link":"https:\/\/www.aquilaguna.com\/index.php\/2021\/08\/18\/inicia-ciclo-escolar-hibrido-en-colegio-de-bachilleres-de-coahuila\/","title":{"rendered":"INICIA CICLO ESCOLAR H\u00cdBRIDO EN COLEGIO DE BACHILLERES DE COAHUILA."},"content":{"rendered":"\n<p>Saltillo, Coahuila de Zaragoza; a 18 de Agosto de 2021.- En apego a las indicaciones sanitarias y con la anuencia del Comit\u00e9 Regional Sureste Covid-19, se iniciaron las clases de manera h\u00edbrida en los planteles y Telebachilleratos Comunitarios del Colegio de Bachilleres de Coahuila en todo el Estado, y as\u00ed despu\u00e9s de un a\u00f1o se retomaron las clases presenciales en las aulas.<\/p>\n\n\n\n<p>De manera simb\u00f3lica, Leonardo Jim\u00e9nez Camacho, Director General del COBAC en el Estado, realiz\u00f3 un breve arranque de ciclo escolar, donde se habl\u00f3 de la concientizaci\u00f3n sobre los cuidados de salud y de la importancia de respetar las recomendaciones realizadas por personal docente.<\/p>\n\n\n\n<p>Lo acompa\u00f1aron el Director Acad\u00e9mico, Jos\u00e9 Lara Cisneros, y Christian Cerda Perera, Director del Plantel \u201cJuan Francisco Ealy Ortiz\u201d, quienes tambi\u00e9n dieron la bienvenida a los estudiantes de nuevo ingreso.<\/p>\n\n\n\n<p>Asimismo, se realiz\u00f3 un recorrido de supervisi\u00f3n de la infraestructura interna y externa del plantel, as\u00ed como la log\u00edstica aplicada en los salones de clase, donde los alumnos acudieron de manera escalonada en grupo no mayores a 20 estudiantes.<\/p>\n\n\n\n<p>Cabe mencionar que el personal docente cuenta con insumos necesarios para su protecci\u00f3n, as\u00ed como la capacitaci\u00f3n correspondiente por parte de las autoridades responsables de la salud y protecci\u00f3n civil para desempe\u00f1ar su labor a cargo de los grupos.<\/p>\n\n\n\n<p>Personal docente y administrativo del Colegio de Bachilleres de Coahuila puso en marcha las acciones y recomendaciones de las autoridades encabezadas por el gobernador Miguel \u00c1ngel Riquelme Sol\u00eds para un regreso a clases seguro.<\/p>\n","protected":false},"excerpt":{"rendered":"<p>Saltillo, Coahuila de Zaragoza; a 18 de Agosto de 2021.- En apego a las indicaciones sanitarias y con la anuencia del Comit\u00e9 Regional Sureste Covid-19, se iniciaron las clases de manera h\u00edbrida en los planteles y Telebachilleratos Comunitarios del Colegio de Bachilleres de Coahuila en todo el Estado, y as\u00ed despu\u00e9s de un a\u00f1o se retomaron las clases presenciales en las aulas. De manera simb\u00f3lica, Leonardo Jim\u00e9nez Camacho, Director General&#8230;<\/p>\n","protected":false},"author":1,"featured_media":3981,"comment_status":"closed","ping_status":"closed","sticky":false,"template":"","format":"standard","meta":{"footnotes":""},"categories":[5,9,15],"tags":[],"class_list":["post-3980","post","type-post","status-publish","format-standard","has-post-thumbnail","hentry","category-coahuila","category-educacion","category-gobierno-de-coahuila","wpcat-5-id","wpcat-9-id","wpcat-15-id"],"_links":{"self":[{"href":"https:\/\/www.aquilaguna.com\/index.php\/wp-json\/wp\/v2\/posts\/3980","targetHints":{"allow":["GET"]}}],"collection":[{"href":"https:\/\/www.aquilaguna.com\/index.php\/wp-json\/wp\/v2\/posts"}],"about":[{"href":"https:\/\/www.aquilaguna.com\/index.php\/wp-json\/wp\/v2\/types\/post"}],"author":[{"embeddable":true,"href":"https:\/\/www.aquilaguna.com\/index.php\/wp-json\/wp\/v2\/users\/1"}],"replies":[{"embeddable":true,"href":"https:\/\/www.aquilaguna.com\/index.php\/wp-json\/wp\/v2\/comments?post=3980"}],"version-history":[{"count":1,"href":"https:\/\/www.aquilaguna.com\/index.php\/wp-json\/wp\/v2\/posts\/3980\/revisions"}],"predecessor-version":[{"id":3982,"href":"https:\/\/www.aquilaguna.com\/index.php\/wp-json\/wp\/v2\/posts\/3980\/revisions\/3982"}],"wp:featuredmedia":[{"embeddable":true,"href":"https:\/\/www.aquilaguna.com\/index.php\/wp-json\/wp\/v2\/media\/3981"}],"wp:attachment":[{"href":"https:\/\/www.aquilaguna.com\/index.php\/wp-json\/wp\/v2\/media?parent=3980"}],"wp:term":[{"taxonomy":"category","embeddable":true,"href":"https:\/\/www.aquilaguna.com\/index.php\/wp-json\/wp\/v2\/categories?post=3980"},{"taxonomy":"post_tag","embeddable":true,"href":"https:\/\/www.aquilaguna.com\/index.php\/wp-json\/wp\/v2\/tags?post=3980"}],"curies":[{"name":"wp","href":"https:\/\/api.w.org\/{rel}","templated":true}]}}