{"id":3983,"date":"2021-08-18T16:50:35","date_gmt":"2021-08-18T21:50:35","guid":{"rendered":"https:\/\/www.aquilaguna.com\/?p=3983"},"modified":"2021-08-18T16:50:36","modified_gmt":"2021-08-18T21:50:36","slug":"convoca-uadec-a-sus-estudiantes-de-licenciatura-y-posgrado-a-postularse-para-movilidad-virtual-internacional","status":"publish","type":"post","link":"https:\/\/www.aquilaguna.com\/index.php\/2021\/08\/18\/convoca-uadec-a-sus-estudiantes-de-licenciatura-y-posgrado-a-postularse-para-movilidad-virtual-internacional\/","title":{"rendered":"Convoca UAdeC a sus Estudiantes de Licenciatura y Posgrado a Postularse para Movilidad Virtual Internacional."},"content":{"rendered":"\n<p>SALTILLO, Coahuila. 18 de agosto de 2021.- La Coordinaci\u00f3n General de<br>Relaciones Internacionales de la Universidad Aut\u00f3noma de Coahuila, abre su<br>convocatoria para participar en el Programa de Movilidad Acad\u00e9mica Internacional<br>en su modalidad virtual, para el periodo enero-junio de 2022, la fecha l\u00edmite de<br>postulaci\u00f3n es el 17 de septiembre de 2021.<\/p>\n\n\n\n<p>El coordinador general de Relaciones Internacionales, Juan Manuel Morales<br>Santoyo, acompa\u00f1ado por la subdirectora acad\u00e9mica de la dependencia, Karla<br>Patricia Vald\u00e9s Garc\u00eda, dieron a conocer los detalles de la convocatoria que tiene<br>como objetivo promover la formaci\u00f3n integral de estudiantes de Licenciatura y<br>Posgrado a trav\u00e9s de la movilidad acad\u00e9mica en instituciones de Educaci\u00f3n<br>Superior internacionales en modalidad virtual, con la misma calidad y resultados<br>de una estancia presencial.<\/p>\n\n\n\n<p>Morales Santoyo, se\u00f1al\u00f3 que el proceso de movilidad acad\u00e9mica para el periodo<br>enero-junio de 2022 ser\u00e1 cien por ciento en l\u00ednea, ya que la principal preocupaci\u00f3n<br>de la UAdeC, es la exposici\u00f3n de los estudiantes ante la pandemia por COVID-19,<br>adem\u00e1s que la mayor\u00eda de las universidades con las que se tiene convenio est\u00e1n<br>manejando esta modalidad.<\/p>\n\n\n\n<p>\u201cPor el momento, las condiciones no lo permiten, no hay certeza de c\u00f3mo<br>evolucione la situaci\u00f3n de la pandemia y el regreso total a clases presenciales,<br>invitamos a los estudiantes que consideren esta opci\u00f3n de estudio, que no implica<br>gastos mayores como los de una estad\u00eda en otro pa\u00eds\u201d, coment\u00f3.<\/p>\n\n\n\n<p>Juan Manuel Morales resalt\u00f3 que, el hecho de elegir una movilidad virtual, no<br>exime a los alumnos de cursar una estancia acad\u00e9mica presencial m\u00e1s adelante o<br>de cursar m\u00e1s semestres virtuales en una instituci\u00f3n extranjera, asimismo,<br>mencion\u00f3 que algunas de las Universidades con las que se tiene convenio son de<br>Estados, Canad\u00e1, Per\u00fa, Colombia, Brasil, Chile, Espa\u00f1a, Alemania e Italia.<\/p>\n\n\n\n<p>Por su parte, la subdirectora acad\u00e9mica de la Coordinaci\u00f3n General de Relaciones<br>Internacionales, Karla Patricia Vald\u00e9s Garc\u00eda, destac\u00f3 que se ofrece este modelo<br>acad\u00e9mico flexible para la formaci\u00f3n profesional de los universitarios, adem\u00e1s que<br>permitir\u00e1 recibir de modo virtual a estudiantes de otros pa\u00edses, para enriquecer los<br>procesos de ense\u00f1anza y aprendizaje.<\/p>\n\n\n\n<p>Vald\u00e9s Garc\u00eda, dijo que los requisitos para postularse en el Programa de Movilidad<br>Acad\u00e9mica Internacional (modalidad virtual) son: Ser alumno de licenciatura o posgrado, regular y sin adeudos de materias, ni asignaturas reprobadas o<br>pendientes de acreditar (incluye ingl\u00e9s curricular), adem\u00e1s de contar con un<br>promedio general m\u00ednimo de 85.<\/p>\n\n\n\n<p>En el caso de ser alumno de licenciatura, haber completado el tercer semestre del<br>programa educativo al momento de solicitar la movilidad, mientras que los<br>estudiantes de posgrado deber\u00e1n haber concluido el primer semestre\/tetramestre<br>del mismo y no estar cursando el \u00faltimo periodo.<\/p>\n\n\n\n<p>Asimismo, el candidato deber\u00e1 ser postulado por el director de la Escuela o<br>Facultad, acreditar con comprobante oficial el dominio del idioma requerido por la<br>instituci\u00f3n destino, seg\u00fan el examen determinado y validado por ellos; para pa\u00edses<br>de habla inglesa, se deber\u00e1 comprobar un nivel intermedio o superior del idioma<br>ingl\u00e9s (m\u00ednimo B2 o equivalente a 550 puntos en examen de TOEFL).<\/p>\n\n\n\n<p>La fecha l\u00edmite de postulaci\u00f3n es el 17 de septiembre con el env\u00edo de toda la<br>documentaci\u00f3n requerida de manera digital en el correo<br>relaciones.internacionales@uadec.edu.mx, de igual forma, se recomienda revisar<br>las fechas de convocatoria que marca la universidad destino que se va a elegir; los<br>resultados se dar\u00e1n a conocer el 21 de septiembre a trav\u00e9s de la Coordinaci\u00f3n<br>General de Relaciones Internacionales.<\/p>\n\n\n\n<p>Consultar la convocatoria completa en <a href=\"http:\/\/www.uadec.mx\/cgri\/\" target=\"_blank\" rel=\"noreferrer noopener\">http:\/\/www.uadec.mx\/cgri\/<\/a> en el apartado de<br>\u201cConvocatoria Movilidad Internacional Saliente\u201d; para m\u00e1s informaci\u00f3n,<br>comunicarse con la Lic. Liliana Zertuche D\u00edaz de la CGRI en la direcci\u00f3n<br>electr\u00f3nica: lilianazertuchediaz@uadec.edu.mx o en los tel\u00e9fonos (844) 415 3077<br>y (844) 416 9995.<\/p>\n\n\n\n<p><strong>Anuncian Apertura de la Licenciatura de Ense\u00f1anza en el Idioma Ingl\u00e9s y Bachillerato Biling\u00fce.<\/strong><\/p>\n\n\n\n<p>El coordinador general de Relaciones Internacionales, Juan Manuel Morales<br>Santoyo, anunci\u00f3 la apertura de la Licenciatura de Ense\u00f1anza en el Idioma Ingl\u00e9s<br>y un programa de Bachillerato Biling\u00fce, ambos en modalidad h\u00edbrida para el<br>pr\u00f3ximo a\u00f1o y que podr\u00e1n cursarse en el Centro de Idiomas de la UAdeC.<br>\u201cEstamos trabajando en el dise\u00f1o de estos nuevos programas educativos para<br>ofrecerlos en el semestre agosto-diciembre 2022, con el fin de promover el estudio<br>de una segunda lengua como herramienta de crecimiento profesional, que<br>coadyuve en la formaci\u00f3n de m\u00e1s estudiantes capacitados para enfrentar los retos<br>actuales de globalizaci\u00f3n\u201d, inform\u00f3.<\/p>\n","protected":false},"excerpt":{"rendered":"<p>SALTILLO, Coahuila. 18 de agosto de 2021.- La Coordinaci\u00f3n General deRelaciones Internacionales de la Universidad Aut\u00f3noma de Coahuila, abre suconvocatoria para participar en el Programa de Movilidad Acad\u00e9mica Internacionalen su modalidad virtual, para el periodo enero-junio de 2022, la fecha l\u00edmite depostulaci\u00f3n es el 17 de septiembre de 2021. El coordinador general de Relaciones Internacionales, Juan Manuel MoralesSantoyo, acompa\u00f1ado por la subdirectora acad\u00e9mica de la dependencia, KarlaPatricia Vald\u00e9s Garc\u00eda, dieron&#8230;<\/p>\n","protected":false},"author":1,"featured_media":0,"comment_status":"closed","ping_status":"closed","sticky":false,"template":"","format":"standard","meta":{"footnotes":""},"categories":[2],"tags":[],"class_list":["post-3983","post","type-post","status-publish","format-standard","hentry","category-uadec","wpcat-2-id"],"_links":{"self":[{"href":"https:\/\/www.aquilaguna.com\/index.php\/wp-json\/wp\/v2\/posts\/3983","targetHints":{"allow":["GET"]}}],"collection":[{"href":"https:\/\/www.aquilaguna.com\/index.php\/wp-json\/wp\/v2\/posts"}],"about":[{"href":"https:\/\/www.aquilaguna.com\/index.php\/wp-json\/wp\/v2\/types\/post"}],"author":[{"embeddable":true,"href":"https:\/\/www.aquilaguna.com\/index.php\/wp-json\/wp\/v2\/users\/1"}],"replies":[{"embeddable":true,"href":"https:\/\/www.aquilaguna.com\/index.php\/wp-json\/wp\/v2\/comments?post=3983"}],"version-history":[{"count":1,"href":"https:\/\/www.aquilaguna.com\/index.php\/wp-json\/wp\/v2\/posts\/3983\/revisions"}],"predecessor-version":[{"id":3984,"href":"https:\/\/www.aquilaguna.com\/index.php\/wp-json\/wp\/v2\/posts\/3983\/revisions\/3984"}],"wp:attachment":[{"href":"https:\/\/www.aquilaguna.com\/index.php\/wp-json\/wp\/v2\/media?parent=3983"}],"wp:term":[{"taxonomy":"category","embeddable":true,"href":"https:\/\/www.aquilaguna.com\/index.php\/wp-json\/wp\/v2\/categories?post=3983"},{"taxonomy":"post_tag","embeddable":true,"href":"https:\/\/www.aquilaguna.com\/index.php\/wp-json\/wp\/v2\/tags?post=3983"}],"curies":[{"name":"wp","href":"https:\/\/api.w.org\/{rel}","templated":true}]}}