{"id":4023,"date":"2021-08-21T04:15:39","date_gmt":"2021-08-21T09:15:39","guid":{"rendered":"https:\/\/www.aquilaguna.com\/?p=4023"},"modified":"2021-08-21T04:15:40","modified_gmt":"2021-08-21T09:15:40","slug":"reporte-coahuila-del-plan-estatal-de-prevencion-y-control-covid-19-144","status":"publish","type":"post","link":"https:\/\/www.aquilaguna.com\/index.php\/2021\/08\/21\/reporte-coahuila-del-plan-estatal-de-prevencion-y-control-covid-19-144\/","title":{"rendered":"REPORTE COAHUILA DEL PLAN ESTATAL DE PREVENCI\u00d3N Y CONTROL COVID-19."},"content":{"rendered":"\n<p>Saltillo, Coahuila de Zaragoza; a 20 de Agosto del 2021.- Con motivo de mantener a la poblaci\u00f3n informada de los principales avances del Plan Estatal de Prevenci\u00f3n y Control COVID-19, la Secretar\u00eda de Salud de Coahuila (SS) informa:<\/p>\n\n\n\n<p>1.- Al d\u00eda de hoy se registran 374 nuevos casos en Coahuila, incluidas 17 defunciones.<\/p>\n\n\n\n<p>DEFUNCIONES<\/p>\n\n\n\n<p>ALLENDE<\/p>\n\n\n\n<p>Mujer de 62 a\u00f1os (caso ya confirmado)<\/p>\n\n\n\n<p>FRONTERA<\/p>\n\n\n\n<p>Hombre de 83 a\u00f1os (caso ya confirmado)<\/p>\n\n\n\n<p>Mujer de 76 a\u00f1os (caso ya confirmado)<\/p>\n\n\n\n<p>SABINAS<\/p>\n\n\n\n<p>Hombre de 27 a\u00f1os (caso ya confirmado)<\/p>\n\n\n\n<p>SALTILLO<\/p>\n\n\n\n<p>Mujer de 84 a\u00f1os (caso ya confirmado)<\/p>\n\n\n\n<p>Hombre de 67 a\u00f1os (caso ya confirmado)<\/p>\n\n\n\n<p>Mujer de 67 a\u00f1os (caso ya confirmado)<\/p>\n\n\n\n<p>Hombre de 62 a\u00f1os (caso ya confirmado)<\/p>\n\n\n\n<p>Mujer de 62 a\u00f1os (caso ya confirmado)<\/p>\n\n\n\n<p>Mujer de 55 a\u00f1os<\/p>\n\n\n\n<p>Mujer de 51 a\u00f1os<\/p>\n\n\n\n<p>Mujer de 49 a\u00f1os (caso ya confirmado)<\/p>\n\n\n\n<p>Mujer de 43 a\u00f1os<\/p>\n\n\n\n<p>Hombre de 42 a\u00f1os (caso ya confirmado)<\/p>\n\n\n\n<p>Hombre de 39 a\u00f1os (caso ya confirmado)<\/p>\n\n\n\n<p>TORRE\u00d3N<\/p>\n\n\n\n<p>Mujer de 32 (caso ya reportado)<\/p>\n\n\n\n<p>SAN JUAN DE SABINAS<\/p>\n\n\n\n<p>Hombre de 83 a\u00f1os (caso ya reportados<\/p>\n\n\n\n<p>DISTRIBUCI\u00d3N DE NUEVOS CASOS<\/p>\n\n\n\n<p>156 SALTILLO<\/p>\n\n\n\n<p>41 RAMOS ARIZPE<\/p>\n\n\n\n<p>41 TORRE\u00d3N<\/p>\n\n\n\n<p>23 PIEDRAS NEGRAS<\/p>\n\n\n\n<p>21 MONCLOVA<\/p>\n\n\n\n<p>14 PARRAS DE LA FUENTE<\/p>\n\n\n\n<p>13 M\u00daZQUIZ<\/p>\n\n\n\n<p>10 ACU\u00d1A<\/p>\n\n\n\n<p>9 SAN JUAN DE SABINAS<\/p>\n\n\n\n<p>9 SABINAS<\/p>\n\n\n\n<p>6 ARTEAGA<\/p>\n\n\n\n<p>6 SAN PEDRO<\/p>\n\n\n\n<p>5 FRONTERA<\/p>\n\n\n\n<p>5 MATAMOROS<\/p>\n\n\n\n<p>3 NAVA<\/p>\n\n\n\n<p>2 CUATRO CI\u00c9NEGAS<\/p>\n\n\n\n<p>2 ZARAGOZA<\/p>\n\n\n\n<p>1 SAN BUENAVENTURA<\/p>\n\n\n\n<p>1 ABASOLO<\/p>\n\n\n\n<p>1 PROGRESO<\/p>\n\n\n\n<p>1 ALLENDE<\/p>\n\n\n\n<p>1 CANDELA<\/p>\n\n\n\n<p>1 CASTA\u00d1OS<\/p>\n\n\n\n<p>1 FRANCISCO I. MADERO<\/p>\n\n\n\n<p>1 GENERAL CEPEDA<\/p>\n\n\n\n<p>2.- Existen AHORA en Coahuila 2,860&nbsp; casos activos de COVID &#8211; 19.<\/p>\n\n\n\n<p>DISTRIBUCI\u00d3N DE CASOS ACTIVOS<\/p>\n\n\n\n<p>-Saltillo 1,132<\/p>\n\n\n\n<p>-Torre\u00f3n 314<\/p>\n\n\n\n<p>-Piedras Negras 203<\/p>\n\n\n\n<p>-Monclova 199<\/p>\n\n\n\n<p>-Acu\u00f1a 157<\/p>\n\n\n\n<p>-Parras de la Fuente 122<\/p>\n\n\n\n<p>-Sabinas 108<\/p>\n\n\n\n<p>-M\u00fazquiz 92<\/p>\n\n\n\n<p>-Ramos Arizpe 88<\/p>\n\n\n\n<p>-Frontera 72<\/p>\n\n\n\n<p>-San Juan de Sabinas 72<\/p>\n\n\n\n<p>-Arteaga 32<\/p>\n\n\n\n<p>-San Pedro 31<\/p>\n\n\n\n<p>-San Buenaventura 27<\/p>\n\n\n\n<p>-Casta\u00f1os 27<\/p>\n\n\n\n<p>-General Cepeda 24<\/p>\n\n\n\n<p>-Cuatro Ci\u00e9negas 24<\/p>\n\n\n\n<p>-Nava 21<\/p>\n\n\n\n<p>-Matamoros 21<\/p>\n\n\n\n<p>-Zaragoza 17<\/p>\n\n\n\n<p>-Francisco I. Madero 14<\/p>\n\n\n\n<p>-Allende 13<\/p>\n\n\n\n<p>-Candela 12<\/p>\n\n\n\n<p>-Villa Uni\u00f3n 9<\/p>\n\n\n\n<p>-Lamadrid 7<\/p>\n\n\n\n<p>-Morelos 4<\/p>\n\n\n\n<p>-Viesca 4<\/p>\n\n\n\n<p>-Ocampo 4<\/p>\n\n\n\n<p>-Progreso 3<\/p>\n\n\n\n<p>-Guerrero 2<\/p>\n\n\n\n<p>-Abasolo 2<\/p>\n\n\n\n<p>-Nadadores 1<\/p>\n\n\n\n<p>-Escobedo 1<\/p>\n\n\n\n<p>-Sacramento 1<\/p>\n\n\n\n<p>-Jim\u00e9nez 0<\/p>\n\n\n\n<p>-Ju\u00e1rez 0<\/p>\n\n\n\n<p>-Sierra Mojada 0<\/p>\n\n\n\n<p>-Hidalgo 0<\/p>\n\n\n\n<p>3.- Al d\u00eda de hoy, se contabilizan en Coahuila EN TOTAL 80,625 casos, incluidos 6,682 decesos.<\/p>\n\n\n\n<p>4.- HOSPITALIZADOS: 258 (Se incluyen casos sospechosos y confirmados)<\/p>\n\n\n\n<p>Saltillo 120<\/p>\n\n\n\n<p>Torre\u00f3n 74<\/p>\n\n\n\n<p>Piedras Negras 21<\/p>\n\n\n\n<p>Acu\u00f1a 21<\/p>\n\n\n\n<p>Monclova 12<\/p>\n\n\n\n<p>San Juan de Sabinas 10<\/p>\n\n\n\n<p>5.- TOTAL DE RECUPERADOS: 71,083<\/p>\n\n\n\n<p>16,627 TORRE\u00d3N<\/p>\n\n\n\n<p>16,073 SALTILLO<\/p>\n\n\n\n<p>7,179 MONCLOVA<\/p>\n\n\n\n<p>6,906 PIEDRAS NEGRAS<\/p>\n\n\n\n<p>3,561 ACU\u00d1A<\/p>\n\n\n\n<p>2,364 SAN PEDRO<\/p>\n\n\n\n<p>2,161 SABINAS<\/p>\n\n\n\n<p>1,850 SAN JUAN DE SABINAS<\/p>\n\n\n\n<p>1,803 FRANCISCO I. MADERO<\/p>\n\n\n\n<p>1,710 M\u00daZQUIZ<\/p>\n\n\n\n<p>1,587 FRONTERA<\/p>\n\n\n\n<p>1,336 MATAMOROS<\/p>\n\n\n\n<p>1,294 PARRAS DE LA FUENTE<\/p>\n\n\n\n<p>941 ALLENDE<\/p>\n\n\n\n<p>933 CUATRO CI\u00c9NEGAS<\/p>\n\n\n\n<p>917 RAMOS ARIZPE<\/p>\n\n\n\n<p>788 NAVA<\/p>\n\n\n\n<p>451 CASTA\u00d1OS<\/p>\n\n\n\n<p>389 ZARAGOZA<\/p>\n\n\n\n<p>369 SAN BUENAVENTURA<\/p>\n\n\n\n<p>314 VILLA UNI\u00d3N<\/p>\n\n\n\n<p>229 MORELOS<\/p>\n\n\n\n<p>215 SACRAMENTO<\/p>\n\n\n\n<p>204 OCAMPO<\/p>\n\n\n\n<p>146 LAMADRID<\/p>\n\n\n\n<p>135 ARTEAGA<\/p>\n\n\n\n<p>123 NADADORES<\/p>\n\n\n\n<p>97 VIESCA<\/p>\n\n\n\n<p>86 GENERAL CEPEDA<\/p>\n\n\n\n<p>74 SIERRA MOJADA<\/p>\n\n\n\n<p>69 JIM\u00c9NEZ<\/p>\n\n\n\n<p>29 PROGRESO<\/p>\n\n\n\n<p>28 CANDELA<\/p>\n\n\n\n<p>26 ESCOBEDO<\/p>\n\n\n\n<p>22 GUERRERO<\/p>\n\n\n\n<p>22 JU\u00c1REZ<\/p>\n\n\n\n<p>18 HIDALGO&nbsp;<\/p>\n\n\n\n<p>7 ABASOLO<\/p>\n\n\n\n<p>6.- El Gobierno de Coahuila recomienda a las familias evitar salir a lugares de alta concurrencia.&nbsp; Si es necesario, acudir a aquellos ubicados al aire libre.<\/p>\n\n\n\n<p>Privilegiar aquellos que cumplen con los protocolos establecidos por los Subcomit\u00e9s Regionales de Salud.<\/p>\n\n\n\n<p>7.- Se exhorta a aquellos (as) ciudadanos (as) que tengan que salir a la calle USAR CUBREBOCAS.<\/p>\n\n\n\n<p>Su uso es OBLIGATORIO.<\/p>\n\n\n\n<p>8.- Con la finalidad de fortalecer el sistema inmunol\u00f3gico se sugiere a las familias llevar una alimentaci\u00f3n balanceada.<\/p>\n","protected":false},"excerpt":{"rendered":"<p>Saltillo, Coahuila de Zaragoza; a 20 de Agosto del 2021.- Con motivo de mantener a la poblaci\u00f3n informada de los principales avances del Plan Estatal de Prevenci\u00f3n y Control COVID-19, la Secretar\u00eda de Salud de Coahuila (SS) informa: 1.- Al d\u00eda de hoy se registran 374 nuevos casos en Coahuila, incluidas 17 defunciones. DEFUNCIONES ALLENDE Mujer de 62 a\u00f1os (caso ya confirmado) FRONTERA Hombre de 83 a\u00f1os (caso ya confirmado)&#8230;<\/p>\n","protected":false},"author":1,"featured_media":0,"comment_status":"closed","ping_status":"closed","sticky":false,"template":"","format":"standard","meta":{"footnotes":""},"categories":[5,4],"tags":[],"class_list":["post-4023","post","type-post","status-publish","format-standard","hentry","category-coahuila","category-covid","wpcat-5-id","wpcat-4-id"],"_links":{"self":[{"href":"https:\/\/www.aquilaguna.com\/index.php\/wp-json\/wp\/v2\/posts\/4023","targetHints":{"allow":["GET"]}}],"collection":[{"href":"https:\/\/www.aquilaguna.com\/index.php\/wp-json\/wp\/v2\/posts"}],"about":[{"href":"https:\/\/www.aquilaguna.com\/index.php\/wp-json\/wp\/v2\/types\/post"}],"author":[{"embeddable":true,"href":"https:\/\/www.aquilaguna.com\/index.php\/wp-json\/wp\/v2\/users\/1"}],"replies":[{"embeddable":true,"href":"https:\/\/www.aquilaguna.com\/index.php\/wp-json\/wp\/v2\/comments?post=4023"}],"version-history":[{"count":1,"href":"https:\/\/www.aquilaguna.com\/index.php\/wp-json\/wp\/v2\/posts\/4023\/revisions"}],"predecessor-version":[{"id":4024,"href":"https:\/\/www.aquilaguna.com\/index.php\/wp-json\/wp\/v2\/posts\/4023\/revisions\/4024"}],"wp:attachment":[{"href":"https:\/\/www.aquilaguna.com\/index.php\/wp-json\/wp\/v2\/media?parent=4023"}],"wp:term":[{"taxonomy":"category","embeddable":true,"href":"https:\/\/www.aquilaguna.com\/index.php\/wp-json\/wp\/v2\/categories?post=4023"},{"taxonomy":"post_tag","embeddable":true,"href":"https:\/\/www.aquilaguna.com\/index.php\/wp-json\/wp\/v2\/tags?post=4023"}],"curies":[{"name":"wp","href":"https:\/\/api.w.org\/{rel}","templated":true}]}}