{"id":4030,"date":"2021-08-22T19:52:31","date_gmt":"2021-08-23T00:52:31","guid":{"rendered":"https:\/\/www.aquilaguna.com\/?p=4030"},"modified":"2021-08-22T19:52:31","modified_gmt":"2021-08-23T00:52:31","slug":"coahuila-capacita-a-funcionarios-para-crear-sociedades-mas-inclusivas-y-libres-de-discriminacion","status":"publish","type":"post","link":"https:\/\/www.aquilaguna.com\/index.php\/2021\/08\/22\/coahuila-capacita-a-funcionarios-para-crear-sociedades-mas-inclusivas-y-libres-de-discriminacion\/","title":{"rendered":"COAHUILA CAPACITA A FUNCIONARIOS PARA CREAR SOCIEDADES M\u00c1S INCLUSIVAS Y LIBRES DE DISCRIMINACI\u00d3N."},"content":{"rendered":"\n<p>Saltillo, Coahuila de Zaragoza; a 22 de Agosto de 2021.-\u00a0 Con el firme compromiso de brindar calidad en la prestaci\u00f3n de servicio hacia la ciudadan\u00eda, la Secretar\u00eda de Inclusi\u00f3n y Desarrollo Social del Estado, a trav\u00e9s de la Direcci\u00f3n para Promover la Igualdad y Prevenir la Discriminaci\u00f3n (DPIPD), personal de esta Direcci\u00f3n particip\u00f3 en los cursos en l\u00ednea a nivel internacional impartido por catedr\u00e1ticos espa\u00f1oles de la Universidad Aut\u00f3noma de Barcelona, denominado \u201cPrimeros Auxilios Psicol\u00f3gicos edici\u00f3n especial COVID 19\u201d, y de la Universidad de Valencia Campus Gandia &#8220;La gesti\u00f3n de las emergencias humanitarias y de los conflictos armados en tiempos de Covid-19\u00a0 .<\/p>\n\n\n\n<p>Patricia Yeverino Mayola titular de la DPIPD, extern\u00f3 que dicha especializaci\u00f3n permite que el nivel del servicio tenga un enfoque siempre en el respeto de los derechos humanos y a las nuevas din\u00e1micas de percepci\u00f3n ante las nuevas realidades.<\/p>\n\n\n\n<p>\u201cDesde la Administraci\u00f3n de gobernador Miguel \u00c1ngel Riquelme Sol\u00eds los funcionarios que conforman las instituciones gubernamentales tenemos la indicaci\u00f3n y el compromiso de una preparaci\u00f3n constante y de calidad para la efectividad y excelencia en la atenci\u00f3n a los coahuilenses\u201d, dijo.<\/p>\n\n\n\n<p>Asimismo, la funcionaria estatal detall\u00f3 que tambi\u00e9n se particip\u00f3 en los cursos nacionales y estatales impartidos por el Instituto Nacional de Mujeres y la CDHEC.<\/p>\n\n\n\n<p>\u201cEl personal que trabaja en la Direcci\u00f3n y brinda a atenci\u00f3n psicol\u00f3gica y jur\u00eddica pudo tomar los cursos \u2018Salud mental y bienestar emocional, prioridades de los Derechos Humanos durante la pandemia\u2019; \u2018Atenci\u00f3n psicol\u00f3gica para dar acompa\u00f1amiento especializado a personas v\u00edctimas indirectas de familiares fallecidos por Covid-19\u2019, y al taller \u2018Est\u00e1ndares de Protecci\u00f3n de j\u00f3venes en conflictos con la Ley y situaci\u00f3n de riesgo\u2019\u201d.<\/p>\n\n\n\n<p>Yeverino Mayola manifest\u00f3 que su equipo de trabajo se forma de manera constante ante temas de \u00e1mbito social, con el fin de mejorar los est\u00e1ndares de atenci\u00f3n personalizada a la poblaci\u00f3n coahuilense. Asimismo, incentiva a que la poblaci\u00f3n siga educ\u00e1ndose en temas de inclusi\u00f3n e igualdad.<\/p>\n\n\n\n<p>\u201cAnte esta pandemia, la Direcci\u00f3n para Promover la Igualdad y Prevenir la Discriminaci\u00f3n sigue trabajando de forma en que cada uno de los miembros que la conforman sigan educ\u00e1ndose para trabajar en conjunto con la sociedad y crear sociedades m\u00e1s inclusivas y libres de discriminaci\u00f3n\u201d, finaliz\u00f3.<\/p>\n","protected":false},"excerpt":{"rendered":"<p>Saltillo, Coahuila de Zaragoza; a 22 de Agosto de 2021.-\u00a0 Con el firme compromiso de brindar calidad en la prestaci\u00f3n de servicio hacia la ciudadan\u00eda, la Secretar\u00eda de Inclusi\u00f3n y Desarrollo Social del Estado, a trav\u00e9s de la Direcci\u00f3n para Promover la Igualdad y Prevenir la Discriminaci\u00f3n (DPIPD), personal de esta Direcci\u00f3n particip\u00f3 en los cursos en l\u00ednea a nivel internacional impartido por catedr\u00e1ticos espa\u00f1oles de la Universidad Aut\u00f3noma de&#8230;<\/p>\n","protected":false},"author":1,"featured_media":4031,"comment_status":"closed","ping_status":"closed","sticky":false,"template":"","format":"standard","meta":{"footnotes":""},"categories":[5,48,15,24],"tags":[],"class_list":["post-4030","post","type-post","status-publish","format-standard","has-post-thumbnail","hentry","category-coahuila","category-genero","category-gobierno-de-coahuila","category-seguridad","wpcat-5-id","wpcat-48-id","wpcat-15-id","wpcat-24-id"],"_links":{"self":[{"href":"https:\/\/www.aquilaguna.com\/index.php\/wp-json\/wp\/v2\/posts\/4030","targetHints":{"allow":["GET"]}}],"collection":[{"href":"https:\/\/www.aquilaguna.com\/index.php\/wp-json\/wp\/v2\/posts"}],"about":[{"href":"https:\/\/www.aquilaguna.com\/index.php\/wp-json\/wp\/v2\/types\/post"}],"author":[{"embeddable":true,"href":"https:\/\/www.aquilaguna.com\/index.php\/wp-json\/wp\/v2\/users\/1"}],"replies":[{"embeddable":true,"href":"https:\/\/www.aquilaguna.com\/index.php\/wp-json\/wp\/v2\/comments?post=4030"}],"version-history":[{"count":1,"href":"https:\/\/www.aquilaguna.com\/index.php\/wp-json\/wp\/v2\/posts\/4030\/revisions"}],"predecessor-version":[{"id":4032,"href":"https:\/\/www.aquilaguna.com\/index.php\/wp-json\/wp\/v2\/posts\/4030\/revisions\/4032"}],"wp:featuredmedia":[{"embeddable":true,"href":"https:\/\/www.aquilaguna.com\/index.php\/wp-json\/wp\/v2\/media\/4031"}],"wp:attachment":[{"href":"https:\/\/www.aquilaguna.com\/index.php\/wp-json\/wp\/v2\/media?parent=4030"}],"wp:term":[{"taxonomy":"category","embeddable":true,"href":"https:\/\/www.aquilaguna.com\/index.php\/wp-json\/wp\/v2\/categories?post=4030"},{"taxonomy":"post_tag","embeddable":true,"href":"https:\/\/www.aquilaguna.com\/index.php\/wp-json\/wp\/v2\/tags?post=4030"}],"curies":[{"name":"wp","href":"https:\/\/api.w.org\/{rel}","templated":true}]}}