{"id":4099,"date":"2021-08-25T17:14:11","date_gmt":"2021-08-25T22:14:11","guid":{"rendered":"https:\/\/www.aquilaguna.com\/?p=4099"},"modified":"2021-08-25T17:14:12","modified_gmt":"2021-08-25T22:14:12","slug":"alumno-coahuilense-del-cobac-gana-beca-lideres-del-manana","status":"publish","type":"post","link":"https:\/\/www.aquilaguna.com\/index.php\/2021\/08\/25\/alumno-coahuilense-del-cobac-gana-beca-lideres-del-manana\/","title":{"rendered":"ALUMNO COAHUILENSE DEL COBAC GANA BECA \u2018L\u00cdDERES DEL MA\u00d1ANA\u2019."},"content":{"rendered":"\n<p>Torre\u00f3n, Coahuila de Zaragoza; a 25 de Agosto de 2021.- El alumno Gael Emiliano Padilla Frausto, egresado del plantel COBAC Torre\u00f3n, fue acreedor de la beca \u201cL\u00edderes del Ma\u00f1ana\u201d, que cubre al 100 por ciento los estudios de nivel superior que otorga el Instituto Tecnol\u00f3gico de Estudios Superiores de Monterrey, Campus Laguna, y promovida por la Direcci\u00f3n Estatal de Becas de la Secretar\u00eda de Educaci\u00f3n de Coahuila.<\/p>\n\n\n\n<p>Estudiante destacado del plantel \u201cCarlos Mart\u00edn Bringas\u201d, Gael egres\u00f3 de bachillerato con un promedio de 9.5 y actualmente cursa el primer semestre universitario como acreedor de la beca promovida por la dependencia del Gobierno Estatal.<\/p>\n\n\n\n<p>Sus padres, Claudia Frausto Alfaro y Salvador Padilla Quintero, residentes de Torre\u00f3n, y la Directora del plantel, Josefina Barrita, lo acompa\u00f1aron a recibir el certificado que garantiza su educaci\u00f3n superior.<\/p>\n\n\n\n<p>En colaboraci\u00f3n constante con la Direcci\u00f3n Estatal de Becas y la Direcci\u00f3n Acad\u00e9mica del Colegio de Bachilleres, se lanz\u00f3 la convocatoria a los estudiantes con altos promedios de todo el estado a trav\u00e9s de los enlaces de cada uno de los planteles.<\/p>\n\n\n\n<p>\u201cEn COBAC siempre estamos dispuestos a hacer equipo con otros organismos para mejorar la calidad educativa de nuestros estudiantes, ya sea en el \u00e1mbito acad\u00e9mico, deportivo o cultural, es por eso que estamos muy orgullosos de que nuestro alumno haya sido acreedor a esta beca que cubre al cien por ciento su carrera universitaria\u201d, agreg\u00f3 Leonardo Jim\u00e9nez, Director General del Colegio de Bachilleres de Coahuila.<\/p>\n\n\n\n<p>Gael Emiliano Padilla se destac\u00f3 como participante de la Feria de las Ciencias 2019 con la creaci\u00f3n de un modelo prototipo de un riego por goteo automatizado, y reci\u00e9n particip\u00f3 en el Diplomado \u201cJ\u00f3venes L\u00edderes de la Laguna\u201d.<\/p>\n","protected":false},"excerpt":{"rendered":"<p>Torre\u00f3n, Coahuila de Zaragoza; a 25 de Agosto de 2021.- El alumno Gael Emiliano Padilla Frausto, egresado del plantel COBAC Torre\u00f3n, fue acreedor de la beca \u201cL\u00edderes del Ma\u00f1ana\u201d, que cubre al 100 por ciento los estudios de nivel superior que otorga el Instituto Tecnol\u00f3gico de Estudios Superiores de Monterrey, Campus Laguna, y promovida por la Direcci\u00f3n Estatal de Becas de la Secretar\u00eda de Educaci\u00f3n de Coahuila. Estudiante destacado del&#8230;<\/p>\n","protected":false},"author":1,"featured_media":4100,"comment_status":"closed","ping_status":"closed","sticky":false,"template":"","format":"standard","meta":{"footnotes":""},"categories":[5,9,28,7],"tags":[],"class_list":["post-4099","post","type-post","status-publish","format-standard","has-post-thumbnail","hentry","category-coahuila","category-educacion","category-la-laguna","category-torreon","wpcat-5-id","wpcat-9-id","wpcat-28-id","wpcat-7-id"],"_links":{"self":[{"href":"https:\/\/www.aquilaguna.com\/index.php\/wp-json\/wp\/v2\/posts\/4099","targetHints":{"allow":["GET"]}}],"collection":[{"href":"https:\/\/www.aquilaguna.com\/index.php\/wp-json\/wp\/v2\/posts"}],"about":[{"href":"https:\/\/www.aquilaguna.com\/index.php\/wp-json\/wp\/v2\/types\/post"}],"author":[{"embeddable":true,"href":"https:\/\/www.aquilaguna.com\/index.php\/wp-json\/wp\/v2\/users\/1"}],"replies":[{"embeddable":true,"href":"https:\/\/www.aquilaguna.com\/index.php\/wp-json\/wp\/v2\/comments?post=4099"}],"version-history":[{"count":1,"href":"https:\/\/www.aquilaguna.com\/index.php\/wp-json\/wp\/v2\/posts\/4099\/revisions"}],"predecessor-version":[{"id":4101,"href":"https:\/\/www.aquilaguna.com\/index.php\/wp-json\/wp\/v2\/posts\/4099\/revisions\/4101"}],"wp:featuredmedia":[{"embeddable":true,"href":"https:\/\/www.aquilaguna.com\/index.php\/wp-json\/wp\/v2\/media\/4100"}],"wp:attachment":[{"href":"https:\/\/www.aquilaguna.com\/index.php\/wp-json\/wp\/v2\/media?parent=4099"}],"wp:term":[{"taxonomy":"category","embeddable":true,"href":"https:\/\/www.aquilaguna.com\/index.php\/wp-json\/wp\/v2\/categories?post=4099"},{"taxonomy":"post_tag","embeddable":true,"href":"https:\/\/www.aquilaguna.com\/index.php\/wp-json\/wp\/v2\/tags?post=4099"}],"curies":[{"name":"wp","href":"https:\/\/api.w.org\/{rel}","templated":true}]}}