{"id":4213,"date":"2021-08-31T20:04:32","date_gmt":"2021-09-01T01:04:32","guid":{"rendered":"https:\/\/www.aquilaguna.com\/?p=4213"},"modified":"2021-08-31T20:04:32","modified_gmt":"2021-09-01T01:04:32","slug":"presenta-diputado-gutierrez-jardon-agenda-legislativa","status":"publish","type":"post","link":"https:\/\/www.aquilaguna.com\/index.php\/2021\/08\/31\/presenta-diputado-gutierrez-jardon-agenda-legislativa\/","title":{"rendered":"Presenta Diputado Guti\u00e9rrez Jard\u00f3n agenda legislativa."},"content":{"rendered":"\n<p>Torre\u00f3n, Coahuila.- Presenta el diputado federal por el V Distrito Electoral \u00a0 Licenciado\u00a0 Jos\u00e9 Antonio Guti\u00e9rrez Jard\u00f3n\u00a0 agenda legislativa que emerge de las filas del Partido Revolucionario Institucional, y que hace propio  y que tratar\u00e1 de\u00a0 alcanzar durante el per\u00edodo de tiempo que les corresponda como nuevos miembros del Poder Legislativo, que\u00a0 ha iniciado esta semana sus actividades.<\/p>\n\n\n\n<p>En encuentro con los representantes de los Medios en la regi\u00f3n, el diputado federal dio a conocer el resultado de trabajos previos desarrollados por los diputados que integran\u00a0 la Alianza &#8220;Va o por\u00a0 Mexico&#8221;,\u00a0 \u00a0 formada por diputados del\u00a0 PRI, del PAN y\u00a0 PRD y algunos mas del Movimiento Ciudadano, aclarando que la fracci\u00f3n priista, a la que pertenece\u00a0 tiene adem\u00e1s su agenda legislativa propia.\u00a0<\/p>\n\n\n\n<p>Tras lo anterior\u00a0 \u00a0 present\u00f3  tal agenda, que se basa en diez ejes principales, siendo estos,\u00a0 el econ\u00f3mico,\u00a0 que pugnar\u00e1 por un M\u00e9xico sano, con mejor calidad de vida, educaci\u00f3n p\u00fablica gratuita,&#8221;vamos con ellos y con ellas, un buen gobierno, justicia, derechos humanos, seguridad para todos, medio ambiente por un M\u00e9xico sostenible,\u00a0 inclusi\u00f3n\u00a0 y justicia social para todos, transformaci\u00f3n tecnol\u00f3gica sustentable, re-evolucionado el campo\u00a0 entre otras&#8221;.<\/p>\n\n\n\n<p>Agreg\u00f3\u00a0 luego como compromiso la reactivaci\u00f3n\u00a0 de las PYMES, potenciar la econom\u00eda social, proteger el trabajo del campo, facilitar la entrada al mercado laboral,  en especial en \u00e9ste \u00faltimo punto diciendo que, &#8220;tal tema se perdi\u00f3 en \u00e9sta administraci\u00f3n, la promoci\u00f3n econ\u00f3mica, siendo insistentes en recuperar lo que se perdi\u00f3 y en este periodo postcovid potencializar el ingreso de las empresas al mercado internacional&#8221;, etc., etc.<\/p>\n\n\n\n<p>Puntualiz\u00f3 que en materia de\u00a0 Presupuesto de Egresos, tema toral \u00e9ste mes en la C\u00e1mara\u00a0 a la que ya pertenecen, indico que\u00a0 pretende\u00a0 que, \u00a0 &#8220;tales recursos no solo tengan como destino los programas sociales, sino que debe de haber un equilibrio entre los diferentes sectores de la poblaci\u00f3n&#8221;.<\/p>\n\n\n\n<p>Aligerar, dijo,\u00a0 &#8220;el impacto econ\u00f3mico de la pandemia, dotar de recursos a los gobiernos estatales, pues somos una federaci\u00f3n, necesitando que los estados sean los que\u00a0 los manejen, puesto que son los que lo generan&#8221;.<\/p>\n\n\n\n<p>Tenemos, afirm\u00f3, &#8220;respetar la Federaci\u00f3n y en eso vamos a luchar como facci\u00f3n&#8221;.\u00a0\u00a0<\/p>\n\n\n\n<p>No dej\u00f3 fuera, &#8220;luchar por el aumento\u00a0 del presupuesto destinado a la investigaci\u00f3n,\u00a0 tecnolog\u00edas, cultura, que est\u00e1n perdidos y fueron reetiquetados a otros temas&#8221;, as\u00ed tambi\u00e9n se refiri\u00f3 al tema de servicios\u00a0 de salud, control de\u00a0 pandemia, b\u00fasqueda de estrategias diferentes de vacunaci\u00f3n,\u00a0 reetiquetando\u00a0de recursos para la salud, en materia de educaci\u00f3n, su regreso\u00a0 a clases\u00a0 seguro, etc.<\/p>\n\n\n\n<p>&#8220;Al parecer en \u00e9sta agenda no se dej\u00f3\u00a0 de lado tema\u00a0 alguno&#8221;, puntualizando en que, &#8220;no se dejar\u00e1 que se sigan despareciendo instituciones pues el objetivo de \u00e9ste grupo, ser\u00e1 el fortalecerlas&#8221;.<\/p>\n\n\n\n<p>Inform\u00f3 luego que\u00a0\u00e9l pretende \u00a0 participar en\u00a0 tres comisiones de las que\u00a0 sean asignadas a cada uno de los diputados federales, siendo las de su inter\u00e9s, la de econom\u00eda, hacienda y presupuesto, y la\u00a0 de\u00a0 Agricultura.<\/p>\n\n\n\n<p>Por ultimo, preguntado se pronunci\u00f3 a\u00a0 favor de la realizaci\u00f3n del Proyecto &#8220;Agua Saludable para la Laguna&#8221;, sin embargo reconoci\u00f3 que el proyecto no lo conoce, pues\u00a0 la CONAGUA,\u00a0 no ha tenido a bien girar invitaci\u00f3n alguna a los nuevos legisladores para hacerlo de su conocimiento.<\/p>\n","protected":false},"excerpt":{"rendered":"<p>Torre\u00f3n, Coahuila.- Presenta el diputado federal por el V Distrito Electoral \u00a0 Licenciado\u00a0 Jos\u00e9 Antonio Guti\u00e9rrez Jard\u00f3n\u00a0 agenda legislativa que emerge de las filas del Partido Revolucionario Institucional, y que hace propio y que tratar\u00e1 de\u00a0 alcanzar durante el per\u00edodo de tiempo que les corresponda como nuevos miembros del Poder Legislativo, que\u00a0 ha iniciado esta semana sus actividades. En encuentro con los representantes de los Medios en la regi\u00f3n, el&#8230;<\/p>\n","protected":false},"author":2,"featured_media":0,"comment_status":"closed","ping_status":"","sticky":false,"template":"","format":"standard","meta":{"footnotes":""},"categories":[5,66,16],"tags":[],"class_list":["post-4213","post","type-post","status-publish","format-standard","hentry","category-coahuila","category-diputados","category-pri","wpcat-5-id","wpcat-66-id","wpcat-16-id"],"_links":{"self":[{"href":"https:\/\/www.aquilaguna.com\/index.php\/wp-json\/wp\/v2\/posts\/4213","targetHints":{"allow":["GET"]}}],"collection":[{"href":"https:\/\/www.aquilaguna.com\/index.php\/wp-json\/wp\/v2\/posts"}],"about":[{"href":"https:\/\/www.aquilaguna.com\/index.php\/wp-json\/wp\/v2\/types\/post"}],"author":[{"embeddable":true,"href":"https:\/\/www.aquilaguna.com\/index.php\/wp-json\/wp\/v2\/users\/2"}],"replies":[{"embeddable":true,"href":"https:\/\/www.aquilaguna.com\/index.php\/wp-json\/wp\/v2\/comments?post=4213"}],"version-history":[{"count":1,"href":"https:\/\/www.aquilaguna.com\/index.php\/wp-json\/wp\/v2\/posts\/4213\/revisions"}],"predecessor-version":[{"id":4214,"href":"https:\/\/www.aquilaguna.com\/index.php\/wp-json\/wp\/v2\/posts\/4213\/revisions\/4214"}],"wp:attachment":[{"href":"https:\/\/www.aquilaguna.com\/index.php\/wp-json\/wp\/v2\/media?parent=4213"}],"wp:term":[{"taxonomy":"category","embeddable":true,"href":"https:\/\/www.aquilaguna.com\/index.php\/wp-json\/wp\/v2\/categories?post=4213"},{"taxonomy":"post_tag","embeddable":true,"href":"https:\/\/www.aquilaguna.com\/index.php\/wp-json\/wp\/v2\/tags?post=4213"}],"curies":[{"name":"wp","href":"https:\/\/api.w.org\/{rel}","templated":true}]}}