{"id":4216,"date":"2021-09-01T19:55:40","date_gmt":"2021-09-02T00:55:40","guid":{"rendered":"https:\/\/www.aquilaguna.com\/?p=4216"},"modified":"2021-09-01T19:55:40","modified_gmt":"2021-09-02T00:55:40","slug":"ofrecen-capacitacion-para-emprendedores","status":"publish","type":"post","link":"https:\/\/www.aquilaguna.com\/index.php\/2021\/09\/01\/ofrecen-capacitacion-para-emprendedores\/","title":{"rendered":"OFRECEN CAPACITACI\u00d3N PARA EMPRENDEDORES."},"content":{"rendered":"\n<p>Comarca Lagunera, Dgo.- Con la finalidad de compartir herramientas que<br>permitan el desarrollo empresarial y fortalecer la econom\u00eda local de la regi\u00f3n<br>Laguna, la Secretar\u00eda de Desarrollo Econ\u00f3mico invita a los cursos de capacitaci\u00f3n<br>impartidos por Nacional Financiera, dirigidos a las personas que desarrollan alg\u00fan<br>emprendimiento y se interesan en potenciar conocimientos para implementar<br>mejoras en sus negocios.<\/p>\n\n\n\n<p>La directora de Desarrollo Econ\u00f3mico regi\u00f3n Laguna, Andrea Tinoco Alvarado,<br>mencion\u00f3 que la capacitaci\u00f3n es sin costo alguno, y los temas que se ofrecen son:<br>Servicio al cliente, temas legales, contabilidad b\u00e1sica, entre otros.<\/p>\n\n\n\n<p>Explic\u00f3, que los cursos son virtuales y auto guiados; es decir que el usuario puede<br>tomarlo a la hora que decida y pausarlo en el momento que sea, ya que el avance<br>se va registrando durante el desarrollo del mismo, y puede desarrollarlo<br>completamente a su ritmo.<\/p>\n\n\n\n<p>Los emprendedores interesados en tomar alguno de los cursos pueden registrarse<br>en la p\u00e1gina: <a href=\"https:\/\/www.nafintecapacita.com\" target=\"_blank\" rel=\"noreferrer noopener\">https:\/\/www.nafintecapacita.com<\/a> donde encontrar\u00e1n distintas<br>opciones de acuerdo a sus necesidades y las de sus negocios, adem\u00e1s de que<br>podr\u00e1n tener acceso a beneficios y programas para establecer, crecer y mejorar<br>sus emprendimientos.<\/p>\n\n\n\n<p>Cabe recordar que, durante la presente administraci\u00f3n del Dr. Jos\u00e9 Rosas Aispuro<br>Torres, por primera vez las empresas han contado un verdadero respaldo del<br>gobierno del estado, por medio de estos programas operados por NAFIN,<br>fortaleciendo y consolidando a m\u00e1s de 358 empresas en la entidad, al colocarse<br>m\u00e1s de 680 millones de pesos y la conservaci\u00f3n de m\u00e1s de 10 mil empleos.<\/p>\n\n\n\n<p>Tinoco Alvarado destac\u00f3, que al final de la capacitaci\u00f3n se otorgar\u00e1 una<br>constancia de acreditaci\u00f3n de manera virtual a los participantes, misma que puede<br>descargarse desde el portal.<\/p>\n\n\n\n<p>Para mayor informaci\u00f3n las personas interesadas pueden comunicarse a las<br>oficinas de la Secretar\u00eda de Desarrollo Econ\u00f3mico regi\u00f3n Laguna de Durango, al<br>tel\u00e9fono 8712961197, de lunes a viernes de 8:00 a 16:00hrs.<\/p>\n","protected":false},"excerpt":{"rendered":"<p>Comarca Lagunera, Dgo.- Con la finalidad de compartir herramientas quepermitan el desarrollo empresarial y fortalecer la econom\u00eda local de la regi\u00f3nLaguna, la Secretar\u00eda de Desarrollo Econ\u00f3mico invita a los cursos de capacitaci\u00f3nimpartidos por Nacional Financiera, dirigidos a las personas que desarrollan alg\u00fanemprendimiento y se interesan en potenciar conocimientos para implementarmejoras en sus negocios. La directora de Desarrollo Econ\u00f3mico regi\u00f3n Laguna, Andrea Tinoco Alvarado,mencion\u00f3 que la capacitaci\u00f3n es sin costo alguno,&#8230;<\/p>\n","protected":false},"author":1,"featured_media":0,"comment_status":"closed","ping_status":"closed","sticky":false,"template":"","format":"standard","meta":{"footnotes":""},"categories":[40,29,43,64],"tags":[],"class_list":["post-4216","post","type-post","status-publish","format-standard","hentry","category-durango","category-economia","category-empleo","category-gobierno-de-durango","wpcat-40-id","wpcat-29-id","wpcat-43-id","wpcat-64-id"],"_links":{"self":[{"href":"https:\/\/www.aquilaguna.com\/index.php\/wp-json\/wp\/v2\/posts\/4216","targetHints":{"allow":["GET"]}}],"collection":[{"href":"https:\/\/www.aquilaguna.com\/index.php\/wp-json\/wp\/v2\/posts"}],"about":[{"href":"https:\/\/www.aquilaguna.com\/index.php\/wp-json\/wp\/v2\/types\/post"}],"author":[{"embeddable":true,"href":"https:\/\/www.aquilaguna.com\/index.php\/wp-json\/wp\/v2\/users\/1"}],"replies":[{"embeddable":true,"href":"https:\/\/www.aquilaguna.com\/index.php\/wp-json\/wp\/v2\/comments?post=4216"}],"version-history":[{"count":1,"href":"https:\/\/www.aquilaguna.com\/index.php\/wp-json\/wp\/v2\/posts\/4216\/revisions"}],"predecessor-version":[{"id":4217,"href":"https:\/\/www.aquilaguna.com\/index.php\/wp-json\/wp\/v2\/posts\/4216\/revisions\/4217"}],"wp:attachment":[{"href":"https:\/\/www.aquilaguna.com\/index.php\/wp-json\/wp\/v2\/media?parent=4216"}],"wp:term":[{"taxonomy":"category","embeddable":true,"href":"https:\/\/www.aquilaguna.com\/index.php\/wp-json\/wp\/v2\/categories?post=4216"},{"taxonomy":"post_tag","embeddable":true,"href":"https:\/\/www.aquilaguna.com\/index.php\/wp-json\/wp\/v2\/tags?post=4216"}],"curies":[{"name":"wp","href":"https:\/\/api.w.org\/{rel}","templated":true}]}}