{"id":4226,"date":"2021-09-01T20:03:02","date_gmt":"2021-09-02T01:03:02","guid":{"rendered":"https:\/\/www.aquilaguna.com\/?p=4226"},"modified":"2021-09-01T20:03:03","modified_gmt":"2021-09-02T01:03:03","slug":"promueve-coahuila-proveeduria-local-para-fortalecer-al-turismo","status":"publish","type":"post","link":"https:\/\/www.aquilaguna.com\/index.php\/2021\/09\/01\/promueve-coahuila-proveeduria-local-para-fortalecer-al-turismo\/","title":{"rendered":"PROMUEVE COAHUILA PROVEEDUR\u00cdA LOCAL PARA FORTALECER AL TURISMO."},"content":{"rendered":"\n<p>\u00b7\u00a0\u00a0\u00a0\u00a0\u00a0\u00a0<strong><em>\u00a0Realiza CANIRAC la Expo Proveedores 2021 para la Industria de Alimentos en Torre\u00f3n<\/em><\/strong><\/p>\n\n\n\n<p>Torre\u00f3n, Coahuila de Zaragoza; a 1 de Septiembre de 2021.- Coahuila sigue consolidando la vinculaci\u00f3n entre el sector productivo y apost\u00e1ndole a la proveedur\u00eda local para fortalecer la econom\u00eda estatal y el turismo, se\u00f1al\u00f3 Azucena Ramos Ramos, Secretaria de Turismo y Desarrollo de Pueblos M\u00e1gicos del Estado, al poner en marcha la Expo Proveedores 2021 para la Industria de Alimentos.<\/p>\n\n\n\n<p>En representaci\u00f3n del gobernador Miguel \u00c1ngel Riquelme Sol\u00eds, la titular de SECTUR Coahuila reconoci\u00f3 el compromiso de los empresarios del sector de restaurantes y alimentos condimentados de La Laguna con la salud, y destac\u00f3 el trabajo coordinado y las medidas sanitarias implementadas para prevenir el Covid-19 en sus establecimientos.<\/p>\n\n\n\n<p>\u201cSabemos de la importancia de llevar a cabo este encuentro, donde participan mayoristas y proveedores de la industria de alimentos, quienes en esta oportunidad se re\u00fanen para exponer sus productos y servicios, para negociar y contribuir a la reactivaci\u00f3n econ\u00f3mica en estos tiempos tan complejos\u201d, dijo.<\/p>\n\n\n\n<p>Asimismo, la secretaria Ramos Ramos resalt\u00f3 el inter\u00e9s de los empresarios laguneros por seguir construyendo una s\u00f3lida red de proveedur\u00eda local que permita m\u00e1s crecimiento, inversiones, empleos y una econom\u00eda m\u00e1s fuerte y estable.<\/p>\n\n\n\n<p>\u201cContinuamos trabajando en equipo con la Iniciativa Privada de esta regi\u00f3n y de todo el estado para generar un mayor dinamismo en la industria tur\u00edstica y que permita m\u00e1s derrama econ\u00f3mica en la entidad\u201d, sostuvo.<\/p>\n\n\n\n<p>El evento es organizado por la CANIRAC Torre\u00f3n y cont\u00f3 con la participaci\u00f3n de empresas del giro de l\u00e1cteos, mariscos, refrigeraci\u00f3n, empaques, cristaler\u00eda, uniformes, energ\u00eda solar, equipos de cocina, asistencia legal, frutas y verduras, software, turismo, panader\u00eda, vinos y licores, entre otros.<\/p>\n\n\n\n<p>Durante la Expo, que se realiz\u00f3 en el Centro de Convenciones de Torre\u00f3n, se impartieron las conferencias \u201cC\u00f3mo armar un reglamento interno\u201d y \u201cCheck list de mercadotecnia para las redes de tu negocio\u201d.<\/p>\n\n\n\n<p>Guillermo Mart\u00ednez, presidente de CANIRAC Torre\u00f3n, explic\u00f3 que el objetivo de la Expo es promover la proveedur\u00eda local y atender las necesidades de materias primas, insumos y servicios que se requieren en el sector gastron\u00f3mico.<\/p>\n\n\n\n<p>Al evento asistieron, adem\u00e1s, el Alcalde de Torre\u00f3n, Jorge Zerme\u00f1o Infante; la Subsecretaria de Turismo en La Laguna, Mar\u00eda Eugenia Villarreal; la Directora del CCT, Lorena Safa; y el presidente de la OCV Torre\u00f3n, El\u00edas Habib Rodr\u00edguez.<\/p>\n","protected":false},"excerpt":{"rendered":"<p>\u00b7\u00a0\u00a0\u00a0\u00a0\u00a0\u00a0\u00a0Realiza CANIRAC la Expo Proveedores 2021 para la Industria de Alimentos en Torre\u00f3n Torre\u00f3n, Coahuila de Zaragoza; a 1 de Septiembre de 2021.- Coahuila sigue consolidando la vinculaci\u00f3n entre el sector productivo y apost\u00e1ndole a la proveedur\u00eda local para fortalecer la econom\u00eda estatal y el turismo, se\u00f1al\u00f3 Azucena Ramos Ramos, Secretaria de Turismo y Desarrollo de Pueblos M\u00e1gicos del Estado, al poner en marcha la Expo Proveedores 2021 para la&#8230;<\/p>\n","protected":false},"author":1,"featured_media":4227,"comment_status":"closed","ping_status":"closed","sticky":false,"template":"","format":"standard","meta":{"footnotes":""},"categories":[5,15,7,34],"tags":[],"class_list":["post-4226","post","type-post","status-publish","format-standard","has-post-thumbnail","hentry","category-coahuila","category-gobierno-de-coahuila","category-torreon","category-turismo","wpcat-5-id","wpcat-15-id","wpcat-7-id","wpcat-34-id"],"_links":{"self":[{"href":"https:\/\/www.aquilaguna.com\/index.php\/wp-json\/wp\/v2\/posts\/4226","targetHints":{"allow":["GET"]}}],"collection":[{"href":"https:\/\/www.aquilaguna.com\/index.php\/wp-json\/wp\/v2\/posts"}],"about":[{"href":"https:\/\/www.aquilaguna.com\/index.php\/wp-json\/wp\/v2\/types\/post"}],"author":[{"embeddable":true,"href":"https:\/\/www.aquilaguna.com\/index.php\/wp-json\/wp\/v2\/users\/1"}],"replies":[{"embeddable":true,"href":"https:\/\/www.aquilaguna.com\/index.php\/wp-json\/wp\/v2\/comments?post=4226"}],"version-history":[{"count":1,"href":"https:\/\/www.aquilaguna.com\/index.php\/wp-json\/wp\/v2\/posts\/4226\/revisions"}],"predecessor-version":[{"id":4228,"href":"https:\/\/www.aquilaguna.com\/index.php\/wp-json\/wp\/v2\/posts\/4226\/revisions\/4228"}],"wp:featuredmedia":[{"embeddable":true,"href":"https:\/\/www.aquilaguna.com\/index.php\/wp-json\/wp\/v2\/media\/4227"}],"wp:attachment":[{"href":"https:\/\/www.aquilaguna.com\/index.php\/wp-json\/wp\/v2\/media?parent=4226"}],"wp:term":[{"taxonomy":"category","embeddable":true,"href":"https:\/\/www.aquilaguna.com\/index.php\/wp-json\/wp\/v2\/categories?post=4226"},{"taxonomy":"post_tag","embeddable":true,"href":"https:\/\/www.aquilaguna.com\/index.php\/wp-json\/wp\/v2\/tags?post=4226"}],"curies":[{"name":"wp","href":"https:\/\/api.w.org\/{rel}","templated":true}]}}