{"id":4241,"date":"2021-09-01T20:19:07","date_gmt":"2021-09-02T01:19:07","guid":{"rendered":"https:\/\/www.aquilaguna.com\/?p=4241"},"modified":"2021-09-01T20:19:07","modified_gmt":"2021-09-02T01:19:07","slug":"regreso-a-clases-presenciales-de-los-mayores-retos-para-coahuila-mars","status":"publish","type":"post","link":"https:\/\/www.aquilaguna.com\/index.php\/2021\/09\/01\/regreso-a-clases-presenciales-de-los-mayores-retos-para-coahuila-mars\/","title":{"rendered":"REGRESO A CLASES PRESENCIALES, DE LOS MAYORES RETOS PARA COAHUILA: MARS."},"content":{"rendered":"\n<p>\u00b7\u00a0\u00a0\u00a0\u00a0\u00a0\u00a0<strong><em>\u00a0Asiste gobernador Miguel Riquelme a reuni\u00f3n del Subcomit\u00e9 de Salud de la Regi\u00f3n Norte<\/em><\/strong>.<\/p>\n\n\n\n<p>Piedras Negras, Coahuila de Zaragoza; a 1 de Septiembre de 2021.- El gobernador Miguel \u00c1ngel Riquelme Sol\u00eds presidi\u00f3 la 64 Reuni\u00f3n del Subcomit\u00e9 T\u00e9cnico Covid-19 de la Regi\u00f3n Norte, donde expres\u00f3 que uno de los mayores retos que se tienen es el regreso a clases presenciales, por lo que previamente se adoptaron medidas en conjunto con el sector magisterial y padres de familia para prevenir los contagios entre la poblaci\u00f3n estudiantil y docente.<\/p>\n\n\n\n<p>Explic\u00f3 que se est\u00e1 a\u00fan en fase de prueba, esperando la disminuci\u00f3n de casos en todas las regiones, con el avance de la aplicaci\u00f3n de la vacuna anticovid: \u201cY hay que explorar la experiencia para irla valorando, lo que permitir\u00e1 generar tranquilidad entre la poblaci\u00f3n\u201d.<\/p>\n\n\n\n<p>El Secretario de Inclusi\u00f3n y Desarrollo Social del Estado, Francisco Saracho Navarro, coordinador del Subcomit\u00e9, inform\u00f3 que en los 10 municipios de la Regi\u00f3n Norte se reforzaron los protocolos sanitarios.<\/p>\n\n\n\n<p>Roberto Bernal G\u00f3mez, Secretario de Salud de Coahuila, dio a conocer un panorama en la entidad de los casos de Covid-19, se\u00f1alando que se han realizado 514 mil 296 ex\u00e1menes PCR, con 74 mil pruebas de ant\u00edgeno, una herramienta \u00fatil y r\u00e1pida para identificar a las personas contagiosas transmisoras del virus.<\/p>\n\n\n\n<p>Destac\u00f3 que el programa de vacunaci\u00f3n en Coahuila sigue adelante con buenos resultados.\u00a0A la fecha, se han aplicado 1 mill\u00f3n 464 mil 251 dosis a la poblaci\u00f3n de 18 a\u00f1os en adelante.<\/p>\n\n\n\n<p>Sobre el inicio de clases en la entidad, se\u00f1al\u00f3 que se da seguimiento al manual para el retorno seguro a las aulas actualmente de forma semipresencial en Coahuila.\u00a0A\u00f1adi\u00f3 que es responsabilidad de todos observar los lineamientos sanitarios establecidos.<\/p>\n\n\n\n<p>A la reuni\u00f3n asistieron los presidentes municipales Claudio Bres Garza, de Piedras Negras; Antero Alberto Alvarado Sald\u00edvar, de Allende; Matilde Estrada Torres, de Guerrero; Roberto de los Santos V\u00e1zquez, de Acu\u00f1a; Gerardo Xavier de Hoyos Perales, de Morelos; Sergio Zen\u00f3n Vel\u00e1zquez V\u00e1zquez, de Nava; Narcedalia Padr\u00f3n Arizpe, de Villa Uni\u00f3n; Delia Pimentel G\u00f3mez, de Hidalgo; Ra\u00fal Pecina Villarreal, de Jim\u00e9nez, y la representaci\u00f3n de la Alcaldesa de Zaragoza, \u00c1ngeles Elo\u00edsa Flores Torres.<\/p>\n\n\n\n<p>Por el Sector Salud, Iv\u00e1n Alejandro Moscoso, Jefe de la Jurisdicci\u00f3n Sanitaria 1; por la Jurisdicci\u00f3n Sanitaria 2, Guillermo Herrera T\u00e9llez; Julio Garibaldi Zapatero, Director del Hospital General de Piedras Negras; representantes del Hospital General de Zona 11 del IMSS y de la Unidad de Medicina Familiar 79 del IMSS; por la Cl\u00ednica-Hospital 92 del IMSS en Acu\u00f1a, Juan Francisco Tejeda Ram\u00edrez.<\/p>\n\n\n\n<p>Tambi\u00e9n participaron el Comandante del 12 Regimiento de Caballer\u00eda Motorizado, Coronel Mario Guti\u00e9rrez Mart\u00ednez; representantes de la Guarnici\u00f3n Militar de la Plaza y Guardia Nacional; Jes\u00fas Manuel de la Garza Long, de la Secretar\u00eda de Educaci\u00f3n; \u00d3scar L\u00f3pez Elizondo, Rector de la Universidad Tecnol\u00f3gica del Norte de Coahuila; los presidentes de la C\u00e1mara de Comercio de Piedras Negras, Carlos Gonz\u00e1lez Rodr\u00edguez, y Acu\u00f1a, Luis \u00c1ngel Urraza Dugay.<\/p>\n","protected":false},"excerpt":{"rendered":"<p>\u00b7\u00a0\u00a0\u00a0\u00a0\u00a0\u00a0\u00a0Asiste gobernador Miguel Riquelme a reuni\u00f3n del Subcomit\u00e9 de Salud de la Regi\u00f3n Norte. Piedras Negras, Coahuila de Zaragoza; a 1 de Septiembre de 2021.- El gobernador Miguel \u00c1ngel Riquelme Sol\u00eds presidi\u00f3 la 64 Reuni\u00f3n del Subcomit\u00e9 T\u00e9cnico Covid-19 de la Regi\u00f3n Norte, donde expres\u00f3 que uno de los mayores retos que se tienen es el regreso a clases presenciales, por lo que previamente se adoptaron medidas en conjunto con&#8230;<\/p>\n","protected":false},"author":1,"featured_media":4242,"comment_status":"closed","ping_status":"closed","sticky":false,"template":"","format":"standard","meta":{"footnotes":""},"categories":[5,9,15],"tags":[],"class_list":["post-4241","post","type-post","status-publish","format-standard","has-post-thumbnail","hentry","category-coahuila","category-educacion","category-gobierno-de-coahuila","wpcat-5-id","wpcat-9-id","wpcat-15-id"],"_links":{"self":[{"href":"https:\/\/www.aquilaguna.com\/index.php\/wp-json\/wp\/v2\/posts\/4241","targetHints":{"allow":["GET"]}}],"collection":[{"href":"https:\/\/www.aquilaguna.com\/index.php\/wp-json\/wp\/v2\/posts"}],"about":[{"href":"https:\/\/www.aquilaguna.com\/index.php\/wp-json\/wp\/v2\/types\/post"}],"author":[{"embeddable":true,"href":"https:\/\/www.aquilaguna.com\/index.php\/wp-json\/wp\/v2\/users\/1"}],"replies":[{"embeddable":true,"href":"https:\/\/www.aquilaguna.com\/index.php\/wp-json\/wp\/v2\/comments?post=4241"}],"version-history":[{"count":1,"href":"https:\/\/www.aquilaguna.com\/index.php\/wp-json\/wp\/v2\/posts\/4241\/revisions"}],"predecessor-version":[{"id":4243,"href":"https:\/\/www.aquilaguna.com\/index.php\/wp-json\/wp\/v2\/posts\/4241\/revisions\/4243"}],"wp:featuredmedia":[{"embeddable":true,"href":"https:\/\/www.aquilaguna.com\/index.php\/wp-json\/wp\/v2\/media\/4242"}],"wp:attachment":[{"href":"https:\/\/www.aquilaguna.com\/index.php\/wp-json\/wp\/v2\/media?parent=4241"}],"wp:term":[{"taxonomy":"category","embeddable":true,"href":"https:\/\/www.aquilaguna.com\/index.php\/wp-json\/wp\/v2\/categories?post=4241"},{"taxonomy":"post_tag","embeddable":true,"href":"https:\/\/www.aquilaguna.com\/index.php\/wp-json\/wp\/v2\/tags?post=4241"}],"curies":[{"name":"wp","href":"https:\/\/api.w.org\/{rel}","templated":true}]}}