{"id":4246,"date":"2021-09-01T20:35:40","date_gmt":"2021-09-02T01:35:40","guid":{"rendered":"https:\/\/www.aquilaguna.com\/?p=4246"},"modified":"2021-09-01T20:35:40","modified_gmt":"2021-09-02T01:35:40","slug":"reconocen-crisis-forense-que-registra-coahuila","status":"publish","type":"post","link":"https:\/\/www.aquilaguna.com\/index.php\/2021\/09\/01\/reconocen-crisis-forense-que-registra-coahuila\/","title":{"rendered":"Reconocen crisis forense que registra Coahuila."},"content":{"rendered":"\n<p>Torre\u00f3n, Coahuila.- La Licenciada Yeska Garza, titular del Centro Regional de Identificaci\u00f3n Humana\u00a0 estima que, &#8220;\u00e9ste gobierno estatal\u00a0 a cargo del Ingeniero Miguel Angel Riquelme Solis ha hecho un reconocimiento pleno de la crisis forense que registra Coahuila, inserto en similar condici\u00f3n\u00a0 en el resto del pa\u00eds al tiempo que informa sobre avances en la respuesta gubernamental\u00a0 a este doloroso\u00a0 tema&#8221;.\u00a0\u00a0\u00a0\u00a0\u00a0\u00a0\u00a0\u00a0\u00a0\u00a0\u00a0\u00a0\u00a0\u00a0\u00a0\u00a0\u00a0\u00a0\u00a0\u00a0\u00a0\u00a0\u00a0\u00a0\u00a0\u00a0\u00a0\u00a0<\/p>\n\n\n\n<p>La funcionaria\u00a0 indico lo anterior\u00a0 en encuentro con representantes de los Medios previa a la conferencia sustentada esta ma\u00f1ana \u00a0 en la Infoteca de la Universidad Aut\u00f3noma de Coahuila, \u00a0&#8220;Desaparecidos y V\u00edctimas de desaparici\u00f3n forzosa&#8221;, en el\u00a0 que marca al d\u00eda\u00a0 30 de agosto, como fecha conmemorativa, convocada y organizada por la Escuela de Ciencias de la Comunidad de la Unidad Torre\u00f3n, estando presente la Coordinadora de la Unidad Torre\u00f3n, doctora Sandra\u00a0 L\u00f3pez Chavarria.\u00a0<\/p>\n\n\n\n<p>Indic\u00f3 que, &#8220;parcialmente y\u00a0 gracias a la constante demanda de las familias de\u00a0 las personas desaparecidas, hoy tenemos ya un Centro Regional de Identificaci\u00f3n Humana, que es una instituci\u00f3n pericial especializada en la b\u00fasqueda forense con fines de\u00a0 identificaci\u00f3n&#8221;.<\/p>\n\n\n\n<p>El Centro, indic\u00f3, &#8220;tiene un a\u00f1o en operaci\u00f3n, con un equipo multidisciplinario de\u00a0 35 personas, desde el \u00e1rea de arqueolog\u00eda, antropolog\u00eda forense, medicina legal, odontolog\u00eda, gen\u00e9tica y una \u00e1rea de documentaci\u00f3n de v\u00edctimas que es un paso novedoso en este pa\u00eds, que\u00a0 la autoridad establece un primer contacto a trav\u00e9s de un equipo de trabajadores sociales, crimin\u00f3logos, con las familias de los desparecidos&#8221;.<\/p>\n\n\n\n<p>&#8220;Hemos ejecutado tres procesos de\u00a0 exhumaci\u00f3n masiva donde los colectivos y sus representantes estuvieron\u00a0 hombro con \u00a0 hombro con el equipo forense de recuperaci\u00f3n sistem\u00e1tica de 425 cuerpos, recuperadas en estas tres acciones&#8221;.<\/p>\n\n\n\n<p>&#8220;Afortunadamente considero, ya se tuvo la primera identificaci\u00f3n de este proceso,\u00a0 del primer pante\u00f3n donde se exhum\u00f3 en el mes de marzo y continuamos con el an\u00e1lisis post-mortem, en un proceso\u00a0 cient\u00edfico muy cuidado, pues no solo es la recuperaci\u00f3n que pareciera ser lo mas vistoso de intervenir las fosas comunes\u00a0 y\u00a0 una vez que los restos de\u00a0 personas\u00a0 son trasladadas al Centro de Identificaci\u00f3n Humana se inicia todo el an\u00e1lisis post-mortem, que encabeza el \u00e1rea de antropolog\u00eda y tomamos una muestra osteol\u00f3gica del cuerpo que pasa al laboratorio de gen\u00e9tica, para obtener los perfiles&#8221;.<\/p>\n\n\n\n<p>&#8220;La metodolog\u00eda a la que esta apostando este Centro,\u00a0 tiene un enfoque masivo. Al hacer estas grandes exhumaciones de todos los cuerpos de las fosas comunes, podemos procesar y estar comparando la informaci\u00f3n post-mortem y la gen\u00e9tica con las muestras referenciales que nos donan las familias que buscan a un ser querido desparecido y hacer una confronta masiva todo el tiempo&#8221;.<\/p>\n\n\n\n<p>En una palabra resumi\u00f3, &#8220;buscamos a todas las personas al mismo tiempo&#8221;.<\/p>\n\n\n\n<p>Esta metodolog\u00eda, dijo, &#8220;la hemos aprendido del Centro de Antropologia\u00a0 Forense\u00a0 de\u00a0 Guatemala\u00a0 que ha venido apoy\u00e1ndonos en todo este a\u00f1o\u00a0 de integraci\u00f3n, pues est\u00e1n con nosotros\u00a0 en los laboratorios del Centro, en territorio, haciendo\u00a0 desde las prospecciones sobre como vamos a intervenir los cementerios, hasta poder alcanzar una identificaci\u00f3n&#8221;.<\/p>\n\n\n\n<p>Hemos, agreg\u00f3, &#8220;generado acuerdos muy importantes con las familias a trav\u00e9s de mesas de di\u00e1logo que tenemos constantemente, pues todos los procesos\u00a0 se ponen a conocimiento y consenso de los deudos y de manera colegiada llegamos a acuerdos para las intervenciones que se vienen realizando \u00a0 en el Centro Regional&#8221;.<\/p>\n\n\n\n<p>Dio a conocer luego que, &#8220;en los\u00a0 pr\u00f3ximos d\u00edas del mes en curso,\u00a0 se estar\u00e1n interviniendo en el Pante\u00f3n\u00a0 de La Paz, en Saltillo y una vez terminado en \u00e9ste lugar pasaremos\u00a0 al pante\u00f3n de San Ignacio de Ramos Arizpe, mejor conocido como pante\u00f3n gen\u00e9tico&#8221;.<\/p>\n\n\n\n<p>Simult\u00e1neamente, agreg\u00f3, &#8220;estamos haciendo brigadas de tomas de muestras referenciales a lo largo y ancho del Estado, donde hemos tomado ya mas de mil muestras por parte del Centro, que est\u00e1n terminando de ser procesadas en los Laboratorios de la Fundaci\u00f3n de Antropolog\u00eda Forense de Guatemala y esto, nos permitir\u00e1 a mediano y largo plazo obtener confrontas\u00a0 masivas de material gen\u00e9tico&#8221;.<\/p>\n","protected":false},"excerpt":{"rendered":"<p>Torre\u00f3n, Coahuila.- La Licenciada Yeska Garza, titular del Centro Regional de Identificaci\u00f3n Humana\u00a0 estima que, &#8220;\u00e9ste gobierno estatal\u00a0 a cargo del Ingeniero Miguel Angel Riquelme Solis ha hecho un reconocimiento pleno de la crisis forense que registra Coahuila, inserto en similar condici\u00f3n\u00a0 en el resto del pa\u00eds al tiempo que informa sobre avances en la respuesta gubernamental\u00a0 a este doloroso\u00a0 tema&#8221;.\u00a0\u00a0\u00a0\u00a0\u00a0\u00a0\u00a0\u00a0\u00a0\u00a0\u00a0\u00a0\u00a0\u00a0\u00a0\u00a0\u00a0\u00a0\u00a0\u00a0\u00a0\u00a0\u00a0\u00a0\u00a0\u00a0\u00a0\u00a0 La funcionaria\u00a0 indico lo anterior\u00a0 en encuentro con representantes&#8230;<\/p>\n","protected":false},"author":2,"featured_media":0,"comment_status":"closed","ping_status":"","sticky":false,"template":"","format":"standard","meta":{"footnotes":""},"categories":[5,15,28,24,7],"tags":[],"class_list":["post-4246","post","type-post","status-publish","format-standard","hentry","category-coahuila","category-gobierno-de-coahuila","category-la-laguna","category-seguridad","category-torreon","wpcat-5-id","wpcat-15-id","wpcat-28-id","wpcat-24-id","wpcat-7-id"],"_links":{"self":[{"href":"https:\/\/www.aquilaguna.com\/index.php\/wp-json\/wp\/v2\/posts\/4246","targetHints":{"allow":["GET"]}}],"collection":[{"href":"https:\/\/www.aquilaguna.com\/index.php\/wp-json\/wp\/v2\/posts"}],"about":[{"href":"https:\/\/www.aquilaguna.com\/index.php\/wp-json\/wp\/v2\/types\/post"}],"author":[{"embeddable":true,"href":"https:\/\/www.aquilaguna.com\/index.php\/wp-json\/wp\/v2\/users\/2"}],"replies":[{"embeddable":true,"href":"https:\/\/www.aquilaguna.com\/index.php\/wp-json\/wp\/v2\/comments?post=4246"}],"version-history":[{"count":1,"href":"https:\/\/www.aquilaguna.com\/index.php\/wp-json\/wp\/v2\/posts\/4246\/revisions"}],"predecessor-version":[{"id":4247,"href":"https:\/\/www.aquilaguna.com\/index.php\/wp-json\/wp\/v2\/posts\/4246\/revisions\/4247"}],"wp:attachment":[{"href":"https:\/\/www.aquilaguna.com\/index.php\/wp-json\/wp\/v2\/media?parent=4246"}],"wp:term":[{"taxonomy":"category","embeddable":true,"href":"https:\/\/www.aquilaguna.com\/index.php\/wp-json\/wp\/v2\/categories?post=4246"},{"taxonomy":"post_tag","embeddable":true,"href":"https:\/\/www.aquilaguna.com\/index.php\/wp-json\/wp\/v2\/tags?post=4246"}],"curies":[{"name":"wp","href":"https:\/\/api.w.org\/{rel}","templated":true}]}}