{"id":4278,"date":"2021-09-03T20:22:29","date_gmt":"2021-09-04T01:22:29","guid":{"rendered":"https:\/\/www.aquilaguna.com\/?p=4278"},"modified":"2021-09-03T20:22:30","modified_gmt":"2021-09-04T01:22:30","slug":"reporte-coahuila-del-plan-estatal-de-prevencion-y-control-covid-19-155","status":"publish","type":"post","link":"https:\/\/www.aquilaguna.com\/index.php\/2021\/09\/03\/reporte-coahuila-del-plan-estatal-de-prevencion-y-control-covid-19-155\/","title":{"rendered":"REPORTE COAHUILA DEL PLAN ESTATAL DE PREVENCI\u00d3N Y CONTROL COVID-19."},"content":{"rendered":"\n<p>Saltillo, Coahuila de Zaragoza; a 3 de Septiembre del 2021.- Con motivo de mantener a la poblaci\u00f3n informada de los principales avances del Plan Estatal de Prevenci\u00f3n y Control COVID-19, la Secretar\u00eda de Salud de Coahuila (SS) informa:<\/p>\n\n\n\n<p>1.- Al d\u00eda de hoy se registran 452 nuevos casos en Coahuila, incluidas 18 defunciones.<\/p>\n\n\n\n<p>DEFUNCIONES<\/p>\n\n\n\n<p>ACU\u00d1A<\/p>\n\n\n\n<p>Mujer de 42 a\u00f1os (caso ya reportado)<\/p>\n\n\n\n<p>GENERAL CEPEDA<\/p>\n\n\n\n<p>Mujer de 48 a\u00f1os (caso ya reportado)<\/p>\n\n\n\n<p>M\u00daZQUIZ<\/p>\n\n\n\n<p>Hombre de 61 a\u00f1os<\/p>\n\n\n\n<p>RAMOS ARIZPE<\/p>\n\n\n\n<p>Hombre de 88 a\u00f1os<\/p>\n\n\n\n<p>SABINAS<\/p>\n\n\n\n<p>Mujer de 84 a\u00f1os<\/p>\n\n\n\n<p>SALTILLO<\/p>\n\n\n\n<p>Mujer de 85 a\u00f1os (caso ya reportado)<\/p>\n\n\n\n<p>Hombre de 74 a\u00f1os (caso ya reportado)<\/p>\n\n\n\n<p>Hombre de 73 a\u00f1os (caso ya reportado)<\/p>\n\n\n\n<p>Mujer de 73 a\u00f1os (caso ya reportado)<\/p>\n\n\n\n<p>Hombre de 72 a\u00f1os<\/p>\n\n\n\n<p>Hombre de 66 a\u00f1os (caso ya reportado)<\/p>\n\n\n\n<p>Hombre de 56 a\u00f1os<\/p>\n\n\n\n<p>Hombre de 48 a\u00f1os (caso ya reportado)<\/p>\n\n\n\n<p>Mujer de 35 a\u00f1os (caso ya reportado)<\/p>\n\n\n\n<p>Mujer de 31 a\u00f1os (caso ya reportado)<\/p>\n\n\n\n<p>Mujer de 31 a\u00f1os<\/p>\n\n\n\n<p>SAN JUAN DE SABINAS<\/p>\n\n\n\n<p>Hombre de 43 a\u00f1os (caso ya reportado)<\/p>\n\n\n\n<p>TORRE\u00d3N<\/p>\n\n\n\n<p>Hombre de 52 a\u00f1os (caso ya reportado)<br><\/p>\n\n\n\n<p>DISTRIBUCI\u00d3N DE NUEVOS CASOS<\/p>\n\n\n\n<p>206 SALTILLO<\/p>\n\n\n\n<p>55 TORRE\u00d3N<\/p>\n\n\n\n<p>45 RAMOS ARIZPE<\/p>\n\n\n\n<p>37 SABINAS<\/p>\n\n\n\n<p>22 M\u00daZQUIZ<\/p>\n\n\n\n<p>20 PARRAS DE LA FUENTE<\/p>\n\n\n\n<p>17 PIEDRAS NEGRAS<\/p>\n\n\n\n<p>10 SAN PEDRO<\/p>\n\n\n\n<p>8 MONCLOVA<\/p>\n\n\n\n<p>6 ACU\u00d1A<\/p>\n\n\n\n<p>4 CASTA\u00d1OS<\/p>\n\n\n\n<p>4 SAN JUAN DE SABINAS<\/p>\n\n\n\n<p>3 FRONTERA<\/p>\n\n\n\n<p>2 VILLA UNI\u00d3N<\/p>\n\n\n\n<p>2 ARTEAGA<\/p>\n\n\n\n<p>2 SAN BUENAVENTURA<\/p>\n\n\n\n<p>2 FRANCISCO I. MADERO<\/p>\n\n\n\n<p>2 GENERAL CEPEDA<\/p>\n\n\n\n<p>2 MATAMOROS&nbsp;<\/p>\n\n\n\n<p>2 NAVA<\/p>\n\n\n\n<p>1 CUATRO CI\u00c9NEGAS<br><\/p>\n\n\n\n<p>2.- Existen AHORA en Coahuila 2,603 casos activos de COVID &#8211; 19.<\/p>\n\n\n\n<p>DISTRIBUCI\u00d3N DE CASOS ACTIVOS<\/p>\n\n\n\n<p>-Saltillo 1,060<\/p>\n\n\n\n<p>-Torre\u00f3n 303<\/p>\n\n\n\n<p>-Monclova 139<\/p>\n\n\n\n<p>-Piedras Negras 132<\/p>\n\n\n\n<p>-Parras de la Fuente 123<\/p>\n\n\n\n<p>-Sabinas 129<\/p>\n\n\n\n<p>-M\u00fazquiz 104<\/p>\n\n\n\n<p>-Ramos Arizpe 101<\/p>\n\n\n\n<p>-Acu\u00f1a 70<\/p>\n\n\n\n<p>-Frontera 70<\/p>\n\n\n\n<p>-San Pedro 65<\/p>\n\n\n\n<p>-Arteaga 43<\/p>\n\n\n\n<p>-Casta\u00f1os 32<\/p>\n\n\n\n<p>-San Buenaventura 30<\/p>\n\n\n\n<p>-San Juan de Sabinas 28<\/p>\n\n\n\n<p>-Francisco I. Madero 29<\/p>\n\n\n\n<p>-Matamoros 26<\/p>\n\n\n\n<p>-Nava 22<\/p>\n\n\n\n<p>-Cuatro Ci\u00e9negas 18<\/p>\n\n\n\n<p>-General Cepeda 15<\/p>\n\n\n\n<p>-Zaragoza 13<\/p>\n\n\n\n<p>-Progreso 9<\/p>\n\n\n\n<p>-Villa Uni\u00f3n 9<\/p>\n\n\n\n<p>-Allende 6<\/p>\n\n\n\n<p>-Nadadores 6<\/p>\n\n\n\n<p>-Viesca 5<\/p>\n\n\n\n<p>-Sacramento 5<\/p>\n\n\n\n<p>-Morelos 3<\/p>\n\n\n\n<p>-Ocampo 3<\/p>\n\n\n\n<p>-Candela 1<\/p>\n\n\n\n<p>-Hidalgo 1<\/p>\n\n\n\n<p>-Jim\u00e9nez 1<\/p>\n\n\n\n<p>-Guerrero 1<\/p>\n\n\n\n<p>-Ju\u00e1rez 1<\/p>\n\n\n\n<p>-Abasolo 0<\/p>\n\n\n\n<p>-Lamadrid 0<\/p>\n\n\n\n<p>-Escobedo 0<\/p>\n\n\n\n<p>-Sierra Mojada 0<br><\/p>\n\n\n\n<p>3.- Al d\u00eda de hoy, se contabilizan en Coahuila EN TOTAL 85,102 casos, incluidos 6,839 decesos.<\/p>\n\n\n\n<p>4.- HOSPITALIZADOS: 290 (Se incluyen casos sospechosos y confirmados)<\/p>\n\n\n\n<p>Saltillo 136<\/p>\n\n\n\n<p>Torre\u00f3n 67<\/p>\n\n\n\n<p>Piedras Negras 29<\/p>\n\n\n\n<p>Monclova 28<\/p>\n\n\n\n<p>San Juan de Sabinas 15<\/p>\n\n\n\n<p>Acu\u00f1a 13<\/p>\n\n\n\n<p>Ramos Arizpe 1<\/p>\n\n\n\n<p>San Pedro 1<br><\/p>\n\n\n\n<p>5.- TOTAL DE RECUPERADOS: 75,660<\/p>\n\n\n\n<p>18,130 SALTILLO<\/p>\n\n\n\n<p>17,108 TORRE\u00d3N<\/p>\n\n\n\n<p>7,463 MONCLOVA<\/p>\n\n\n\n<p>7,157 PIEDRAS NEGRAS<\/p>\n\n\n\n<p>3,773 ACU\u00d1A<\/p>\n\n\n\n<p>2,404 SAN PEDRO<\/p>\n\n\n\n<p>2,300 SABINAS<\/p>\n\n\n\n<p>1,940 SAN JUAN DE SABINAS<\/p>\n\n\n\n<p>1,827 FRANCISCO I. MADERO<\/p>\n\n\n\n<p>1,849 M\u00daZQUIZ<\/p>\n\n\n\n<p>1,691 FRONTERA<\/p>\n\n\n\n<p>1,443 PARRAS DE LA FUENTE<\/p>\n\n\n\n<p>1,368 MATAMOROS<\/p>\n\n\n\n<p>1,203 RAMOS ARIZPE&nbsp;<\/p>\n\n\n\n<p>964 CUATRO CI\u00c9NEGAS<\/p>\n\n\n\n<p>956 ALLENDE<\/p>\n\n\n\n<p>811 NAVA<\/p>\n\n\n\n<p>489 CASTA\u00d1OS<\/p>\n\n\n\n<p>412 SAN BUENAVENTURA<\/p>\n\n\n\n<p>407 ZARAGOZA&nbsp;<\/p>\n\n\n\n<p>323 VILLA UNI\u00d3N<\/p>\n\n\n\n<p>233 MORELOS<\/p>\n\n\n\n<p>216 SACRAMENTO<\/p>\n\n\n\n<p>208 OCAMPO<\/p>\n\n\n\n<p>153 LAMADRID<\/p>\n\n\n\n<p>177 ARTEAGA<\/p>\n\n\n\n<p>123 NADADORES<\/p>\n\n\n\n<p>116 GENERAL CEPEDA<\/p>\n\n\n\n<p>101 VIESCA<\/p>\n\n\n\n<p>74 SIERRA MOJADA<\/p>\n\n\n\n<p>69 JIM\u00c9NEZ<\/p>\n\n\n\n<p>40 CANDELA<\/p>\n\n\n\n<p>32 PROGRESO&nbsp;<\/p>\n\n\n\n<p>27 ESCOBEDO<\/p>\n\n\n\n<p>24 GUERRERO<\/p>\n\n\n\n<p>22 JU\u00c1REZ<\/p>\n\n\n\n<p>18 HIDALGO&nbsp;<\/p>\n\n\n\n<p>9 ABASOLO<br><\/p>\n\n\n\n<p>6.- El Gobierno de Coahuila recomienda a las familias evitar salir a lugares de alta concurrencia.&nbsp; Si es necesario, acudir a aquellos ubicados al aire libre.<\/p>\n\n\n\n<p>Privilegiar aquellos que cumplen con los protocolos establecidos por los Subcomit\u00e9s Regionales de Salud.<\/p>\n\n\n\n<p>7.- Se exhorta a aquellos (as) ciudadanos (as) que tengan que salir a la calle USAR CUBREBOCAS.<\/p>\n\n\n\n<p>Su uso es OBLIGATORIO.<\/p>\n\n\n\n<p>8.- Con la finalidad de fortalecer el sistema inmunol\u00f3gico se sugiere a las familias llevar una alimentaci\u00f3n balanceada.<\/p>\n","protected":false},"excerpt":{"rendered":"<p>Saltillo, Coahuila de Zaragoza; a 3 de Septiembre del 2021.- Con motivo de mantener a la poblaci\u00f3n informada de los principales avances del Plan Estatal de Prevenci\u00f3n y Control COVID-19, la Secretar\u00eda de Salud de Coahuila (SS) informa: 1.- Al d\u00eda de hoy se registran 452 nuevos casos en Coahuila, incluidas 18 defunciones. DEFUNCIONES ACU\u00d1A Mujer de 42 a\u00f1os (caso ya reportado) GENERAL CEPEDA Mujer de 48 a\u00f1os (caso ya&#8230;<\/p>\n","protected":false},"author":1,"featured_media":0,"comment_status":"closed","ping_status":"closed","sticky":false,"template":"","format":"standard","meta":{"footnotes":""},"categories":[5,4],"tags":[],"class_list":["post-4278","post","type-post","status-publish","format-standard","hentry","category-coahuila","category-covid","wpcat-5-id","wpcat-4-id"],"_links":{"self":[{"href":"https:\/\/www.aquilaguna.com\/index.php\/wp-json\/wp\/v2\/posts\/4278","targetHints":{"allow":["GET"]}}],"collection":[{"href":"https:\/\/www.aquilaguna.com\/index.php\/wp-json\/wp\/v2\/posts"}],"about":[{"href":"https:\/\/www.aquilaguna.com\/index.php\/wp-json\/wp\/v2\/types\/post"}],"author":[{"embeddable":true,"href":"https:\/\/www.aquilaguna.com\/index.php\/wp-json\/wp\/v2\/users\/1"}],"replies":[{"embeddable":true,"href":"https:\/\/www.aquilaguna.com\/index.php\/wp-json\/wp\/v2\/comments?post=4278"}],"version-history":[{"count":1,"href":"https:\/\/www.aquilaguna.com\/index.php\/wp-json\/wp\/v2\/posts\/4278\/revisions"}],"predecessor-version":[{"id":4279,"href":"https:\/\/www.aquilaguna.com\/index.php\/wp-json\/wp\/v2\/posts\/4278\/revisions\/4279"}],"wp:attachment":[{"href":"https:\/\/www.aquilaguna.com\/index.php\/wp-json\/wp\/v2\/media?parent=4278"}],"wp:term":[{"taxonomy":"category","embeddable":true,"href":"https:\/\/www.aquilaguna.com\/index.php\/wp-json\/wp\/v2\/categories?post=4278"},{"taxonomy":"post_tag","embeddable":true,"href":"https:\/\/www.aquilaguna.com\/index.php\/wp-json\/wp\/v2\/tags?post=4278"}],"curies":[{"name":"wp","href":"https:\/\/api.w.org\/{rel}","templated":true}]}}