{"id":4282,"date":"2021-09-03T20:27:02","date_gmt":"2021-09-04T01:27:02","guid":{"rendered":"https:\/\/www.aquilaguna.com\/?p=4282"},"modified":"2021-09-03T20:27:03","modified_gmt":"2021-09-04T01:27:03","slug":"participara-uadec-en-la-feria-internacional-del-libro-coahuila-2021","status":"publish","type":"post","link":"https:\/\/www.aquilaguna.com\/index.php\/2021\/09\/03\/participara-uadec-en-la-feria-internacional-del-libro-coahuila-2021\/","title":{"rendered":"Participar\u00e1 UAdeC en la Feria Internacional del Libro Coahuila 2021."},"content":{"rendered":"\n<p>SALTILLO, Coahuila. 3 de septiembre de 2021.- El Gobierno del Estado de<br>Coahuila a trav\u00e9s de la Secretar\u00eda de Cultura y la Secretar\u00eda de Educaci\u00f3n, en<br>coordinaci\u00f3n con la Universidad Aut\u00f3noma de Coahuila, invitan a la edici\u00f3n 2021<br>de la Feria Internacional del Libro Coahuila, que se realizar\u00e1 del 16 al 26 de<br>septiembre que tendr\u00e1 como sede el Centro Cultural Universitario del Campus<br>Arteaga de la UAdeC.<\/p>\n\n\n\n<p>En Conferencia de prensa se dieron a conocer los detalles de este magno evento,<br>a la que asistieron la titular de la Secretar\u00eda de Cultura del Estado de Coahuila,<br>Ana Sof\u00eda Garc\u00eda Camil, el director de la Feria Internacional del Libro Coahuila<br>2021, Juan Salvador \u00c1lvarez de la Fuente y el director del Instituto Italiano de<br>Cultura, Gianni Vinciguerra.<\/p>\n\n\n\n<p>En esta edici\u00f3n, la Feria Internacional del Libro de Coahuila tendr\u00e1 como pa\u00eds<br>invitado a Italia y como estado a Oaxaca, adem\u00e1s de llevarse a cabo en modalidad<br>h\u00edbrida con un aforo limitado en las actividades presenciales y espect\u00e1culos<br>\u00fanicamente en fin de semana y d\u00edas festivos, y el transporte gratuito reducido a<br>dos corridas diarias en cuatro puntos de la ciudad.<\/p>\n\n\n\n<p>El p\u00fablico que decida no salir de casa tendr\u00e1 acceso a la transmisi\u00f3n de las<br>actividades culturales a trav\u00e9s de las redes sociales de la Secretar\u00eda de Cultura y<br>de la C\u00e1mara Nacional de la Industria Editorial Mexicana (CANIEM), as\u00ed como en<br>el canal digital de Coahuila Radio y Televisi\u00f3n.<\/p>\n\n\n\n<p>En ese sentido, la secretaria de Cultura, Ana Sof\u00eda Garc\u00eda, mencion\u00f3 que la FILC<br>es considerada como patrimonio cultural de los coahuilenses, y una de las m\u00e1s<br>esperadas del norte del pa\u00eds, por lo que es de suma importancia la preservaci\u00f3n y<br>seguimiento a los protocolos sanitarios correspondientes.<\/p>\n\n\n\n<p>En representaci\u00f3n del rector de la Universidad Aut\u00f3noma de Coahuila, Salvador<br>Hern\u00e1ndez V\u00e9lez, asisti\u00f3 la coordinadora de Difusi\u00f3n y Patrimonio Cultural, Ana<br>Sof\u00eda Rodr\u00edguez Cepeda, quien expres\u00f3 que para la UAdeC es un honor ser sede<br>y formar parte del Comit\u00e9 Organizador de esta iniciativa.<\/p>\n\n\n\n<p>\u201cLa participaci\u00f3n de nuestra Universidad, es reflejo del inter\u00e9s y compromiso para<br>promover el trabajo de autores consolidados, adem\u00e1s de difundir la creaci\u00f3n<br>literaria de nuestros escritores, investigadores, historiadores, cient\u00edficos y m\u00e1s<br>profesionales pertenecientes a la comunidad universitaria, por lo que contaremos<br>con presentaciones de libros, as\u00ed como nuestro stand para la adquisici\u00f3n de obras<br>editadas por la m\u00e1xima casa de la casa de estudios\u201d, destac\u00f3.<\/p>\n\n\n\n<p>La UAdeC tomar\u00e1 parte del programa con la presentaci\u00f3n de cinco libros editados<br>por la misma Universidad dentro de las colecciones \u201cCelos\u00eda, escritores del<br>Noreste\u201d y \u201cCartas de navegaci\u00f3n. Memoria de la cultura coahuilense\u201d, el primero<br>de ellos, \u201cLicenciado Torri, abogado desencantado\u201d de Manuel de J. Jim\u00e9nez se<br>presentar\u00e1 el 20 de septiembre a las 17:30 horas en la Sala Julio Torri, con la<br>participaci\u00f3n del maestro Eliezer J\u00e1uregui y el autor.<\/p>\n\n\n\n<p>Mientras que, el d\u00eda 21 a las 19:00 horas en la Sala de Escritores Coahuilenses,<br>se presenta la obra \u201cDe ciencias, educaci\u00f3n y algo m\u00e1s\u201d del rector Salvador<br>Hern\u00e1ndez, con la participaci\u00f3n de Jos\u00e9 D\u00e1vila Sald\u00edvar, H\u00e9ctor Arturo Ruiz Leza y<br>el autor; de igual forma, \u201cUna mujer inquebrantable -Nora Leticia Rocha\u201d de<br>Margarita Solano Abad\u00eda, el 22 de septiembre a las 11:00 horas en la Sala Julio<br>Torri, participan el Ing. Salvador Hern\u00e1ndez V\u00e9lez, Alba Angelica Sol\u00eds Vargas y la<br>autora.<\/p>\n\n\n\n<p>El 24 de septiembre a las 19:00 horas en la Sala de Escritores Coahuilenses, se<br>presenta \u201cSendereando en Coahuila\u201d, participan Sara Lydia Carrillo Cort\u00e9s, Miguel<br>\u00c1ngel Coronado Carri\u00f3n y el autor Salvador Hern\u00e1ndez, asimismo, la obra<br>\u201cRegresar del silencio\u201d de Lucila Navarrete Turrent, el 25 de septiembre a las<br>17:30 horas en la Sala Julio Torri, donde participar\u00e1n Claudia Luna Fuentes y la<br>autora.<\/p>\n\n\n\n<p>Por otro lado, entre los invitados nacionales e internacionales destacados para<br>esta edici\u00f3n son: Dacia Maraini, Federica de Paolis, Concepci\u00f3n Company, Javier<br>Garc\u00edadiego, Julieta Fierro, Alberto Chimal, Alejandro Springall, Armando Fuentes<br>Aguirre, Cristina Rivera Garza, Enrique Serna, Enzia Verduchi, Geney Beltr\u00e1n,<br>Juli\u00e1n Herbert, Carlos Vel\u00e1zquez, entre otros.<\/p>\n\n\n\n<p>Para conocer la cartelera completa y disposiciones sanitarias de la Feria<br>Internacional del Libro Coahuila 2021, visitar las redes sociales de la Secretar\u00eda de<br>Cultura del Estado de Coahuila: en Facebook @CulturaCoahuilaOficial, en Twitter<br>@CulturaCoahuila o en Instagram, @culturacoahuila.<\/p>\n","protected":false},"excerpt":{"rendered":"<p>SALTILLO, Coahuila. 3 de septiembre de 2021.- El Gobierno del Estado deCoahuila a trav\u00e9s de la Secretar\u00eda de Cultura y la Secretar\u00eda de Educaci\u00f3n, encoordinaci\u00f3n con la Universidad Aut\u00f3noma de Coahuila, invitan a la edici\u00f3n 2021de la Feria Internacional del Libro Coahuila, que se realizar\u00e1 del 16 al 26 deseptiembre que tendr\u00e1 como sede el Centro Cultural Universitario del CampusArteaga de la UAdeC. En Conferencia de prensa se dieron a&#8230;<\/p>\n","protected":false},"author":1,"featured_media":4283,"comment_status":"closed","ping_status":"closed","sticky":false,"template":"","format":"standard","meta":{"footnotes":""},"categories":[2],"tags":[],"class_list":["post-4282","post","type-post","status-publish","format-standard","has-post-thumbnail","hentry","category-uadec","wpcat-2-id"],"_links":{"self":[{"href":"https:\/\/www.aquilaguna.com\/index.php\/wp-json\/wp\/v2\/posts\/4282","targetHints":{"allow":["GET"]}}],"collection":[{"href":"https:\/\/www.aquilaguna.com\/index.php\/wp-json\/wp\/v2\/posts"}],"about":[{"href":"https:\/\/www.aquilaguna.com\/index.php\/wp-json\/wp\/v2\/types\/post"}],"author":[{"embeddable":true,"href":"https:\/\/www.aquilaguna.com\/index.php\/wp-json\/wp\/v2\/users\/1"}],"replies":[{"embeddable":true,"href":"https:\/\/www.aquilaguna.com\/index.php\/wp-json\/wp\/v2\/comments?post=4282"}],"version-history":[{"count":1,"href":"https:\/\/www.aquilaguna.com\/index.php\/wp-json\/wp\/v2\/posts\/4282\/revisions"}],"predecessor-version":[{"id":4284,"href":"https:\/\/www.aquilaguna.com\/index.php\/wp-json\/wp\/v2\/posts\/4282\/revisions\/4284"}],"wp:featuredmedia":[{"embeddable":true,"href":"https:\/\/www.aquilaguna.com\/index.php\/wp-json\/wp\/v2\/media\/4283"}],"wp:attachment":[{"href":"https:\/\/www.aquilaguna.com\/index.php\/wp-json\/wp\/v2\/media?parent=4282"}],"wp:term":[{"taxonomy":"category","embeddable":true,"href":"https:\/\/www.aquilaguna.com\/index.php\/wp-json\/wp\/v2\/categories?post=4282"},{"taxonomy":"post_tag","embeddable":true,"href":"https:\/\/www.aquilaguna.com\/index.php\/wp-json\/wp\/v2\/tags?post=4282"}],"curies":[{"name":"wp","href":"https:\/\/api.w.org\/{rel}","templated":true}]}}