{"id":4328,"date":"2021-09-06T19:19:14","date_gmt":"2021-09-07T00:19:14","guid":{"rendered":"https:\/\/www.aquilaguna.com\/?p=4328"},"modified":"2021-09-06T19:19:14","modified_gmt":"2021-09-07T00:19:14","slug":"une-gobierno-de-coahuila-esfuerzos-con-universitarios-para-prevenir-el-suicidio","status":"publish","type":"post","link":"https:\/\/www.aquilaguna.com\/index.php\/2021\/09\/06\/une-gobierno-de-coahuila-esfuerzos-con-universitarios-para-prevenir-el-suicidio\/","title":{"rendered":"UNE GOBIERNO DE COAHUILA ESFUERZOS CON UNIVERSITARIOS PARA PREVENIR EL SUICIDIO."},"content":{"rendered":"\n<p>\u00b7\u00a0\u00a0\u00a0\u00a0\u00a0\u00a0<strong><em>Previo a la conmemoraci\u00f3n del D\u00eda Mundial para la Prevenci\u00f3n del Suicidio, la Secretar\u00eda de Salud impulsa la Feria \u2018Arte para Valorarte\u2019, con apoyo de la Universidad Aut\u00f3noma de Coahuila, la Universidad Carolina y la Comisi\u00f3n de Salud Fronteriza.<\/em><\/strong><\/p>\n\n\n\n<p>Torre\u00f3n, Coahuila de Zaragoza; a 6 de Septiembre del 2021.- En el marco previo a la conmemoraci\u00f3n del D\u00eda Mundial para la Prevenci\u00f3n del Suicidio &#8211; el 10 de Septiembre- el Secretario de Salud, Roberto Bernal G\u00f3mez, cort\u00f3 el list\u00f3n de la Feria \u201cArte para Valorarte\u201d que tiene como finalidad impulsar las manifestaciones art\u00edsticas que concienticen a la poblaci\u00f3n sobre la importancia de vivir con salud mental.<\/p>\n\n\n\n<p>El funcionario defini\u00f3 que estas acciones se logran gracias al apoyo de la Comisi\u00f3n de Salud Fronteriza y a la Direcci\u00f3n de Servicios de Psiquiatr\u00eda de la Secretar\u00eda de Salud Federal.<\/p>\n\n\n\n<p>La actividad desarrollada por la Coordinaci\u00f3n de la Unidad Laguna de la UA de C reuni\u00f3 a especialistas en la materia, as\u00ed como a la comunidad universitaria, quienes presentaron el trabajo para estas jornadas estatales de prevenci\u00f3n del suicidio.<\/p>\n\n\n\n<p>En su intervenci\u00f3n, el doctor Juan Manuel Quijada Gayt\u00e1n, Director General de Servicios de Atenci\u00f3n Psiqui\u00e1trica, apunt\u00f3 que Coahuila es una entidad que aborda el problema del suicidio de manera integral con herramientas que permiten llegar a m\u00e1s pacientes susceptibles a esta situaci\u00f3n.<\/p>\n\n\n\n<p>La Red de Psiquiatras en Hospitales Generales, las atenciones en el Centro Estatal de Salud Mental (CESAME) y la L\u00ednea de la Vida son muestra de ello.<\/p>\n\n\n\n<p>Bernal G\u00f3mez detall\u00f3 que durante una semana se capacitar\u00e1 a diversos grupos en distintos temas de salud mental, principalmente en la prevenci\u00f3n del suicidio.<\/p>\n\n\n\n<p>\u201cDe ah\u00ed que nace la creaci\u00f3n de n\u00fameros art\u00edsticos y obras para ayudar a la poblaci\u00f3n a comprender los factores de riesgo y de protecci\u00f3n para las personas con riesgo suicida, adem\u00e1s de disminuir el estigma en las personas con esta problem\u00e1tica, promoviendo que se acerquen a pedir ayuda\u201d, precis\u00f3.<\/p>\n\n\n\n<p>La Feria \u201cArte para Valorarte\u201d tiene como objetivo general abrir espacios art\u00edsticos para informar mediante actividades art\u00edsticas y culturales sobre la prevenci\u00f3n del suicidio, por este motivo se llevar\u00e1 a cabo, adem\u00e1s de esta ciudad, en Monclova, Piedras Negras y Saltillo durante la presente semana.<\/p>\n\n\n\n<p>En el evento se cont\u00f3 con la presencia de Marco Aurelio Burgos Mart\u00ednez,<\/p>\n\n\n\n<p>Subsecretario de Servicios de Salud; Juan Manuel Quijada Gayt\u00e1n,<\/p>\n\n\n\n<p>Director General de Servicios de Atenci\u00f3n Psiqui\u00e1trica; Salvador Chavarr\u00eda V\u00e1zquez, Director de la Facultad de Medicina Unidad Laguna, y Alma Rosa Paredes Rodr\u00edguez, Directora General del Instituto de Servicios de Salud Rehabilitaci\u00f3n y Educaci\u00f3n Especial E Integral del Estado de Coahuila (ISSREEI).<\/p>\n\n\n\n<p>En esta actividad participan Colectivos y Asociaciones como:<\/p>\n\n\n\n<p>\u00b7&nbsp;&nbsp;&nbsp;&nbsp;&nbsp;&nbsp;&nbsp;Punto y Coma, Escuela de Artes Pl\u00e1sticas de la U.A. de C.<\/p>\n\n\n\n<p>\u00b7&nbsp;&nbsp;&nbsp;&nbsp;&nbsp;&nbsp;&nbsp;01 800, Escuela de Artes Pl\u00e1sticas de la U.A. de C.<\/p>\n\n\n\n<p>\u00b7&nbsp;&nbsp;&nbsp;&nbsp;&nbsp;&nbsp;&nbsp;EPIC FILMS, Universidad de Carolina.<\/p>\n\n\n\n<p>\u00b7&nbsp;&nbsp;&nbsp;&nbsp;&nbsp;&nbsp;&nbsp;Elena Amparo, Colectivo Independiente.<\/p>\n\n\n\n<p>\u00b7&nbsp;&nbsp;&nbsp;&nbsp;&nbsp;&nbsp;&nbsp;Colaboradores de la Secretar\u00eda de Cultura del Estado de Coahuila.<\/p>\n","protected":false},"excerpt":{"rendered":"<p>\u00b7\u00a0\u00a0\u00a0\u00a0\u00a0\u00a0Previo a la conmemoraci\u00f3n del D\u00eda Mundial para la Prevenci\u00f3n del Suicidio, la Secretar\u00eda de Salud impulsa la Feria \u2018Arte para Valorarte\u2019, con apoyo de la Universidad Aut\u00f3noma de Coahuila, la Universidad Carolina y la Comisi\u00f3n de Salud Fronteriza. Torre\u00f3n, Coahuila de Zaragoza; a 6 de Septiembre del 2021.- En el marco previo a la conmemoraci\u00f3n del D\u00eda Mundial para la Prevenci\u00f3n del Suicidio &#8211; el 10 de Septiembre- el&#8230;<\/p>\n","protected":false},"author":1,"featured_media":4329,"comment_status":"closed","ping_status":"closed","sticky":false,"template":"","format":"standard","meta":{"footnotes":""},"categories":[5,15,14],"tags":[],"class_list":["post-4328","post","type-post","status-publish","format-standard","has-post-thumbnail","hentry","category-coahuila","category-gobierno-de-coahuila","category-salud","wpcat-5-id","wpcat-15-id","wpcat-14-id"],"_links":{"self":[{"href":"https:\/\/www.aquilaguna.com\/index.php\/wp-json\/wp\/v2\/posts\/4328","targetHints":{"allow":["GET"]}}],"collection":[{"href":"https:\/\/www.aquilaguna.com\/index.php\/wp-json\/wp\/v2\/posts"}],"about":[{"href":"https:\/\/www.aquilaguna.com\/index.php\/wp-json\/wp\/v2\/types\/post"}],"author":[{"embeddable":true,"href":"https:\/\/www.aquilaguna.com\/index.php\/wp-json\/wp\/v2\/users\/1"}],"replies":[{"embeddable":true,"href":"https:\/\/www.aquilaguna.com\/index.php\/wp-json\/wp\/v2\/comments?post=4328"}],"version-history":[{"count":1,"href":"https:\/\/www.aquilaguna.com\/index.php\/wp-json\/wp\/v2\/posts\/4328\/revisions"}],"predecessor-version":[{"id":4330,"href":"https:\/\/www.aquilaguna.com\/index.php\/wp-json\/wp\/v2\/posts\/4328\/revisions\/4330"}],"wp:featuredmedia":[{"embeddable":true,"href":"https:\/\/www.aquilaguna.com\/index.php\/wp-json\/wp\/v2\/media\/4329"}],"wp:attachment":[{"href":"https:\/\/www.aquilaguna.com\/index.php\/wp-json\/wp\/v2\/media?parent=4328"}],"wp:term":[{"taxonomy":"category","embeddable":true,"href":"https:\/\/www.aquilaguna.com\/index.php\/wp-json\/wp\/v2\/categories?post=4328"},{"taxonomy":"post_tag","embeddable":true,"href":"https:\/\/www.aquilaguna.com\/index.php\/wp-json\/wp\/v2\/tags?post=4328"}],"curies":[{"name":"wp","href":"https:\/\/api.w.org\/{rel}","templated":true}]}}