{"id":4331,"date":"2021-09-06T19:21:57","date_gmt":"2021-09-07T00:21:57","guid":{"rendered":"https:\/\/www.aquilaguna.com\/?p=4331"},"modified":"2021-09-06T19:21:57","modified_gmt":"2021-09-07T00:21:57","slug":"realiza-rector-de-la-uadec-gira-de-trabajo-por-la-unidad-torreon","status":"publish","type":"post","link":"https:\/\/www.aquilaguna.com\/index.php\/2021\/09\/06\/realiza-rector-de-la-uadec-gira-de-trabajo-por-la-unidad-torreon\/","title":{"rendered":"Realiza Rector de la UAdeC Gira de  Trabajo por la Unidad Torre\u00f3n."},"content":{"rendered":"\n<p>TORRE\u00d3N, Coahuila. 6 de septiembre de 2021.- En gira de trabajo por la Unidad<br>Torre\u00f3n, el rector de la Universidad Aut\u00f3noma de Coahuila, Salvador Hern\u00e1ndez<br>V\u00e9lez, tom\u00f3 protesta al Ing. Benjam\u00edn Gonz\u00e1lez Campos como director de la<br>Facultad de Ingenier\u00eda Mec\u00e1nica y El\u00e9ctrica para un segundo periodo de gesti\u00f3n<br>de 2021 a 2024, as\u00ed mismo asisti\u00f3 a la celebraci\u00f3n del 40 aniversario de la<br>creaci\u00f3n de la Licenciatura en Mercadotecnia que ofrece la Facultad de Econom\u00eda<br>y Mercadotecnia y realiz\u00f3 un recorrido por la Facultad de Odontolog\u00eda.<\/p>\n\n\n\n<p>Durante la toma de protesta el Rector felicit\u00f3 a la comunidad universitaria de la<br>FIME por lograr la recertificaci\u00f3n de los planes de estudio, \u201cAqu\u00ed tienen un futuro<br>de calidad, de aprendizaje de habilidades y competencias para un entorno laboral,<br>profesional, social, econ\u00f3mico, cient\u00edfico y tecnol\u00f3gico\u201d, dijo.<\/p>\n\n\n\n<p>Por su parte, el director, Benjam\u00edn Gonz\u00e1lez Campos, coment\u00f3 que el mundo<br>actual es sumamente competitivo, por lo que su compromiso es trabajar de la<br>mano con la Rector\u00eda e inculcar al alumnado que la educaci\u00f3n es la mejor<br>herramienta que se puede tener.<\/p>\n\n\n\n<p>En la ceremonia se reconoci\u00f3 a las alumnas Valeria Gonz\u00e1lez Aguilar y Karen<br>Paola Ram\u00edrez Guel, por obtener el m\u00e1s alto promedio de aprovechamiento en el<br>\u00faltimo a\u00f1o escolar (2020-2021), en sus carreras de Ingenier\u00eda Mec\u00e1nica e<br>Ingenier\u00eda El\u00e9ctrica, respectivamente.<\/p>\n\n\n\n<p>Al finalizar el evento el rector, Salvador Hern\u00e1ndez V\u00e9lez, la coordinadora de la<br>Unidad Torre\u00f3n, Sandra L\u00f3pez Chavarr\u00eda y el director, Benjam\u00edn Gonz\u00e1lez<br>Campos, inauguraron los laboratorios del Centro de Instrumentaci\u00f3n Control e<br>Industria 4.0 y el de Solid Work, para los cuales se requiri\u00f3 de una inversi\u00f3n de<br>m\u00e1s de 820 mil pesos.<\/p>\n\n\n\n<p>Por otro lado, para conmemorar el 40 aniversario de la Licenciatura en<br>Mercadotecnia que ofrece Facultad de Econom\u00eda y Mercadotecnia, se llev\u00f3 a<br>cabo la develaci\u00f3n de un mural, as\u00ed como una carrera atl\u00e9tica, premiando a<br>quienes ganaron en la categor\u00eda varonil y femenil.<\/p>\n\n\n\n<p>En su mensaje, Hern\u00e1ndez V\u00e9lez recalc\u00f3 que la carrera de Mercadotecnia exige<br>innovarse de manera permanente, incorporando en su proceso de ense\u00f1anza las<br>nuevas tecnolog\u00edas e insert\u00e1ndose en la actualidad digital y, reiter\u00f3 que el impulso<br>de un Nuevo Modelo Educativo en la instituci\u00f3n, permitir\u00e1 egresar a mejores<br>profesionistas, capaces de desenvolverse en un complejo mundo laboral; durante el evento se cont\u00f3 con la presencia de la directora del plantel, Grace Aileen Ruiz<br>Santoyo, as\u00ed como de directores de las diversas escuelas y facultades de Ciudad<br>Universitaria Campus Torre\u00f3n.<\/p>\n\n\n\n<p>Mientras que en la Facultad de Odontolog\u00eda se hizo entrega de la renovaci\u00f3n del<br>Gimnasio, que permitir\u00e1 la pr\u00e1ctica de diversas disciplinas deportivas, as\u00ed mismo<br>se puso en marcha el elevador que coadyuvar\u00e1 en el recorrido y desplazamientos<br>de la gente que acude a recibir servicios odontol\u00f3gicos en el plantel, adem\u00e1s se<br>abrieron las puertas del Laboratorio de Cl\u00ednica de Posgrado en Ortodoncia, el cual<br>cuenta con espacios individualizados de trabajo para el alumnado con la<br>implementaci\u00f3n de las medidas de sanidad.<\/p>\n\n\n\n<p>Durante la visita, el rector, Salvador Hern\u00e1ndez V\u00e9lez, reconoci\u00f3 el trabajo<br>realizado por la comunidad universitaria de la Facultad de Odontolog\u00eda en cuanto<br>a las obras de remodelaci\u00f3n.<\/p>\n","protected":false},"excerpt":{"rendered":"<p>TORRE\u00d3N, Coahuila. 6 de septiembre de 2021.- En gira de trabajo por la UnidadTorre\u00f3n, el rector de la Universidad Aut\u00f3noma de Coahuila, Salvador Hern\u00e1ndezV\u00e9lez, tom\u00f3 protesta al Ing. Benjam\u00edn Gonz\u00e1lez Campos como director de laFacultad de Ingenier\u00eda Mec\u00e1nica y El\u00e9ctrica para un segundo periodo de gesti\u00f3nde 2021 a 2024, as\u00ed mismo asisti\u00f3 a la celebraci\u00f3n del 40 aniversario de lacreaci\u00f3n de la Licenciatura en Mercadotecnia que ofrece la Facultad de&#8230;<\/p>\n","protected":false},"author":1,"featured_media":4332,"comment_status":"closed","ping_status":"closed","sticky":false,"template":"","format":"standard","meta":{"footnotes":""},"categories":[2],"tags":[],"class_list":["post-4331","post","type-post","status-publish","format-standard","has-post-thumbnail","hentry","category-uadec","wpcat-2-id"],"_links":{"self":[{"href":"https:\/\/www.aquilaguna.com\/index.php\/wp-json\/wp\/v2\/posts\/4331","targetHints":{"allow":["GET"]}}],"collection":[{"href":"https:\/\/www.aquilaguna.com\/index.php\/wp-json\/wp\/v2\/posts"}],"about":[{"href":"https:\/\/www.aquilaguna.com\/index.php\/wp-json\/wp\/v2\/types\/post"}],"author":[{"embeddable":true,"href":"https:\/\/www.aquilaguna.com\/index.php\/wp-json\/wp\/v2\/users\/1"}],"replies":[{"embeddable":true,"href":"https:\/\/www.aquilaguna.com\/index.php\/wp-json\/wp\/v2\/comments?post=4331"}],"version-history":[{"count":1,"href":"https:\/\/www.aquilaguna.com\/index.php\/wp-json\/wp\/v2\/posts\/4331\/revisions"}],"predecessor-version":[{"id":4333,"href":"https:\/\/www.aquilaguna.com\/index.php\/wp-json\/wp\/v2\/posts\/4331\/revisions\/4333"}],"wp:featuredmedia":[{"embeddable":true,"href":"https:\/\/www.aquilaguna.com\/index.php\/wp-json\/wp\/v2\/media\/4332"}],"wp:attachment":[{"href":"https:\/\/www.aquilaguna.com\/index.php\/wp-json\/wp\/v2\/media?parent=4331"}],"wp:term":[{"taxonomy":"category","embeddable":true,"href":"https:\/\/www.aquilaguna.com\/index.php\/wp-json\/wp\/v2\/categories?post=4331"},{"taxonomy":"post_tag","embeddable":true,"href":"https:\/\/www.aquilaguna.com\/index.php\/wp-json\/wp\/v2\/tags?post=4331"}],"curies":[{"name":"wp","href":"https:\/\/api.w.org\/{rel}","templated":true}]}}