{"id":4341,"date":"2021-09-07T17:07:26","date_gmt":"2021-09-07T22:07:26","guid":{"rendered":"https:\/\/www.aquilaguna.com\/?p=4341"},"modified":"2021-09-07T17:07:27","modified_gmt":"2021-09-07T22:07:27","slug":"reporte-coahuila-del-plan-estatal-de-prevencion-y-control-covid-19-158","status":"publish","type":"post","link":"https:\/\/www.aquilaguna.com\/index.php\/2021\/09\/07\/reporte-coahuila-del-plan-estatal-de-prevencion-y-control-covid-19-158\/","title":{"rendered":"REPORTE COAHUILA DEL PLAN ESTATAL DE PREVENCI\u00d3N Y CONTROL COVID-19."},"content":{"rendered":"\n<p>Saltillo, Coahuila de Zaragoza; a 7 de Septiembre del 2021.- Con motivo de mantener a la poblaci\u00f3n informada de los principales avances del Plan Estatal de Prevenci\u00f3n y Control COVID-19, la Secretar\u00eda de Salud de Coahuila (SS) informa:<\/p>\n\n\n\n<p>1.- Al d\u00eda de hoy se registran 387 nuevos casos en Coahuila, incluidas 16 defunciones.<\/p>\n\n\n\n<p>DEFUNCIONES<\/p>\n\n\n\n<p>ACU\u00d1A<\/p>\n\n\n\n<p>Hombre de 74 a\u00f1os (caso ya reportado)<\/p>\n\n\n\n<p>Hombre de 40 a\u00f1os (caso ya reportado)<\/p>\n\n\n\n<p>MONCLOVA<\/p>\n\n\n\n<p>Mujer de 77 a\u00f1os (caso ya reportado)<\/p>\n\n\n\n<p>NAVA<\/p>\n\n\n\n<p>Hombre de 72 a\u00f1os (caso ya reportado)<\/p>\n\n\n\n<p>PARRAS DE LA FUENTE<\/p>\n\n\n\n<p>Hombre de 54 a\u00f1os (caso ya reportado)<\/p>\n\n\n\n<p>PIEDRAS NEGRAS<\/p>\n\n\n\n<p>Hombre de 62 a\u00f1os (caso ya reportado)<\/p>\n\n\n\n<p>Mujer de 47 a\u00f1os<\/p>\n\n\n\n<p>Mujer de 42 a\u00f1os<\/p>\n\n\n\n<p>RAMOS ARIZPE<\/p>\n\n\n\n<p>Hombre de 61 a\u00f1os (caso ya reportado)<\/p>\n\n\n\n<p>SALTILLO<\/p>\n\n\n\n<p>Mujer de 63 a\u00f1os (caso ya reportado)<\/p>\n\n\n\n<p>Mujer de 61 a\u00f1os<\/p>\n\n\n\n<p>Hombre de 58 a\u00f1os<\/p>\n\n\n\n<p>Mujer de 23 a\u00f1os (caso ya reportado)<\/p>\n\n\n\n<p>RAMOS ARIZPE<\/p>\n\n\n\n<p>Hombre de 61 a\u00f1os (caso ya reportado)<\/p>\n\n\n\n<p>TORRE\u00d3N<\/p>\n\n\n\n<p>Mujer de 71 a\u00f1os (caso ya reportado)<\/p>\n\n\n\n<p>Hombre de 71 a\u00f1os (caso ya reportado)<\/p>\n\n\n\n<p>Hombre de 71 a\u00f1os<br><\/p>\n\n\n\n<p>DISTRIBUCI\u00d3N DE NUEVOS CASOS<\/p>\n\n\n\n<p>160 SALTILLO<\/p>\n\n\n\n<p>59 TORRE\u00d3N<\/p>\n\n\n\n<p>34 RAMOS ARIZPE<\/p>\n\n\n\n<p>28 PIEDRAS NEGRAS<\/p>\n\n\n\n<p>20 MONCLOVA<\/p>\n\n\n\n<p>15 M\u00daZQUIZ<\/p>\n\n\n\n<p>15 SABINAS<\/p>\n\n\n\n<p>9 PARRAS DE LA FUENTE<\/p>\n\n\n\n<p>5 GENERAL CEPEDA<\/p>\n\n\n\n<p>4 ALLENDE<\/p>\n\n\n\n<p>4 NAVA<\/p>\n\n\n\n<p>4 SAN BUENAVENTURA<\/p>\n\n\n\n<p>4 SAN JUAN DE SABINAS<\/p>\n\n\n\n<p>4 SAN PEDRO<\/p>\n\n\n\n<p>3 ARTEAGA<\/p>\n\n\n\n<p>3 CASTA\u00d1OS<\/p>\n\n\n\n<p>3 FRONTERA<\/p>\n\n\n\n<p>3 CUATRO CI\u00c9NEGAS<\/p>\n\n\n\n<p>2 FRANCISCO I. MADERO<\/p>\n\n\n\n<p>2 ACU\u00d1A<\/p>\n\n\n\n<p>2 ZARAGOZA<\/p>\n\n\n\n<p>2 MATAMOROS<\/p>\n\n\n\n<p>1 NADADORES<\/p>\n\n\n\n<p>1 PROGRESO<br><\/p>\n\n\n\n<p>2.- Existen AHORA en Coahuila 2,499 casos activos de COVID &#8211; 19.<\/p>\n\n\n\n<p>DISTRIBUCI\u00d3N DE CASOS ACTIVOS<\/p>\n\n\n\n<p>-Saltillo 1,033<\/p>\n\n\n\n<p>-Torre\u00f3n 319<\/p>\n\n\n\n<p>-Piedras Negras 123<\/p>\n\n\n\n<p>-Parras de la Fuente 123<\/p>\n\n\n\n<p>-Sabinas 122<\/p>\n\n\n\n<p>-Monclova 103<\/p>\n\n\n\n<p>-M\u00fazquiz 103<\/p>\n\n\n\n<p>-Ramos Arizpe 100<\/p>\n\n\n\n<p>-San Pedro 71<\/p>\n\n\n\n<p>-Frontera 59<\/p>\n\n\n\n<p>-Acu\u00f1a 51<\/p>\n\n\n\n<p>-Arteaga 35<\/p>\n\n\n\n<p>-Francisco I. Madero 29<\/p>\n\n\n\n<p>-Matamoros 28<\/p>\n\n\n\n<p>-Cuatro Ci\u00e9negas 28<\/p>\n\n\n\n<p>-Casta\u00f1os 26<\/p>\n\n\n\n<p>-San Juan de Sabinas 23<\/p>\n\n\n\n<p>-Nava 22<\/p>\n\n\n\n<p>-San Buenaventura 21<\/p>\n\n\n\n<p>-General Cepeda 19<\/p>\n\n\n\n<p>-Zaragoza 10<\/p>\n\n\n\n<p>-Progreso 10<\/p>\n\n\n\n<p>-Villa Uni\u00f3n 9<\/p>\n\n\n\n<p>-Allende 8<\/p>\n\n\n\n<p>-Nadadores 6<\/p>\n\n\n\n<p>-Morelos 5<\/p>\n\n\n\n<p>-Sacramento 4<\/p>\n\n\n\n<p>-Ocampo 3<\/p>\n\n\n\n<p>-Viesca 1<\/p>\n\n\n\n<p>-Candela 1<\/p>\n\n\n\n<p>-Hidalgo 1<\/p>\n\n\n\n<p>-Jim\u00e9nez 1<\/p>\n\n\n\n<p>-Guerrero 1<\/p>\n\n\n\n<p>-Ju\u00e1rez 1<\/p>\n\n\n\n<p>-Abasolo 0<\/p>\n\n\n\n<p>-Lamadrid 0<\/p>\n\n\n\n<p>-Escobedo 0<\/p>\n\n\n\n<p>-Sierra Mojada 0<br><\/p>\n\n\n\n<p>3.- Al d\u00eda de hoy, se contabilizan en Coahuila EN TOTAL 86,035 casos, incluidos 6,898 decesos.<\/p>\n\n\n\n<p>4.- HOSPITALIZADOS: 271 (Se incluyen casos sospechosos y confirmados)<\/p>\n\n\n\n<p>Saltillo 137<\/p>\n\n\n\n<p>Torre\u00f3n 71<\/p>\n\n\n\n<p>Piedras Negras 24<\/p>\n\n\n\n<p>Monclova 17<\/p>\n\n\n\n<p>Acu\u00f1a 12<\/p>\n\n\n\n<p>San Juan de Sabinas 9&nbsp;<\/p>\n\n\n\n<p>San Pedro 1<br><\/p>\n\n\n\n<p>5.- TOTAL DE RECUPERADOS: 76,638<\/p>\n\n\n\n<p>18,581 SALTILLO<\/p>\n\n\n\n<p>17,198 TORRE\u00d3N<\/p>\n\n\n\n<p>7,540 MONCLOVA<\/p>\n\n\n\n<p>7,206 PIEDRAS NEGRAS<\/p>\n\n\n\n<p>3,807 ACU\u00d1A<\/p>\n\n\n\n<p>2,418 SAN PEDRO<\/p>\n\n\n\n<p>2,326 SABINAS<\/p>\n\n\n\n<p>1,949 SAN JUAN DE SABINAS<\/p>\n\n\n\n<p>1,875 M\u00daZQUIZ<\/p>\n\n\n\n<p>1,840 FRANCISCO I. MADERO<\/p>\n\n\n\n<p>1,718 FRONTERA<\/p>\n\n\n\n<p>1,476 PARRAS DE LA FUENTE<\/p>\n\n\n\n<p>1,376 MATAMOROS<\/p>\n\n\n\n<p>1,258 RAMOS ARIZPE&nbsp;<\/p>\n\n\n\n<p>967 CUATRO CI\u00c9NEGAS<\/p>\n\n\n\n<p>959 ALLENDE<\/p>\n\n\n\n<p>814 NAVA<\/p>\n\n\n\n<p>498 CASTA\u00d1OS<\/p>\n\n\n\n<p>426 SAN BUENAVENTURA<\/p>\n\n\n\n<p>413 ZARAGOZA&nbsp;<\/p>\n\n\n\n<p>326 VILLA UNI\u00d3N<\/p>\n\n\n\n<p>233 MORELOS<\/p>\n\n\n\n<p>217 SACRAMENTO<\/p>\n\n\n\n<p>208 OCAMPO<\/p>\n\n\n\n<p>190 ARTEAGA<\/p>\n\n\n\n<p>153 LAMADRID<\/p>\n\n\n\n<p>125 NADADORES<\/p>\n\n\n\n<p>121 GENERAL CEPEDA<\/p>\n\n\n\n<p>105 VIESCA<\/p>\n\n\n\n<p>74 SIERRA MOJADA<\/p>\n\n\n\n<p>69 JIM\u00c9NEZ<\/p>\n\n\n\n<p>40 CANDELA<\/p>\n\n\n\n<p>32 PROGRESO&nbsp;<\/p>\n\n\n\n<p>27 ESCOBEDO<\/p>\n\n\n\n<p>24 GUERRERO<\/p>\n\n\n\n<p>22 JU\u00c1REZ<\/p>\n\n\n\n<p>18 HIDALGO&nbsp;<\/p>\n\n\n\n<p>9 ABASOLO<br><\/p>\n\n\n\n<p>6.- El Gobierno de Coahuila recomienda a las familias evitar salir a lugares de alta concurrencia.&nbsp; Si es necesario, acudir a aquellos ubicados al aire libre.<\/p>\n\n\n\n<p>Privilegiar aquellos que cumplen con los protocolos establecidos por los Subcomit\u00e9s Regionales de Salud.<\/p>\n\n\n\n<p>7.- Se exhorta a aquellos (as) ciudadanos (as) que tengan que salir a la calle USAR CUBREBOCAS.<\/p>\n\n\n\n<p>Su uso es OBLIGATORIO.<\/p>\n\n\n\n<p>8.- Con la finalidad de fortalecer el sistema inmunol\u00f3gico se sugiere a las familias llevar una alimentaci\u00f3n balanceada.<\/p>\n","protected":false},"excerpt":{"rendered":"<p>Saltillo, Coahuila de Zaragoza; a 7 de Septiembre del 2021.- Con motivo de mantener a la poblaci\u00f3n informada de los principales avances del Plan Estatal de Prevenci\u00f3n y Control COVID-19, la Secretar\u00eda de Salud de Coahuila (SS) informa: 1.- Al d\u00eda de hoy se registran 387 nuevos casos en Coahuila, incluidas 16 defunciones. DEFUNCIONES ACU\u00d1A Hombre de 74 a\u00f1os (caso ya reportado) Hombre de 40 a\u00f1os (caso ya reportado) MONCLOVA&#8230;<\/p>\n","protected":false},"author":1,"featured_media":0,"comment_status":"closed","ping_status":"closed","sticky":false,"template":"","format":"standard","meta":{"footnotes":""},"categories":[5,4],"tags":[],"class_list":["post-4341","post","type-post","status-publish","format-standard","hentry","category-coahuila","category-covid","wpcat-5-id","wpcat-4-id"],"_links":{"self":[{"href":"https:\/\/www.aquilaguna.com\/index.php\/wp-json\/wp\/v2\/posts\/4341","targetHints":{"allow":["GET"]}}],"collection":[{"href":"https:\/\/www.aquilaguna.com\/index.php\/wp-json\/wp\/v2\/posts"}],"about":[{"href":"https:\/\/www.aquilaguna.com\/index.php\/wp-json\/wp\/v2\/types\/post"}],"author":[{"embeddable":true,"href":"https:\/\/www.aquilaguna.com\/index.php\/wp-json\/wp\/v2\/users\/1"}],"replies":[{"embeddable":true,"href":"https:\/\/www.aquilaguna.com\/index.php\/wp-json\/wp\/v2\/comments?post=4341"}],"version-history":[{"count":1,"href":"https:\/\/www.aquilaguna.com\/index.php\/wp-json\/wp\/v2\/posts\/4341\/revisions"}],"predecessor-version":[{"id":4342,"href":"https:\/\/www.aquilaguna.com\/index.php\/wp-json\/wp\/v2\/posts\/4341\/revisions\/4342"}],"wp:attachment":[{"href":"https:\/\/www.aquilaguna.com\/index.php\/wp-json\/wp\/v2\/media?parent=4341"}],"wp:term":[{"taxonomy":"category","embeddable":true,"href":"https:\/\/www.aquilaguna.com\/index.php\/wp-json\/wp\/v2\/categories?post=4341"},{"taxonomy":"post_tag","embeddable":true,"href":"https:\/\/www.aquilaguna.com\/index.php\/wp-json\/wp\/v2\/tags?post=4341"}],"curies":[{"name":"wp","href":"https:\/\/api.w.org\/{rel}","templated":true}]}}