{"id":44,"date":"2021-01-31T22:21:37","date_gmt":"2021-02-01T04:21:37","guid":{"rendered":"http:\/\/34.69.167.107\/?p=44"},"modified":"2021-01-31T22:21:37","modified_gmt":"2021-02-01T04:21:37","slug":"fortalecen-universitarios-plan-de-accion","status":"publish","type":"post","link":"https:\/\/www.aquilaguna.com\/index.php\/2021\/01\/31\/fortalecen-universitarios-plan-de-accion\/","title":{"rendered":"Fortalecen Universitarios Plan de Acci\u00f3n."},"content":{"rendered":"\n<p>SALTILLO, Coahuila. 30 de enero de 2021.- Con el fin de escuchar los comentarios y peticiones de las y los universitarios y fortalecer el plan de acci\u00f3n del candidato a la Rector\u00eda de la Universidad Aut\u00f3noma de Coahuila, Salvador Hern\u00e1ndez V\u00e9lez, el Coordinador de Campa\u00f1a, V\u00edctor S\u00e1nchez Vald\u00e9s y el equipo de trabajo, contin\u00faan reuni\u00e9ndose de manera virtual con la comunidad estudiantil y docente.<\/p>\n\n\n\n<p><br>Como parte de la agenda de trabajo se sostuvieron sesiones virtuales de di\u00e1logo con investigadores de las Unidades Saltillo, Torre\u00f3n y Norte, as\u00ed como con la Confederaci\u00f3n de Estudiantes de la m\u00e1xima casa de estudios, quienes plantearon algunas necesidades y reafirmaron su apoyo al candidato.<\/p>\n\n\n\n<p><br>Durante las reuniones se destac\u00f3 la importancia de reformar el Modelo Educativo, por lo que se plantea la realizaci\u00f3n de un proceso en el que participe toda la comunidad universitaria, asimismo, se buscar\u00e1 establecer estrategias para la capacitaci\u00f3n del personal docente.<\/p>\n\n\n\n<p><br>Adem\u00e1s, se impulsar\u00e1 la modificaci\u00f3n de los planes de estudio para que incorporen las innovaciones del Modelo Educativo y se reforzar\u00e1 la ense\u00f1anza de softwares y equipos especializados para fortalecer las competencias digitales de los profesores y estudiantes, de igual manera, se mejorar\u00e1n las plataformas de seguimiento acad\u00e9mico.<\/p>\n\n\n\n<p><br>Aunado a esto, se establecer\u00e1n acciones que permitan mejorar y fortalecer el programa de tutor\u00edas y el seguimiento a las y los estudiantes, poniendo especial \u00e9nfasis en los apoyos acad\u00e9micos y la salud emocional.<\/p>\n\n\n\n<p>&lt;<br>Como parte de las propuestas planteadas en el Eje 2 \u201cProgramas educativos de calidad\u201d, se intensificar\u00e1 la pol\u00edtica de revisi\u00f3n y actualizaci\u00f3n de los planes de estudio, estableciendo criterios claros para que todos los programas respondan a las necesidades del entorno y de los organismos evaluadores.<\/p>\n\n\n\n<p><br>Se brindar\u00e1 apoyo a las escuelas, facultades, institutos y centros para que todos los procesos de certificaci\u00f3n y acreditaci\u00f3n de los programas obtengan buenos resultados, as\u00ed como asistencia t\u00e9cnica para solventar las recomendaciones de los organismos evaluadores.<\/p>\n","protected":false},"excerpt":{"rendered":"<p>SALTILLO, Coahuila. 30 de enero de 2021.- Con el fin de escuchar los comentarios y peticiones de las y los universitarios y fortalecer el plan de acci\u00f3n del candidato a la Rector\u00eda de la Universidad Aut\u00f3noma de Coahuila, Salvador Hern\u00e1ndez V\u00e9lez, el Coordinador de Campa\u00f1a, V\u00edctor S\u00e1nchez Vald\u00e9s y el equipo de trabajo, contin\u00faan reuni\u00e9ndose de manera virtual con la comunidad estudiantil y docente. Como parte de la agenda de&#8230;<\/p>\n","protected":false},"author":1,"featured_media":45,"comment_status":"closed","ping_status":"","sticky":false,"template":"","format":"standard","meta":{"footnotes":""},"categories":[2],"tags":[],"class_list":["post-44","post","type-post","status-publish","format-standard","has-post-thumbnail","hentry","category-uadec","wpcat-2-id"],"_links":{"self":[{"href":"https:\/\/www.aquilaguna.com\/index.php\/wp-json\/wp\/v2\/posts\/44","targetHints":{"allow":["GET"]}}],"collection":[{"href":"https:\/\/www.aquilaguna.com\/index.php\/wp-json\/wp\/v2\/posts"}],"about":[{"href":"https:\/\/www.aquilaguna.com\/index.php\/wp-json\/wp\/v2\/types\/post"}],"author":[{"embeddable":true,"href":"https:\/\/www.aquilaguna.com\/index.php\/wp-json\/wp\/v2\/users\/1"}],"replies":[{"embeddable":true,"href":"https:\/\/www.aquilaguna.com\/index.php\/wp-json\/wp\/v2\/comments?post=44"}],"version-history":[{"count":1,"href":"https:\/\/www.aquilaguna.com\/index.php\/wp-json\/wp\/v2\/posts\/44\/revisions"}],"predecessor-version":[{"id":46,"href":"https:\/\/www.aquilaguna.com\/index.php\/wp-json\/wp\/v2\/posts\/44\/revisions\/46"}],"wp:featuredmedia":[{"embeddable":true,"href":"https:\/\/www.aquilaguna.com\/index.php\/wp-json\/wp\/v2\/media\/45"}],"wp:attachment":[{"href":"https:\/\/www.aquilaguna.com\/index.php\/wp-json\/wp\/v2\/media?parent=44"}],"wp:term":[{"taxonomy":"category","embeddable":true,"href":"https:\/\/www.aquilaguna.com\/index.php\/wp-json\/wp\/v2\/categories?post=44"},{"taxonomy":"post_tag","embeddable":true,"href":"https:\/\/www.aquilaguna.com\/index.php\/wp-json\/wp\/v2\/tags?post=44"}],"curies":[{"name":"wp","href":"https:\/\/api.w.org\/{rel}","templated":true}]}}