{"id":4456,"date":"2021-09-13T19:27:54","date_gmt":"2021-09-14T00:27:54","guid":{"rendered":"https:\/\/www.aquilaguna.com\/?p=4456"},"modified":"2021-09-13T19:27:54","modified_gmt":"2021-09-14T00:27:54","slug":"encabeza-mars-en-torreon-acto-civico-de-la-gesta-heroica-de-los-ninos-heroes","status":"publish","type":"post","link":"https:\/\/www.aquilaguna.com\/index.php\/2021\/09\/13\/encabeza-mars-en-torreon-acto-civico-de-la-gesta-heroica-de-los-ninos-heroes\/","title":{"rendered":"ENCABEZA MARS EN TORRE\u00d3N ACTO C\u00cdVICO DE LA GESTA HEROICA DE LOS NI\u00d1OS H\u00c9ROES."},"content":{"rendered":"\n<p>\u00b7\u00a0\u00a0\u00a0\u00a0\u00a0\u00a0<strong><em>\u00a0En el CLXXIV Aniversario, las autoridades estatales y municipales montaron una Guardia de Honor y colocaron una ofrenda floral<\/em><\/strong>.<\/p>\n\n\n\n<p>Torre\u00f3n, Coahuila de Zaragoza; a 13 de Septiembre de 2021.- El gobernador Miguel \u00c1ngel Riquelme Sol\u00eds encabez\u00f3 el Acto C\u00edvico por el CLXXIV Aniversario de la Gesta Heroica de los Ni\u00f1os H\u00e9roes de Chapultepec, desde esta ciudad, en donde se mont\u00f3 una Guardia de Honor y se dispar\u00f3 salva de fusiler\u00eda para rememorar tal acontecimiento.<\/p>\n\n\n\n<p>\u201cEs importante destacar en esta fecha, desde nuestro estado, que ese amor por defender la Patria y el compromiso por ser mejores mexicanos cada d\u00eda est\u00e1 siempre latente\u201d, se\u00f1al\u00f3 el gobernador Miguel Riquelme.<\/p>\n\n\n\n<p>\u201cRecordamos esta gesta heroica de los Ni\u00f1os H\u00e9roes y seguimos dejando en claro que Coahuila sigue en pie como una sociedad unida, de fortaleza, de trabajo y compromiso ante los retos actuales\u201d.<\/p>\n\n\n\n<p>El evento inici\u00f3 con los Honores a la Bandera, a cargo del 33 Batall\u00f3n de Infanter\u00eda de esta ciudad, para luego pasar Lista de Honor a los Ni\u00f1os H\u00e9roes, a cargo del General de Divisi\u00f3n D.E.M. Norberto Cort\u00e9s Rodr\u00edguez, Comandante de la XI Regi\u00f3n Militar.<\/p>\n\n\n\n<p>El Coronel de Infanter\u00eda Jos\u00e9 Castillo Meza, Comandante del 33 Batall\u00f3n de Infanter\u00eda, brind\u00f3 el mensaje central del acto, quien dijo que en el devenir de la historia se ha llamado h\u00e9roes a quienes han sacrificado todo cuanto tienen y cuanto valen.<\/p>\n\n\n\n<p>\u201cHa sido nuestra Patria cuna de h\u00e9roes\u201d, expres\u00f3, al recordar que el 13 de septiembre de 1847 tuvo lugar el asalto al Castillo de Chapultepec por el Ej\u00e9rcito Americano.<\/p>\n\n\n\n<p>As\u00ed, se orden\u00f3 al grupo de cadetes que lo abandonaran, pero \u00e9stos se rehusaron a hacerlo, totalmente conscientes de que su permanencia era sacrificar sus vidas.<\/p>\n\n\n\n<p>\u201cEsta acci\u00f3n confirma lo m\u00e1s preciado del ser humano\u201d,\u00a0\u00a0se\u00f1al\u00f3, \u201csacrificar sus vidas por su naci\u00f3n. Lo que exalta el patriotismo m\u00e1s sublime, por tanto los mexicanos no deben olvidar este tipo de actos, pues ahora nuestro pa\u00eds es una naci\u00f3n s\u00f3lida\u201d.<\/p>\n\n\n\n<p>Los cadetes ofrendaron su vida haciendo del Heroico Colegio Militar el lugar donde se instruyen el patriotismo y el valor.<\/p>\n\n\n\n<p>Los soldados mexicanos aceptan el compromiso de brindar seguridad a la ciudadan\u00eda y de ser garantes de paz social, confirm\u00f3.<\/p>\n\n\n\n<p>\u201cHonremos el legado del patriotismo y trabajemos por hacer de nuestra naci\u00f3n un lugar mejor\u201d, a\u00f1adi\u00f3.<\/p>\n\n\n\n<p>En tanto que Melany Antonia Rojas Garc\u00eda, alumna del Colegio Am\u00e9rico, present\u00f3 una poes\u00eda a \u201cLos H\u00e9roes Ni\u00f1os de Chapultepec\u201d, de Amado Nervo.Al acto se dieron cita el Presidente Municipal de Torre\u00f3n, Jorge Zerme\u00f1o Infante; el General Brigadier D.E.M. Ernesto Joaqu\u00edn Geminiano Jim\u00e9nez, Comandante del Mando Especial de La Laguna; Gerardo M\u00e1rquez Guevara, Fiscal General del Estado de Coahuila; el General Brigadier D.E.M. Juan Torres Torres, Comandante de la XI Brigada de la Polic\u00eda Militar; Rom\u00e1n Alberto Cepeda Gonz\u00e1lez, Alcalde electo de Torre\u00f3n.<\/p>\n\n\n\n<p>Tambi\u00e9n Astrid Casale de Zerme\u00f1o, presidenta del DIF Municipal, as\u00ed como Regidores del Ayuntamiento y otras autoridades estatales y municipales.<\/p>\n","protected":false},"excerpt":{"rendered":"<p>\u00b7\u00a0\u00a0\u00a0\u00a0\u00a0\u00a0\u00a0En el CLXXIV Aniversario, las autoridades estatales y municipales montaron una Guardia de Honor y colocaron una ofrenda floral. Torre\u00f3n, Coahuila de Zaragoza; a 13 de Septiembre de 2021.- El gobernador Miguel \u00c1ngel Riquelme Sol\u00eds encabez\u00f3 el Acto C\u00edvico por el CLXXIV Aniversario de la Gesta Heroica de los Ni\u00f1os H\u00e9roes de Chapultepec, desde esta ciudad, en donde se mont\u00f3 una Guardia de Honor y se dispar\u00f3 salva de fusiler\u00eda&#8230;<\/p>\n","protected":false},"author":1,"featured_media":4457,"comment_status":"closed","ping_status":"closed","sticky":false,"template":"","format":"standard","meta":{"footnotes":""},"categories":[5,15],"tags":[],"class_list":["post-4456","post","type-post","status-publish","format-standard","has-post-thumbnail","hentry","category-coahuila","category-gobierno-de-coahuila","wpcat-5-id","wpcat-15-id"],"_links":{"self":[{"href":"https:\/\/www.aquilaguna.com\/index.php\/wp-json\/wp\/v2\/posts\/4456","targetHints":{"allow":["GET"]}}],"collection":[{"href":"https:\/\/www.aquilaguna.com\/index.php\/wp-json\/wp\/v2\/posts"}],"about":[{"href":"https:\/\/www.aquilaguna.com\/index.php\/wp-json\/wp\/v2\/types\/post"}],"author":[{"embeddable":true,"href":"https:\/\/www.aquilaguna.com\/index.php\/wp-json\/wp\/v2\/users\/1"}],"replies":[{"embeddable":true,"href":"https:\/\/www.aquilaguna.com\/index.php\/wp-json\/wp\/v2\/comments?post=4456"}],"version-history":[{"count":1,"href":"https:\/\/www.aquilaguna.com\/index.php\/wp-json\/wp\/v2\/posts\/4456\/revisions"}],"predecessor-version":[{"id":4458,"href":"https:\/\/www.aquilaguna.com\/index.php\/wp-json\/wp\/v2\/posts\/4456\/revisions\/4458"}],"wp:featuredmedia":[{"embeddable":true,"href":"https:\/\/www.aquilaguna.com\/index.php\/wp-json\/wp\/v2\/media\/4457"}],"wp:attachment":[{"href":"https:\/\/www.aquilaguna.com\/index.php\/wp-json\/wp\/v2\/media?parent=4456"}],"wp:term":[{"taxonomy":"category","embeddable":true,"href":"https:\/\/www.aquilaguna.com\/index.php\/wp-json\/wp\/v2\/categories?post=4456"},{"taxonomy":"post_tag","embeddable":true,"href":"https:\/\/www.aquilaguna.com\/index.php\/wp-json\/wp\/v2\/tags?post=4456"}],"curies":[{"name":"wp","href":"https:\/\/api.w.org\/{rel}","templated":true}]}}