{"id":4476,"date":"2021-09-14T18:04:21","date_gmt":"2021-09-14T23:04:21","guid":{"rendered":"https:\/\/www.aquilaguna.com\/?p=4476"},"modified":"2021-09-14T18:04:21","modified_gmt":"2021-09-14T23:04:21","slug":"reporte-coahuila-del-plan-estatal-de-prevencion-y-control-covid-19-164","status":"publish","type":"post","link":"https:\/\/www.aquilaguna.com\/index.php\/2021\/09\/14\/reporte-coahuila-del-plan-estatal-de-prevencion-y-control-covid-19-164\/","title":{"rendered":"REPORTE COAHUILA DEL PLAN ESTATAL DE PREVENCI\u00d3N Y CONTROL COVID-19."},"content":{"rendered":"\n<p>Saltillo, Coahuila de Zaragoza; a 14 de Septiembre del 2021.- Con motivo de mantener a la poblaci\u00f3n informada de los principales avances del Plan Estatal de Prevenci\u00f3n y Control COVID-19, la Secretar\u00eda de Salud de Coahuila (SS) informa:<\/p>\n\n\n\n<p>1.- Al d\u00eda de hoy se registran 349 nuevos casos en Coahuila, incluidas 17&nbsp; defunciones.<\/p>\n\n\n\n<p>DEFUNCIONES<\/p>\n\n\n\n<p>ACU\u00d1A<\/p>\n\n\n\n<p>Mujer de 87 a\u00f1os (caso ya reportado)<\/p>\n\n\n\n<p>FRONTERA<\/p>\n\n\n\n<p>Mujer de 55 a\u00f1os (caso ya reportado)<\/p>\n\n\n\n<p>NAVA<\/p>\n\n\n\n<p>Hombre de 70 a\u00f1os<\/p>\n\n\n\n<p>PARRAS DE LA FUENTE<\/p>\n\n\n\n<p>Mujer de 69 a\u00f1os (caso ya reportado)<\/p>\n\n\n\n<p>Hombre de 22 a\u00f1os (caso ya reportado)<\/p>\n\n\n\n<p>PIEDRAS NEGRAS<\/p>\n\n\n\n<p>Hombre de 71 a\u00f1os (caso ya reportado)<\/p>\n\n\n\n<p>Hombre de 49 a\u00f1os (caso ya reportado)<\/p>\n\n\n\n<p>SALTILLO<\/p>\n\n\n\n<p>Hombre de 74 a\u00f1os (caso ya reportado)<\/p>\n\n\n\n<p>Mujer de 66 a\u00f1os (caso ya reportado)<\/p>\n\n\n\n<p>Hombre de 63 a\u00f1os (caso ya reportado)<\/p>\n\n\n\n<p>Hombre de 61 a\u00f1os (caso ya reportado)<\/p>\n\n\n\n<p>SAN JUAN DE SABINAS<\/p>\n\n\n\n<p>Mujer de 68 a\u00f1os (caso ya reportado)<\/p>\n\n\n\n<p>TORRE\u00d3N<\/p>\n\n\n\n<p>Mujer de 75 a\u00f1os<\/p>\n\n\n\n<p>Mujer de 67 a\u00f1os (caso ya reportado)<\/p>\n\n\n\n<p>Mujer de 61 a\u00f1os (caso ya reportado)<\/p>\n\n\n\n<p>Mujer de 46 a\u00f1os (caso ya reportado)<\/p>\n\n\n\n<p>Hombre de 25 a\u00f1os<br><\/p>\n\n\n\n<p>DISTRIBUCI\u00d3N DE NUEVOS CASOS<\/p>\n\n\n\n<p>126 SALTILLO<\/p>\n\n\n\n<p>67 TORRE\u00d3N<\/p>\n\n\n\n<p>25 PARRAS DE LA FUENTE<\/p>\n\n\n\n<p>24 RAMOS ARIZPE<\/p>\n\n\n\n<p>15 SABINAS<\/p>\n\n\n\n<p>14 MONCLOVA<\/p>\n\n\n\n<p>11 M\u00daZQUIZ<\/p>\n\n\n\n<p>7 ACU\u00d1A<\/p>\n\n\n\n<p>7 SAN BUENAVENTURA<\/p>\n\n\n\n<p>7 SAN JUAN DE SABINAS<\/p>\n\n\n\n<p>7 FRANCISCO I. MADERO<\/p>\n\n\n\n<p>6 PIEDRAS NEGRAS<\/p>\n\n\n\n<p>5 FRONTERA<\/p>\n\n\n\n<p>5 GENERAL CEPEDA<\/p>\n\n\n\n<p>4 ARTEAGA<\/p>\n\n\n\n<p>4 MATAMOROS<\/p>\n\n\n\n<p>3 GUERRERO<\/p>\n\n\n\n<p>2 NADADORES<\/p>\n\n\n\n<p>2 CASTA\u00d1OS<\/p>\n\n\n\n<p>2 PROGRESO<\/p>\n\n\n\n<p>2 HIDALGO<\/p>\n\n\n\n<p>1 CUATRO CI\u00c9NEGAS<\/p>\n\n\n\n<p>1 NAVA<\/p>\n\n\n\n<p>1 SAN PEDRO<\/p>\n\n\n\n<p>1 VILLA UNI\u00d3N<br><\/p>\n\n\n\n<p>2.- Existen AHORA en Coahuila 2,561 casos activos de COVID &#8211; 19.<\/p>\n\n\n\n<p>DISTRIBUCI\u00d3N DE CASOS ACTIVOS<\/p>\n\n\n\n<p>-Saltillo 1,042<\/p>\n\n\n\n<p>-Torre\u00f3n 290<\/p>\n\n\n\n<p>-Ramos Arizpe 146<\/p>\n\n\n\n<p>-Parras de la Fuente 144<\/p>\n\n\n\n<p>-M\u00fazquiz 137<\/p>\n\n\n\n<p>-Monclova 116<\/p>\n\n\n\n<p>-Piedras Negras 92<\/p>\n\n\n\n<p>-Sabinas 106<\/p>\n\n\n\n<p>-San Pedro 75<\/p>\n\n\n\n<p>-Frontera 68<\/p>\n\n\n\n<p>-Acu\u00f1a 52<\/p>\n\n\n\n<p>-Francisco I. Madero 51<\/p>\n\n\n\n<p>-Matamoros 29<\/p>\n\n\n\n<p>-Casta\u00f1os 27<\/p>\n\n\n\n<p>-San Buenaventura 26<\/p>\n\n\n\n<p>-San Juan de Sabinas 25<\/p>\n\n\n\n<p>-General Cepeda 20<\/p>\n\n\n\n<p>-Arteaga 17<\/p>\n\n\n\n<p>-Cuatro Ci\u00e9negas 16<\/p>\n\n\n\n<p>-Nava 18<\/p>\n\n\n\n<p>-Zaragoza 13<\/p>\n\n\n\n<p>-Villa Uni\u00f3n 12<\/p>\n\n\n\n<p>-Allende 9<\/p>\n\n\n\n<p>-Progreso 7<\/p>\n\n\n\n<p>-Nadadores 6<\/p>\n\n\n\n<p>-Sacramento 5<\/p>\n\n\n\n<p>-Guerrero 4<\/p>\n\n\n\n<p>-Morelos 2<\/p>\n\n\n\n<p>-Hidalgo 2<\/p>\n\n\n\n<p>-Jim\u00e9nez 1<\/p>\n\n\n\n<p>-Viesca 1<\/p>\n\n\n\n<p>-Ju\u00e1rez 1<\/p>\n\n\n\n<p>-Escobedo 1<\/p>\n\n\n\n<p>-Ocampo 0<\/p>\n\n\n\n<p>-Candela 0<\/p>\n\n\n\n<p>-Abasolo 0<\/p>\n\n\n\n<p>-Lamadrid 0<\/p>\n\n\n\n<p>-Sierra Mojada 0<br><\/p>\n\n\n\n<p>3.- Al d\u00eda de hoy, se contabilizan en Coahuila EN TOTAL 88,019 casos, incluidos 6,965 decesos.<\/p>\n\n\n\n<p>4.- HOSPITALIZADOS: 251 (Se incluyen casos sospechosos y confirmados)<\/p>\n\n\n\n<p>Saltillo 144<\/p>\n\n\n\n<p>Torre\u00f3n 47<\/p>\n\n\n\n<p>Piedras Negras 23<\/p>\n\n\n\n<p>Monclova 16<\/p>\n\n\n\n<p>San Juan de Sabinas 11<\/p>\n\n\n\n<p>Acu\u00f1a 10<br><\/p>\n\n\n\n<p>5.- TOTAL DE RECUPERADOS: 78,493<\/p>\n\n\n\n<p>19,438 SALTILLO<\/p>\n\n\n\n<p>17,453 TORRE\u00d3N<\/p>\n\n\n\n<p>7,593 MONCLOVA<\/p>\n\n\n\n<p>7,286 PIEDRAS NEGRAS<\/p>\n\n\n\n<p>3,847 ACU\u00d1A<\/p>\n\n\n\n<p>2,452 SAN PEDRO<\/p>\n\n\n\n<p>2,397 SABINAS<\/p>\n\n\n\n<p>1,962 SAN JUAN DE SABINAS<\/p>\n\n\n\n<p>1,924 M\u00daZQUIZ<\/p>\n\n\n\n<p>1,862 FRANCISCO I. MADERO<\/p>\n\n\n\n<p>1,758 FRONTERA<\/p>\n\n\n\n<p>1,546 PARRAS DE LA FUENTE<\/p>\n\n\n\n<p>1,395 MATAMOROS<\/p>\n\n\n\n<p>1,385 RAMOS ARIZPE&nbsp;<\/p>\n\n\n\n<p>986 CUATRO CI\u00c9NEGAS<\/p>\n\n\n\n<p>962 ALLENDE<\/p>\n\n\n\n<p>826 NAVA<\/p>\n\n\n\n<p>512 CASTA\u00d1OS<\/p>\n\n\n\n<p>441 SAN BUENAVENTURA<\/p>\n\n\n\n<p>419 ZARAGOZA&nbsp;<\/p>\n\n\n\n<p>328 VILLA UNI\u00d3N<\/p>\n\n\n\n<p>237 MORELOS<\/p>\n\n\n\n<p>217 SACRAMENTO<\/p>\n\n\n\n<p>211 OCAMPO<\/p>\n\n\n\n<p>215 ARTEAGA<\/p>\n\n\n\n<p>153 LAMADRID<\/p>\n\n\n\n<p>133 GENERAL CEPEDA<\/p>\n\n\n\n<p>127 NADADORES<\/p>\n\n\n\n<p>105 VIESCA<\/p>\n\n\n\n<p>74 SIERRA MOJADA<\/p>\n\n\n\n<p>70 JIM\u00c9NEZ<\/p>\n\n\n\n<p>41 CANDELA<\/p>\n\n\n\n<p>37 PROGRESO&nbsp;<\/p>\n\n\n\n<p>27 ESCOBEDO<\/p>\n\n\n\n<p>24 GUERRERO<\/p>\n\n\n\n<p>22 JU\u00c1REZ<\/p>\n\n\n\n<p>19 HIDALGO&nbsp;<\/p>\n\n\n\n<p>9 ABASOLO<br><\/p>\n\n\n\n<p>6.- El Gobierno de Coahuila recomienda a las familias evitar salir a lugares de alta concurrencia.&nbsp; Si es necesario, acudir a aquellos ubicados al aire libre.<\/p>\n\n\n\n<p>Privilegiar aquellos que cumplen con los protocolos establecidos por los Subcomit\u00e9s Regionales de Salud.<\/p>\n\n\n\n<p>7.- Se exhorta a aquellos (as) ciudadanos (as) que tengan que salir a la calle USAR CUBREBOCAS.<\/p>\n\n\n\n<p>Su uso es OBLIGATORIO.<\/p>\n\n\n\n<p>8.- Con la finalidad de fortalecer el sistema inmunol\u00f3gico se sugiere a las familias llevar una alimentaci\u00f3n balanceada.<\/p>\n","protected":false},"excerpt":{"rendered":"<p>Saltillo, Coahuila de Zaragoza; a 14 de Septiembre del 2021.- Con motivo de mantener a la poblaci\u00f3n informada de los principales avances del Plan Estatal de Prevenci\u00f3n y Control COVID-19, la Secretar\u00eda de Salud de Coahuila (SS) informa: 1.- Al d\u00eda de hoy se registran 349 nuevos casos en Coahuila, incluidas 17&nbsp; defunciones. DEFUNCIONES ACU\u00d1A Mujer de 87 a\u00f1os (caso ya reportado) FRONTERA Mujer de 55 a\u00f1os (caso ya reportado)&#8230;<\/p>\n","protected":false},"author":1,"featured_media":0,"comment_status":"closed","ping_status":"closed","sticky":false,"template":"","format":"standard","meta":{"footnotes":""},"categories":[5,4],"tags":[],"class_list":["post-4476","post","type-post","status-publish","format-standard","hentry","category-coahuila","category-covid","wpcat-5-id","wpcat-4-id"],"_links":{"self":[{"href":"https:\/\/www.aquilaguna.com\/index.php\/wp-json\/wp\/v2\/posts\/4476","targetHints":{"allow":["GET"]}}],"collection":[{"href":"https:\/\/www.aquilaguna.com\/index.php\/wp-json\/wp\/v2\/posts"}],"about":[{"href":"https:\/\/www.aquilaguna.com\/index.php\/wp-json\/wp\/v2\/types\/post"}],"author":[{"embeddable":true,"href":"https:\/\/www.aquilaguna.com\/index.php\/wp-json\/wp\/v2\/users\/1"}],"replies":[{"embeddable":true,"href":"https:\/\/www.aquilaguna.com\/index.php\/wp-json\/wp\/v2\/comments?post=4476"}],"version-history":[{"count":1,"href":"https:\/\/www.aquilaguna.com\/index.php\/wp-json\/wp\/v2\/posts\/4476\/revisions"}],"predecessor-version":[{"id":4477,"href":"https:\/\/www.aquilaguna.com\/index.php\/wp-json\/wp\/v2\/posts\/4476\/revisions\/4477"}],"wp:attachment":[{"href":"https:\/\/www.aquilaguna.com\/index.php\/wp-json\/wp\/v2\/media?parent=4476"}],"wp:term":[{"taxonomy":"category","embeddable":true,"href":"https:\/\/www.aquilaguna.com\/index.php\/wp-json\/wp\/v2\/categories?post=4476"},{"taxonomy":"post_tag","embeddable":true,"href":"https:\/\/www.aquilaguna.com\/index.php\/wp-json\/wp\/v2\/tags?post=4476"}],"curies":[{"name":"wp","href":"https:\/\/api.w.org\/{rel}","templated":true}]}}