{"id":4520,"date":"2021-09-15T19:05:57","date_gmt":"2021-09-16T00:05:57","guid":{"rendered":"https:\/\/www.aquilaguna.com\/?p=4520"},"modified":"2021-09-15T19:05:57","modified_gmt":"2021-09-16T00:05:57","slug":"aqui-laguna-64","status":"publish","type":"post","link":"https:\/\/www.aquilaguna.com\/index.php\/2021\/09\/15\/aqui-laguna-64\/","title":{"rendered":"Aqu\u00ed Laguna."},"content":{"rendered":"\n<p>\u00a1Y que Viva Mexico! En estos d\u00edas que corren, los que en septiembre se dedican a la Patria, a lo que encierre tal concepto desdibujado a veces en las conciencias de los mexicanos, ayunos de educaci\u00f3n que les ilustre\u00a0 la historia de nuestro pa\u00eds, de sus vicisitudes, de sus \u00a0 luchas por alcanzar libertad y lo que \u00e9sta tambi\u00e9n signifique. En estos d\u00edas \u00a0 que cubiertos de la larga\u00a0 sombra que en el mundo y en nuestro pa\u00eds genera la pandemia, una de las mas\u00a0 costosas\u00a0 no solo en el \u00e1mbito econ\u00f3mico sino en la p\u00e9rdida de miles y miles de\u00a0 vidas\u00a0 en\u00a0 personas\u00a0 viejas, j\u00f3venes y otros no tanto, y amenaza \u00a0 con su letalidad\u00a0 ubicua a nuestros peque\u00f1os, nuestros tesoros, \u00a0 y que constituyen\u00a0 la reserva\u00a0 humana del futuro que ya esta aqu\u00ed.<\/p>\n\n\n\n<p>El alto en el camino que la fiesta patria por antonomasia en M\u00e9xico, se impone la\u00a0 reflexi\u00f3n\u00a0 \u00a0 para que \u00a0 en estos tiempos la unidad de los mexicanos no sea solo frase obligada del discurso de que la clase pol\u00edtica toda y con ella los ciudadanos dejen \u00a0 a un lado las diferencias que los unen \u00a0 en sus luchas por\u00a0 regentear el poder p\u00fablico y atiendan, todos, los temas que le son vitales a la poblaci\u00f3n, como ser\u00eda deseable\u00a0 que todos, sin\u00a0 competencia alguna se abocaran a lograr que la vacuna para la poblaci\u00f3n infantil sea un hecho y no como hasta hoy, con todo y lo\u00a0 reconocible que pueda ser, llegue a cuentagotas y bajo condiciones especiales, como son las d\u00e1divas, regalos pues,\u00a0 del vecino pa\u00eds del norte,\u00a0 en n\u00famero por dem\u00e1s limitado y para\u00a0 menores de sectores espec\u00edficos. No se vale pues que en ese terreno haya\u00a0 diferenciaci\u00f3n alguna.<\/p>\n\n\n\n<p>Pues as\u00ed las cosas resulta por dem\u00e1s valido que algunos padres de familia est\u00e9n ya recurriendo al Amparo de la Justicia Federal para tramitar\u00a0 el acceso\u00a0 a la vacuna de sus menores hijos. A esta\u00a0 situaci\u00f3n se\u00a0 suma la irresponsable actitud\u00a0 del Gobierno Federal de\u00a0 retrasar el suministro de medicamentos a los menores que padecen c\u00e1ncer y que cuentan con la supuestas cobertura de la seguridad social, ya habremos de imaginarnos como est\u00e1 el resto de los menores con tal padecimiento que no cuenta con este fr\u00e1gil techo de protecci\u00f3n, sujetos a la compasi\u00f3n, la benevolencia, el altruismo, etc., de grupos ciudadanos, como es el caso de\u00a0 los que en Torre\u00f3n integran la Organizaci\u00f3n &#8220;Casita Feliz&#8221;, que desde hace mas de 25 a\u00f1os\u00a0 tiene al frente de tal esfuerzo a Cecilia Marroqu\u00edn de Murra,\u00a0 imbatible\u00a0 mujer en tal tarea&#8230;<\/p>\n\n\n\n<p>Y en este marco, asignatura pendiente para todos los laguneros\u00a0 el de sumarse a la convocatoria\u00a0 de &#8220;Apadrine una Escuela&#8221;, aceptaci\u00f3n t\u00e1cita de que los gobiernos, estatales y\u00a0 del municipio, no cuentan con los recursos suficientes para enfrentar el costo del deterioro\u00a0 material de decenas de planteles escolares de educaci\u00f3n primaria y media devastados por\u00a0 el abandono que gener\u00f3 la largu\u00edsima pandemia que venimos padeciendo y que se hace hoy mas que visible ante el\u00a0 escalonado retorno a tales instalaciones. El apoyo a \u00e9sta convocatoria debe de ir mas all\u00e1 del apoyo material, indispensable de entrada, pues debe extenderse a\u00a0 quienes solo puedan aportar tiempo, para vigilar, \u00a0 que tales centros de trabajo no sean de nueva cuenta objeto de vandalismo y robos, hacer cadenas de custodia\u00a0 por parte de los vecinos, otros mas estar\u00edan dispuestos a sumarse a las tareas de limpieza, de conservaci\u00f3n de sus\u00a0 instalaciones y jardines, donde los haya, limpieza de\u00a0 ventanas, ba\u00f1os, etc., de manera gratuita y voluntaria, el caso es\u00a0 poner codo con codo y dar a nuestros menores la oportunidad de volver a las aulas en un ambiente\u00a0 sano, limpio, ordenado que\u00a0 les permita adecuar sus\u00a0 dif\u00edciles condiciones que enfrentan para poder avanzar en sus\u00a0 aprendizajes primarios, al espacio de \u00a0 convivencia\u00a0 donde puedan gestar la\u00a0 plataforma emocional en la que habr\u00e1n\u00a0 de desarrollar sus vidas.<\/p>\n\n\n\n<p>Seamos pues, solidarios formando parte de la imaginada Patria generosa, en la que so\u00f1aron nuestros ancestros y poetas\u00a0 y\u00a0 que\u00a0 solo\u00a0 imaginamos nosotros&#8230;<\/p>\n\n\n\n<p>Y aterrizando, vemos a nuestro Presidente, otrora &#8220;la esperanza de M\u00e9xico&#8221;,\u00a0 en el ejercicio del poder que no es diverso de los que en tal encargo le antecedieron y que\u00a0 han dado p\u00e1vulo para que\u00a0la conseja repita que el poder no tiene otro objetivo que el de mantenerse. Y ya lo vemos inmerso no solo en pavimentar el camino jur\u00eddico que le permita desplazase en busca de\u00a0 la ratificaci\u00f3n \u00a0 de su mandato, que por cierto, legalmente no requiere, tal subterfugio toda vez que fue electo\u00a0 para un periodo de seis a\u00f1os, no mas, pero no menos,\u00a0 al tiempo que\u00a0 explora otros caminos\u00a0 como es el caso de &#8220;invitar&#8221; a medio camino a ciertos gobernadores que est\u00e1n a punto de dejar de serlo, como son los casos de los gobernadores de Sinaloa y de Nayarit, el primero de extracci\u00f3n priista y el segundo\u00a0 panista y tambi\u00e9n a punto de dejar de serlo, de aceptar los encargos anunciados, en el caso del primero como presunto Embajador de M\u00e9xico en Espa\u00f1a. As\u00ed cosas\u00a0 \u00a0 Quirino Ordaz Coppel, se ha constituido en el personaje \u00a0 de alguna\u00a0 cr\u00f3nica de una traici\u00f3n anunciada, por lo ins\u00f3lito de la\u00a0 invitaci\u00f3n de que es objeto y que al parecer, ha aceptado tal invitaci\u00f3n que nuestro Gobernador Riquelme Solis, ha calificado como\u00a0 &#8220;manzana envenenada&#8221;\u00a0 y que ha desatado\u00a0 \u00a0 controversia entre la clase pol\u00edtica toda,\u00a0 atribuyendo, seg\u00fan percepciones que el objetivo presidencial es sembrar la confusi\u00f3n, la desuni\u00f3n\u00a0 en las filas de los partidos que les son opositores a su Cuarta Transformaci\u00f3n y el futuro que le quepa a \u00e9sta en la pr\u00f3xima sucesi\u00f3n presidencial ya en marcha.<\/p>\n\n\n\n<p>Vivimos pues singulares\u00a0 tiempos de canalla, pues ya se sabe, que en pol\u00edtica, la traici\u00f3n es moneda de cambio. Otras versiones \u00a0en torno a esta singular &#8220;premiaci\u00f3n&#8221; a Quirino Ordaz, tienen mas que ver con la arraigada\u00a0 tradici\u00f3n\u00a0 que el narco registra en la entidad que ha gobernado, \u00a0 es adem\u00e1s\u00a0 &#8220;la tierra del Chapo&#8221; y donde el actual r\u00e9gimen federal registr\u00f3 su mas accidentado episodio en\u00a0 su lucha contra este rango de delincuentes, es decir, la fallida captura de Ovidio Guzm\u00e1n,\u00a0 nombres y hechos que por asociaci\u00f3n\u00a0 desatan fantasiosas conclusiones y otras no tanto&#8230;<\/p>\n\n\n\n<p>Y siguen las deserciones o b\u00fasqueda de \u00a0 destinos mas promisorios,\u00a0 seg\u00fan\u00a0 se vea, como dicen es el caso de nuestro ex gobernador Rogelio Montemayor Seguy que\u00a0 sin funci\u00f3n\u00a0 alguna ya en Coahuila, pues al parecer el Cl\u00faster \u00a0 de Energ\u00eda que tenia a su cargo se ha extinguido,\u00a0 tendr\u00e1 acomodo como\u00a0 Consejero del Gobierno\u00a0 que en Monterrey municipio capital\u00a0 iniciar\u00e1 el pr\u00f3ximo mes de octubre el rebelde \u00a0 v\u00e1stago de Luis Donaldo Colosio, bajo las Siglas de Movimiento Ciudadano, dicen\u00a0 sus amigos que adem\u00e1s, ha sido ya requerido tambi\u00e9n por el Gobernador de Jalisco Enrique Alfaro\u00a0 para \u00a0 que figure en su staff de asesores. Sin duda nuestro ex gobernador es un personaje\u00a0 mas que calificado no solo por su calificada condici\u00f3n de\u00a0 Doctor\u00a0 en Econom\u00eda, sino por la experiencia adquirida a su paso por\u00a0 las \u00e1reas \u00a0 de operaci\u00f3n pol\u00edtica en el pa\u00eds, en el INEGI, en el Senado y la adquirida a lo largo de su mandato como Gobernador de esta entidad&#8230;<\/p>\n\n\n\n<p>Y vaya, mas que feliz esta noche de 15 de septiembre,\u00a0 se dispone a dar gritos, pero de alegr\u00eda, el Licenciado Jorge Zerme\u00f1o Infante, pues al parecer, ha superado los obst\u00e1culos que le\u00a0 imped\u00edan a sus estados financieros, la aprobaci\u00f3n de estos. Resulta que \u00e9sta misma semana\u00a0 el Cabildo en pleno le aprob\u00f3 el avance financiero que corresponde al mes de agosto y esto, claro\u00a0 ya es algo&#8230;<\/p>\n\n\n\n<p>Recuerden,\u00a0 el virus\u00a0 sigue entre nosotros, no bajar la guardia y\u00a0 observando las medidas preventivas\u00a0 vigentes. \u00a0A todos, \u00a1felices Fiestas Patrias!\u00a0<\/p>\n","protected":false},"excerpt":{"rendered":"<p>\u00a1Y que Viva Mexico! En estos d\u00edas que corren, los que en septiembre se dedican a la Patria, a lo que encierre tal concepto desdibujado a veces en las conciencias de los mexicanos, ayunos de educaci\u00f3n que les ilustre\u00a0 la historia de nuestro pa\u00eds, de sus vicisitudes, de sus \u00a0 luchas por alcanzar libertad y lo que \u00e9sta tambi\u00e9n signifique. En estos d\u00edas \u00a0 que cubiertos de la larga\u00a0 sombra&#8230;<\/p>\n","protected":false},"author":2,"featured_media":0,"comment_status":"closed","ping_status":"","sticky":false,"template":"","format":"standard","meta":{"footnotes":""},"categories":[8],"tags":[],"class_list":["post-4520","post","type-post","status-publish","format-standard","hentry","category-aqui-laguna","wpcat-8-id"],"_links":{"self":[{"href":"https:\/\/www.aquilaguna.com\/index.php\/wp-json\/wp\/v2\/posts\/4520","targetHints":{"allow":["GET"]}}],"collection":[{"href":"https:\/\/www.aquilaguna.com\/index.php\/wp-json\/wp\/v2\/posts"}],"about":[{"href":"https:\/\/www.aquilaguna.com\/index.php\/wp-json\/wp\/v2\/types\/post"}],"author":[{"embeddable":true,"href":"https:\/\/www.aquilaguna.com\/index.php\/wp-json\/wp\/v2\/users\/2"}],"replies":[{"embeddable":true,"href":"https:\/\/www.aquilaguna.com\/index.php\/wp-json\/wp\/v2\/comments?post=4520"}],"version-history":[{"count":1,"href":"https:\/\/www.aquilaguna.com\/index.php\/wp-json\/wp\/v2\/posts\/4520\/revisions"}],"predecessor-version":[{"id":4521,"href":"https:\/\/www.aquilaguna.com\/index.php\/wp-json\/wp\/v2\/posts\/4520\/revisions\/4521"}],"wp:attachment":[{"href":"https:\/\/www.aquilaguna.com\/index.php\/wp-json\/wp\/v2\/media?parent=4520"}],"wp:term":[{"taxonomy":"category","embeddable":true,"href":"https:\/\/www.aquilaguna.com\/index.php\/wp-json\/wp\/v2\/categories?post=4520"},{"taxonomy":"post_tag","embeddable":true,"href":"https:\/\/www.aquilaguna.com\/index.php\/wp-json\/wp\/v2\/tags?post=4520"}],"curies":[{"name":"wp","href":"https:\/\/api.w.org\/{rel}","templated":true}]}}