{"id":4523,"date":"2021-09-17T19:27:15","date_gmt":"2021-09-18T00:27:15","guid":{"rendered":"https:\/\/www.aquilaguna.com\/?p=4523"},"modified":"2021-09-17T19:27:15","modified_gmt":"2021-09-18T00:27:15","slug":"coahuila-vivira-la-pasion-por-los-racers-motos-y-autos-clasicos","status":"publish","type":"post","link":"https:\/\/www.aquilaguna.com\/index.php\/2021\/09\/17\/coahuila-vivira-la-pasion-por-los-racers-motos-y-autos-clasicos\/","title":{"rendered":"COAHUILA VIVIR\u00c1 LA PASI\u00d3N POR LOS RACERS, MOTOS Y AUTOS CL\u00c1SICOS."},"content":{"rendered":"\n<p>\u00b7\u00a0\u00a0\u00a0\u00a0\u00a0\u00a0<strong><em>Eventos pr\u00f3ximos en el estado que dejar\u00e1n derrama econ\u00f3mica<\/em><\/strong><\/p>\n\n\n\n<p>Saltillo, Coahuila de Zaragoza; a 17 de Septiembre de 2021.- Coahuila vivir\u00e1 la pasi\u00f3n por los racers, motocicletas, autos cl\u00e1sicos y antiguos con eventos que se realizar\u00e1n en septiembre, octubre y noviembre de este a\u00f1o, y que forman parte de la reactivaci\u00f3n tur\u00edstica responsable en nuestra entidad.<\/p>\n\n\n\n<p>Los eventos son:<\/p>\n\n\n\n<p>+ Ruta Raptors 2021.<\/p>\n\n\n\n<p>+ Tour de la Elegancia Coahuila 2021.<\/p>\n\n\n\n<p>+ Caballeros con Causa 2021.<\/p>\n\n\n\n<p>+ Ruta M\u00e1gica \u201cCl\u00e1sicos, Pueblos M\u00e1gicos de Coahuila\u201d.<\/p>\n\n\n\n<p>Se desarrollar\u00e1n al aire libre y bajo protocolos sanitarios espec\u00edficos, y en su conjunto dejar\u00e1n una derrama econ\u00f3mica superior a los 8 millones de pesos entre hospedaje, alimentos, combustible, artesan\u00edas, servicios y talleres mec\u00e1nicos.<\/p>\n\n\n\n<p>La Secretaria de Turismo y Desarrollo de Pueblos M\u00e1gicos del Estado, Azucena Ramos Ramos, se reuni\u00f3 por separado con los organizadores de los eventos, Fernando Montano, del Moto Club Raptors; Bernardo Quintanilla, hijo de don Pedro Quintanilla, quien promueve el Tour de la Elegancia; Luis Felipe Hern\u00e1ndez Guti\u00e9rrez, presidente de la Asociaci\u00f3n de Autos Cl\u00e1sicos de Saltillo, AC, y V\u00edctor G\u00f3mez, de Caballeros con Causa.<\/p>\n\n\n\n<p>En las reuniones se revisaron detalles de organizaci\u00f3n y log\u00edstica, adem\u00e1s de las medidas de salud, seguridad y de protecci\u00f3n civil.<\/p>\n\n\n\n<p>Ramos Ramos destac\u00f3 que Coahuila sigue transitando por la ruta de la reactivaci\u00f3n tur\u00edstica responsable gracias a las acciones oportunas y eficaces del Gobierno de Miguel \u00c1ngel Riquelme Sol\u00eds en esta contingencia sanitaria y en la reapertura paulatina y segura del sector econ\u00f3mico.<\/p>\n\n\n\n<p>\u201cContinuamos trabajando con la Secretar\u00eda de Salud estatal y los Subcomit\u00e9s Regionales de Salud para revisar el comportamiento de la pandemia y las medidas pertinentes a seguir. Estos eventos son al aire libre, pero est\u00e1n sujetos a protocolos de higiene, no bajamos la guardia\u201d, extern\u00f3.<\/p>\n\n\n\n<p><strong>RUTA RAPTORS 2021<\/strong><\/p>\n\n\n\n<p>En su quinta edici\u00f3n, la Ruta Raptors tendr\u00e1 un recorrido de 200 kil\u00f3metros por la sierra, terracer\u00eda en zona urbana y ca\u00f1ones en la Regi\u00f3n Sureste, participar\u00e1n 300 pilotos de Coahuila, Durango, Nuevo Le\u00f3n y Texas, Estados Unidos.<\/p>\n\n\n\n<p>Las unidades tipo ATV y UTV saldr\u00e1n el s\u00e1bado 25 de septiembre del Bulevar Galer\u00edas, en Saltillo, y por la tarde de ese d\u00eda estar\u00e1n llegando al Camino del 4; habr\u00e1n transitado por 14 ejidos. El rally es organizado por el Moto Club Raptors.<\/p>\n\n\n\n<p><strong>TOUR DE LA ELEGANCIA COAHUILA 2021<\/strong><\/p>\n\n\n\n<p>El Tour de la Elegancia Coahuila 2021 se efectuar\u00e1 el domingo 26 de septiembre. El banderazo de salida ser\u00e1 en Parque Centro en Saltillo.<\/p>\n\n\n\n<p>Participar\u00e1n alrededor de 60 veh\u00edculos cl\u00e1sicos y antiguos, sus conductores y tripulantes vestir\u00e1n a la usanza de la \u00e9poca del modelo del coche.<\/p>\n\n\n\n<p>El trayecto abarcar\u00e1 al Municipio de General Cepeda por la ruta del Rinc\u00f3n de los Pastores para concluir en el vi\u00f1edo Parvada en Parras de la Fuente.<\/p>\n\n\n\n<p>La actividad es organizada por el empresario y apasionado de los autos cl\u00e1sicos y antiguos, don Pedro Quintanilla.<\/p>\n\n\n\n<p><strong>CABALLEROS CON CAUSA 2021<\/strong><\/p>\n\n\n\n<p>El 3 de octubre se desarrollar\u00e1 el tradicional desfile de Caballeros con Causa 2021 por las principales calles de Saltillo y culminar\u00e1 en el Municipio de General Cepeda.<\/p>\n\n\n\n<p>Participar\u00e1n unas 300 personas integrantes de MC G\u00e1rgolas Nacional, Familia Zorros Nacional, Templarios MC, Moto Club Independiente de Saltillo y la Asociaci\u00f3n de Autos Cl\u00e1sicos de Saltillo A.C., con un vestuario de etiqueta.<\/p>\n\n\n\n<p><strong>RUTA M\u00c1GICA \u2018CL\u00c1SICOS, PUEBLOS M\u00c1GICOS DE COAHUILA\u2019<\/strong><\/p>\n\n\n\n<p>Del 19 al 21 de noviembre pr\u00f3ximo se llevar\u00e1 a cabo la segunda edici\u00f3n de la Ruta M\u00e1gica \u201cCl\u00e1sicos, Pueblos M\u00e1gicos de Coahuila\u201d, que tendr\u00e1 un recorrido por Arteaga, Parras y Cuatro Ci\u00e9negas, y un trayecto de 700 kil\u00f3metros en total.<\/p>\n\n\n\n<p>Participar\u00e1n alrededor de 60 veh\u00edculos y 120 personas; como invitado especial tendr\u00e1 a Mart\u00edn Vaca, reconocido restaurador de autos en M\u00e9xico.<\/p>\n\n\n\n<p>En el contingente se ver\u00e1n unidades Porsche, Mini Coopers, Chevrolet y Mercedes Benz, por citar unas marcas, con una antig\u00fcedad de al menos 30 a\u00f1os.<\/p>\n\n\n\n<p>Los pilotos proceden del interior del estado, as\u00ed como de Nuevo Le\u00f3n, Aguascalientes, Zacatecas, San Luis Potos\u00ed, Guanajuato y Ciudad de M\u00e9xico.<\/p>\n\n\n\n<p>Esta ruta es organizada por la Asociaci\u00f3n de Autos Cl\u00e1sicos de Saltillo, AC.<\/p>\n","protected":false},"excerpt":{"rendered":"<p>\u00b7\u00a0\u00a0\u00a0\u00a0\u00a0\u00a0Eventos pr\u00f3ximos en el estado que dejar\u00e1n derrama econ\u00f3mica Saltillo, Coahuila de Zaragoza; a 17 de Septiembre de 2021.- Coahuila vivir\u00e1 la pasi\u00f3n por los racers, motocicletas, autos cl\u00e1sicos y antiguos con eventos que se realizar\u00e1n en septiembre, octubre y noviembre de este a\u00f1o, y que forman parte de la reactivaci\u00f3n tur\u00edstica responsable en nuestra entidad. Los eventos son: + Ruta Raptors 2021. + Tour de la Elegancia Coahuila 2021&#8230;.<\/p>\n","protected":false},"author":1,"featured_media":4524,"comment_status":"closed","ping_status":"closed","sticky":false,"template":"","format":"standard","meta":{"footnotes":""},"categories":[5,33,15,34],"tags":[],"class_list":["post-4523","post","type-post","status-publish","format-standard","has-post-thumbnail","hentry","category-coahuila","category-deporte","category-gobierno-de-coahuila","category-turismo","wpcat-5-id","wpcat-33-id","wpcat-15-id","wpcat-34-id"],"_links":{"self":[{"href":"https:\/\/www.aquilaguna.com\/index.php\/wp-json\/wp\/v2\/posts\/4523","targetHints":{"allow":["GET"]}}],"collection":[{"href":"https:\/\/www.aquilaguna.com\/index.php\/wp-json\/wp\/v2\/posts"}],"about":[{"href":"https:\/\/www.aquilaguna.com\/index.php\/wp-json\/wp\/v2\/types\/post"}],"author":[{"embeddable":true,"href":"https:\/\/www.aquilaguna.com\/index.php\/wp-json\/wp\/v2\/users\/1"}],"replies":[{"embeddable":true,"href":"https:\/\/www.aquilaguna.com\/index.php\/wp-json\/wp\/v2\/comments?post=4523"}],"version-history":[{"count":1,"href":"https:\/\/www.aquilaguna.com\/index.php\/wp-json\/wp\/v2\/posts\/4523\/revisions"}],"predecessor-version":[{"id":4525,"href":"https:\/\/www.aquilaguna.com\/index.php\/wp-json\/wp\/v2\/posts\/4523\/revisions\/4525"}],"wp:featuredmedia":[{"embeddable":true,"href":"https:\/\/www.aquilaguna.com\/index.php\/wp-json\/wp\/v2\/media\/4524"}],"wp:attachment":[{"href":"https:\/\/www.aquilaguna.com\/index.php\/wp-json\/wp\/v2\/media?parent=4523"}],"wp:term":[{"taxonomy":"category","embeddable":true,"href":"https:\/\/www.aquilaguna.com\/index.php\/wp-json\/wp\/v2\/categories?post=4523"},{"taxonomy":"post_tag","embeddable":true,"href":"https:\/\/www.aquilaguna.com\/index.php\/wp-json\/wp\/v2\/tags?post=4523"}],"curies":[{"name":"wp","href":"https:\/\/api.w.org\/{rel}","templated":true}]}}