{"id":4544,"date":"2021-09-19T18:53:26","date_gmt":"2021-09-19T23:53:26","guid":{"rendered":"https:\/\/www.aquilaguna.com\/?p=4544"},"modified":"2021-09-19T18:53:26","modified_gmt":"2021-09-19T23:53:26","slug":"aqui-laguna-65","status":"publish","type":"post","link":"https:\/\/www.aquilaguna.com\/index.php\/2021\/09\/19\/aqui-laguna-65\/","title":{"rendered":"Aqu\u00ed Laguna."},"content":{"rendered":"\n<p>\u00a1Candil de la calle, oscuridad de su casa! Y vaya que tal consejo se aplica una vez que\u00a0 a nuestro pa\u00eds se le coloca en materia de\u00a0 diplomacia internacional\u00a0 como el anfitri\u00f3n, de la cuestionada y\u00a0 todav\u00eda no evaluada y calificada\u00a0 seg\u00fan\u00a0 merezca\u00a0 la reuni\u00f3n del organismo\u00a0 de la Comunidad de Estados Latinoamericanos y Caribe\u00f1os -CELAC-, con la que nuestro Presidente Andr\u00e9s Manuel L\u00f3pez Obrador pareci\u00f3 cerrar la semana\u00a0 que termina y que incluy\u00f3 la celebraci\u00f3n de las Fiestas Patrias que\u00a0 incluyen la ceremonia del grito tradicional y el aun mas tradicional desfile de nuestras Fuerzas Armadas, donde\u00a0 tuviera como principal orador en tan simb\u00f3lica y cara\u00a0 fecha para los mexicanos \u00a0 al Presidente de Cuba Miguel Diaz\u00a0 Canel Berm\u00fadez, hecho que\u00a0 dejo mas que patidifusos a gran parte del establismenth pol\u00edtico del pa\u00eds -y dej\u00f3\u00a0 mas que corta, la presencia del l\u00edder de Vox en el Senado-, y mas aun cuando\u00a0 \u00a0 arrib\u00f3 \u00a0 al\u00a0 coraz\u00f3n territorial de nuestra patria, nada menos que al controversial Presidente\u00a0 de Venezuela\u00a0 Nicol\u00e1s Maduro.<\/p>\n\n\n\n<p>Muchos fierros en la lumbre pues, al tiempo que \u00a0 hacen evidente la paradoja que\u00a0 se desprende de la voluntad presidencial de\u00a0 que la democracia, tal y como la entiende, sea la herramienta\u00a0 para sacar adelante a los pa\u00edses latinoamericanos\u00a0 de los rezagos\u00a0 que registran los pa\u00edses que la integran \u00a0 y su relaci\u00f3n\u00a0 satelital\u00a0 girando en torno a las orbitas \u00a0 del\u00a0 Imperio del vecino pa\u00eds del norte, nos guste\u00a0 o no, peeero tal vecino\u00a0 &#8220;tiene otros datos&#8221; y por lo pronto M\u00e9xico deber\u00e1 de definir \u00a0 si contin\u00faa\u00a0 figurando, como dicen que figura ante los ojos del mundo, como &#8220;cadenero&#8221; de Estados Unidos \u00a0 para contener el flujo incontenible de inmigrantes, que la miseria,\u00a0 la violencia de\u00a0 sus\u00a0 conflictos internos, los desastres naturales,\u00a0 siguen\u00a0 generando como nunca en los pa\u00edses de Am\u00e9rica, en especial los ubicados en al centro del continente, el desplazamiento de\u00a0 grandes grupos de sus poblaciones\u00a0 \u00a0 y que vemos\u00a0 estallar en estos precisos d\u00edas, en la frontera norte de Coahuila, para empezar, donde el arribo\u00a0 de haitianos y otros latinos se muestra incontenible\u00a0 con todo y Guardia Nacional en la frontera sur, sobre Ciudad Acu\u00f1a, presionando a tal punto y con tal fuerza que Estados Unidos ha decido cerrar \u00a0 el punto de crece en tal frontera\u00a0 a la altura de Del Rio, Texas, con un impacto a\u00a0 su econom\u00eda,\u00a0 construida \u00a0 durante\u00a0 a\u00f1os entre los mexicanos y \u00a0 texanos. El problema que apenas inicia es sin duda de pron\u00f3stico\u00a0 reservado\u00a0 pues nadie duda que tal situaci\u00f3n\u00a0 se extienda a lo largo de los pasos fronterizos\u00a0 entre este pa\u00eds y Estados Unidos en\u00a0 los d\u00edas pr\u00f3ximos. Sin duda tal  hecho habr\u00e1 de cargarse a las cuentas del Gobierno de Coahuila as\u00ed como a las autoridades del\u00a0 municipio acu\u00f1ense, que habr\u00e1n que enfrentar\u00a0 el arribo de decenas de personas en condiciones a veces deplorables y\u00a0 y en medio de la pandemia en tanto nuestro Presidente\u00a0 atiende\u00a0 los temas\u00a0 internacionales que ha impuesto a su agenda, agenda que le ha impedido, por cierto\u00a0 a lo largo de los mas de tres a\u00f1os al frente de la administraci\u00f3n federal, convocar y reunirse con los Gobernadores de las 32 entidades del pa\u00eds, para fijar agenda y\u00a0 sus prioridades en la tem\u00e1tica que imponen los problemas nacionales, que no son pocos.<\/p>\n\n\n\n<p>Sera por ello, que de nueva cuenta, los gobernadores de las entidades que originalmente conformaron la llamada &#8220;Alianza\u00a0 Federalista&#8221;, que incluye en condici\u00f3n de fundador, a nuestro Gobernador Miguel Angel Riquelme Solis \u00a0 ha iniciado las primeras gestiones\u00a0 para reiniciar la\u00a0 vigencia\u00a0 de este organismo, que registr\u00f3 en semanas pasadas, y debido a la intermitencia de los mandatos para los que fueron electos algunos de\u00a0 sus integrantes originarios de su primera etapa\u00a0 que han concluido o est\u00e1n por concluirlos, y se trata hoy de invitar\u00a0 de nueva cuenta a quienes\u00a0 hoy sean sus titulares, habida cuenta que algunos de ellos, no solo son nuevos gobernadores, sino que proceden de\u00a0 otros corriente partidista adversa, o bien son emanados del grupo partidista dominante, es decir, de MORENA. Con todo, el esfuerzo por encontrar v\u00edas de encuentro, de coincidencia\u00a0 en donde transitar y resolver diferencias\u00a0 en pos de mejorar condiciones\u00a0 para \u00a0 gobernar las entidades a su cargo, de presentar un frente\u00a0 amplio, que \u00a0 posea fuerza y representaci\u00f3n pol\u00edtica, suficiente para ser\u00a0 escuchado sino atendiendo, es loable, peor es no hacer nada, nadar de muertito, o peor aun, pasarse a las filas del contrario, toda vez que\u00a0 el miedo no anda en burro\u00a0 y quien ingrese\u00a0 a tal\u00a0 agrupaci\u00f3n, deber\u00e1 tener, adem\u00e1s de agallas, alto\u00a0 y claro sentido de su militancia partidista, adem\u00e1s de no bastar\u00a0 \u00a0 \u00a0 solo la \u00a0 lengua larga, sino tambi\u00e9n la cola corta. De ah\u00ed que que haya trascendido que las actividades formales de la Alianza Federalista \u00a0 den muestras de actividades\u00a0 esta misma semana hay en desde la capital de Coahuila.<\/p>\n\n\n\n<p>El tiempo se agota ya para realizar &#8220;la socializaci\u00f3n&#8221;  exigida por el Poder ejecutivo federal, para determinar si sigue o no\u00a0 adelante con el anunciado Proyecto\u00a0 &#8220;Agua Saludable para la Laguna&#8221;, cuyas bondades en principio, son del todo aceptados, por la poblaci\u00f3n presuntamente a beneficiar con el mismo, pero como ya saben &#8220;el diablo, est\u00e1 en los detalles&#8221;\u00a0 y aqu\u00ed en donde se mantienen\u00a0 mas que enterrados los intereses\u00a0 que se resisten a ser afectados con\u00a0 esta\u00a0 decisi\u00f3n presidencial pendiente, es decir, con los grupos y personeros\u00a0 beneficiados con la sobreexplotaci\u00f3n del acu\u00edfero regional,\u00a0 que intentan quede intocado, adem\u00e1s de que\u00a0 resolver\u00a0 a fondo el abasto de agua para\u00a0 consumo humano, deber\u00e1\u00a0 correr a cargo de los gobiernos estatales de los estados de Durango y Coahuila, as\u00ed como de sus autoridades municipales para\u00a0 poder seguir sosteniendo el modelo econ\u00f3mico\u00a0 de desarrollo \u00a0 regional vigente en la Laguna desde hace ya por lo menos cuatro d\u00e9cadas o mas, que sostienen la riqu\u00edsima explotaci\u00f3n\u00a0 del ganado lechero, que rebasa ya seg\u00fan c\u00e1lculos conservadores un mill\u00f3n de cabezas, propiedad de quienes conforman hoy por hoy la intocable plutocracia lagunera. Ese es el quid del asunto, no otro, y eso mismo cuesta \u00a0 a la poblaci\u00f3n padecer de sinn\u00famero de enfermedades desatadas por la\u00a0 ingesta de\u00a0 aguas f\u00f3siles, extra\u00eddas\u00a0 a mas de 400 metros de profundidad, contaminada con sales arsenicales\u00a0 y otros\u00a0 metales pesados que sumados a la plomo\u00a0 que gener\u00f3\u00a0 y esparci\u00f3\u00a0 por a\u00f1os Industrias Pe\u00f1oles \u00a0 y el DDT y otros agentes qu\u00edmicos \u00a0 que\u00a0 se \u00a0 aplicaron sobre\u00a0 sobre miles y miles\u00a0 de hect\u00e1reas de cultivos de algodonero\u00a0 para el combate de las\u00a0 sus plagas, lo que hoy por hoy nos hace parecer a los laguneros aut\u00e9nticos mutantes.<\/p>\n\n\n\n<p>Y en tanto ser\u00e1 el d\u00eda 3 de octubre ya pr\u00f3ximo cuando se produzca, seg\u00fan prometi\u00f3, la nueva visita del presidente L\u00f3pez Obrador a la Laguna y conocer \u00a0 si esta satisfecho con la socializaci\u00f3n alcanzada en esa fecha o no,\u00a0 para que su proyecto Agua Saludable, sea una realidad o se cancele. \u00a0 Y ese mismo dia, la Conferencia del Episcopado Mexicano, organismo c\u00fapula si lo hay de la Iglesia Cat\u00f3lica Romana en este pa\u00eds,\u00a0 cuando se lleva a cabo una marcha nacional contra \u00a0 el aborto y obvio su despenalizaci\u00f3n que si bien no lo dice se advierte seg\u00fan convocatoria\u00a0 que lanza el Presidente de tal organismo Monse\u00f1or \u00a0 Rogelio Cabrera L\u00f3pez, Arzobispo de Monterrey, Nuevo\u00a0 Le\u00f3n\u00a0 y del cual al Di\u00f3cesis de Torre\u00f3n\u00a0 no\u00a0 ha hecho\u00a0 r\u00e9plica\u00a0 a trav\u00e9s de su Obispo monse\u00f1or Luis\u00a0 Martin\u00a0 Barraza,\u00a0 no ha dado replica, informado\u00a0 lugar y hora para tal concentraci\u00f3n de cat\u00f3licos que se unan a este llamado, que\u00a0 de entrada se antoja como una respuesta muy lenta y a destiempo seg\u00fan el motivo que lo gener\u00f3\u00a0 y que no es otro que la decisi\u00f3n que sobre tal tema, emiti\u00f3 la Suprema Corte de Justicia\u00a0 de la\u00a0 Naci\u00f3n,\u00a0 y concluidos los festejos patrios, \u00a0 el regreso a\u00a0 la nueva realidad que impone el virus, indica que las medidas de prevenci\u00f3n en su contra, siguen vigentes.<\/p>\n","protected":false},"excerpt":{"rendered":"<p>\u00a1Candil de la calle, oscuridad de su casa! Y vaya que tal consejo se aplica una vez que\u00a0 a nuestro pa\u00eds se le coloca en materia de\u00a0 diplomacia internacional\u00a0 como el anfitri\u00f3n, de la cuestionada y\u00a0 todav\u00eda no evaluada y calificada\u00a0 seg\u00fan\u00a0 merezca\u00a0 la reuni\u00f3n del organismo\u00a0 de la Comunidad de Estados Latinoamericanos y Caribe\u00f1os -CELAC-, con la que nuestro Presidente Andr\u00e9s Manuel L\u00f3pez Obrador pareci\u00f3 cerrar la semana\u00a0 que&#8230;<\/p>\n","protected":false},"author":2,"featured_media":0,"comment_status":"closed","ping_status":"","sticky":false,"template":"","format":"standard","meta":{"footnotes":""},"categories":[8],"tags":[],"class_list":["post-4544","post","type-post","status-publish","format-standard","hentry","category-aqui-laguna","wpcat-8-id"],"_links":{"self":[{"href":"https:\/\/www.aquilaguna.com\/index.php\/wp-json\/wp\/v2\/posts\/4544","targetHints":{"allow":["GET"]}}],"collection":[{"href":"https:\/\/www.aquilaguna.com\/index.php\/wp-json\/wp\/v2\/posts"}],"about":[{"href":"https:\/\/www.aquilaguna.com\/index.php\/wp-json\/wp\/v2\/types\/post"}],"author":[{"embeddable":true,"href":"https:\/\/www.aquilaguna.com\/index.php\/wp-json\/wp\/v2\/users\/2"}],"replies":[{"embeddable":true,"href":"https:\/\/www.aquilaguna.com\/index.php\/wp-json\/wp\/v2\/comments?post=4544"}],"version-history":[{"count":1,"href":"https:\/\/www.aquilaguna.com\/index.php\/wp-json\/wp\/v2\/posts\/4544\/revisions"}],"predecessor-version":[{"id":4545,"href":"https:\/\/www.aquilaguna.com\/index.php\/wp-json\/wp\/v2\/posts\/4544\/revisions\/4545"}],"wp:attachment":[{"href":"https:\/\/www.aquilaguna.com\/index.php\/wp-json\/wp\/v2\/media?parent=4544"}],"wp:term":[{"taxonomy":"category","embeddable":true,"href":"https:\/\/www.aquilaguna.com\/index.php\/wp-json\/wp\/v2\/categories?post=4544"},{"taxonomy":"post_tag","embeddable":true,"href":"https:\/\/www.aquilaguna.com\/index.php\/wp-json\/wp\/v2\/tags?post=4544"}],"curies":[{"name":"wp","href":"https:\/\/api.w.org\/{rel}","templated":true}]}}