{"id":4549,"date":"2021-09-20T18:43:08","date_gmt":"2021-09-20T23:43:08","guid":{"rendered":"https:\/\/www.aquilaguna.com\/?p=4549"},"modified":"2021-09-20T18:43:08","modified_gmt":"2021-09-20T23:43:08","slug":"exige-lopez-rabadan-renuncia-de-la-consul-isabel-arvide","status":"publish","type":"post","link":"https:\/\/www.aquilaguna.com\/index.php\/2021\/09\/20\/exige-lopez-rabadan-renuncia-de-la-consul-isabel-arvide\/","title":{"rendered":"EXIGE L\u00d3PEZ RABAD\u00c1N RENUNCIA DE LA C\u00d3NSUL ISABEL ARVIDE."},"content":{"rendered":"\n<p>\u00b7\u00a0\u00a0\u00a0\u00a0\u00a0\u00a0\u00a0\u00a0\u00a0<strong>La soberbia de este gobierno se desborda en el marco de la Independencia de M\u00e9xico<\/strong><\/p>\n\n\n\n<p>La senadora Kenia L\u00f3pez Rabad\u00e1n exigi\u00f3 este lunes en su conferencia de prensa \u201cLa Contrama\u00f1anera\u201d, la destituci\u00f3n de la c\u00f3nsul Isabel Arvide y una disculpa p\u00fablica por los actos difamatorios en contra de la mexicana Gabriela Cano.<\/p>\n\n\n\n<p>\u201cLa c\u00f3nsul de M\u00e9xico en Turqu\u00eda, dentro de las arengas que se dan con motivo de nuestra celebraci\u00f3n de Independencia, grit\u00f3 el nombre de L\u00f3pez Obrador, poni\u00e9ndolo al nivel de nuestros h\u00e9roes nacionales\u201d, se\u00f1al\u00f3 la panista.<\/p>\n\n\n\n<p>Una ciudadana, dijo, fue violentada por la propia c\u00f3nsul en sus redes sociales luego de haberla increpado.<\/p>\n\n\n\n<p>Record\u00f3 que la funcionaria public\u00f3: \u201cQuerido Arturo, amanece en Estambul. Yo estoy abrazada por las palabras de gratitud, de amistad, de muchas familias mexicanas que aplaudieron y gritaron vivas conmigo. Lo dem\u00e1s es una vulgar provocaci\u00f3n de una borracha\u2026\u201d<\/p>\n\n\n\n<p>\u201cEste nivel de agresi\u00f3n desde los espacios p\u00fablicos en contra de los ciudadanos mexicanos\u201d, expuso L\u00f3pez Rabad\u00e1n.<\/p>\n\n\n\n<p>La panista tambi\u00e9n cuestion\u00f3 las arengas al presidente L\u00f3pez Obrador y a Claudia Sheinbaum, que hicieron la alcaldesa de la Magdalena Contreras, \u201cqui\u00e9n -por cierto- perdi\u00f3 las elecciones y quiz\u00e1 con un grito fuera de lugar trata de quedar bien con sus jefes, aunque no con la ciudadan\u00eda de su demarcaci\u00f3n\u201d.<\/p>\n\n\n\n<p>L\u00f3pez Rabad\u00e1n fue m\u00e1s all\u00e1 al exponer que \u201cla otra arenga impresentable fue la de la alcaldesa de Iztapalapa, quien, en lugar de estar gritando vivas a AMLO, deber\u00eda de gritar diario que faltan vacunas en Iztapalapa, porque ah\u00ed no se ha vacunado a ning\u00fan joven de 18 a 29 a\u00f1os. Eso s\u00ed merece un grito\u201d.<\/p>\n\n\n\n<p>Al parecer en la cuarta transformaci\u00f3n est\u00e1n aferrados en destruir nuestra historia y a hacer el rid\u00edculo con gritos que s\u00f3lo demuestran ignorancia y servilismo, agreg\u00f3 L\u00f3pez Rabad\u00e1n.<\/p>\n\n\n\n<p>La vicecoordinadora del Grupo Parlamentario del PAN destac\u00f3 que, sin duda, lo m\u00e1s vergonzoso de la semana fue la pleites\u00eda con la que se trat\u00f3 al Presidente de Cuba, invitado de honor en el desfile del 16 de septiembre, pese a los reclamos de ciudadanos cubanos.<\/p>\n\n\n\n<p>\u201cDentro de la Reuni\u00f3n de la CELAC, el trato diferenciado que tuvieron los presidentes de Cuba y de Venezuela, dej\u00f3 mucho que desear y qu\u00e9 decir sobre la pol\u00edtica exterior de este pa\u00eds. Dentro de los acuerdos de la CELAC fue crear un fondo para la lucha contra el cambio clim\u00e1tico. Aqu\u00ed L\u00f3pez Obrador literalmente es candil de la calle y obscuridad de su casa, ya que la 4T le apuesta a las energ\u00edas f\u00f3siles y desapareci\u00f3 los fideicomisos encargados del cambio clim\u00e1tico. As\u00ed de incongruentes son en este gobierno\u201d, concluy\u00f3 L\u00f3pez Rabad\u00e1n.<\/p>\n","protected":false},"excerpt":{"rendered":"<p>\u00b7\u00a0\u00a0\u00a0\u00a0\u00a0\u00a0\u00a0\u00a0\u00a0La soberbia de este gobierno se desborda en el marco de la Independencia de M\u00e9xico La senadora Kenia L\u00f3pez Rabad\u00e1n exigi\u00f3 este lunes en su conferencia de prensa \u201cLa Contrama\u00f1anera\u201d, la destituci\u00f3n de la c\u00f3nsul Isabel Arvide y una disculpa p\u00fablica por los actos difamatorios en contra de la mexicana Gabriela Cano. \u201cLa c\u00f3nsul de M\u00e9xico en Turqu\u00eda, dentro de las arengas que se dan con motivo de nuestra celebraci\u00f3n&#8230;<\/p>\n","protected":false},"author":1,"featured_media":0,"comment_status":"closed","ping_status":"closed","sticky":false,"template":"","format":"standard","meta":{"footnotes":""},"categories":[17,51],"tags":[],"class_list":["post-4549","post","type-post","status-publish","format-standard","hentry","category-pan","category-senado","wpcat-17-id","wpcat-51-id"],"_links":{"self":[{"href":"https:\/\/www.aquilaguna.com\/index.php\/wp-json\/wp\/v2\/posts\/4549","targetHints":{"allow":["GET"]}}],"collection":[{"href":"https:\/\/www.aquilaguna.com\/index.php\/wp-json\/wp\/v2\/posts"}],"about":[{"href":"https:\/\/www.aquilaguna.com\/index.php\/wp-json\/wp\/v2\/types\/post"}],"author":[{"embeddable":true,"href":"https:\/\/www.aquilaguna.com\/index.php\/wp-json\/wp\/v2\/users\/1"}],"replies":[{"embeddable":true,"href":"https:\/\/www.aquilaguna.com\/index.php\/wp-json\/wp\/v2\/comments?post=4549"}],"version-history":[{"count":1,"href":"https:\/\/www.aquilaguna.com\/index.php\/wp-json\/wp\/v2\/posts\/4549\/revisions"}],"predecessor-version":[{"id":4550,"href":"https:\/\/www.aquilaguna.com\/index.php\/wp-json\/wp\/v2\/posts\/4549\/revisions\/4550"}],"wp:attachment":[{"href":"https:\/\/www.aquilaguna.com\/index.php\/wp-json\/wp\/v2\/media?parent=4549"}],"wp:term":[{"taxonomy":"category","embeddable":true,"href":"https:\/\/www.aquilaguna.com\/index.php\/wp-json\/wp\/v2\/categories?post=4549"},{"taxonomy":"post_tag","embeddable":true,"href":"https:\/\/www.aquilaguna.com\/index.php\/wp-json\/wp\/v2\/tags?post=4549"}],"curies":[{"name":"wp","href":"https:\/\/api.w.org\/{rel}","templated":true}]}}