{"id":4577,"date":"2021-09-21T19:14:04","date_gmt":"2021-09-22T00:14:04","guid":{"rendered":"https:\/\/www.aquilaguna.com\/?p=4577"},"modified":"2021-09-21T19:14:04","modified_gmt":"2021-09-22T00:14:04","slug":"incertidumbre-en-proyecto-agua-saludable-para-la-laguna","status":"publish","type":"post","link":"https:\/\/www.aquilaguna.com\/index.php\/2021\/09\/21\/incertidumbre-en-proyecto-agua-saludable-para-la-laguna\/","title":{"rendered":"Incertidumbre en proyecto &#8220;Agua Saludable para La Laguna&#8221;."},"content":{"rendered":"\n<p>Lerdo, Durango.- Incertidumbre,\u00a0 es\u00a0 aun el signo que registran los resultados\u00a0 de los\u00a0 di\u00e1logos que a la fecha realizan bajo la convocatoria\u00a0 del Gobierno de Durango\u00a0 y\u00a0 la Comisi\u00f3n Nacional del Agua, en torno a acuerdos que\u00a0 finiquiten los puntos de desencuentro manifestados por los campesinos usuarios de\u00a0 las aguas de gravedad\u00a0 del R\u00edo\u00a0 Nazas y la ubicaci\u00f3n definitiva de\u00a0 la plata\u00a0 derivadora que constituye\u00a0 uno de los ejes del Proyecto federal  &#8220;Agua Saludable para la Laguna&#8221;.<\/p>\n\n\n\n<p>El plazo\u00a0 otorgado por el presidente\u00a0 Andr\u00e9s Manuel L\u00f3pez Obrador\u00a0 para alcanzar el consenso tras la obligada socializaci\u00f3n, omitida de inicio en el  proyecto mencionado, incluye tambi\u00e9n retiro de\u00a0 Amparos interpuestos en contra del\u00a0 proyecto citado por parte de\u00a0 grupos ambientalistas, \u00a0 uno de estos procesos judiciales en marcha por ahora se encuentra &#8220;en suspenso&#8221;, pues la audiencia constitucional\u00a0 se encuentra diferida para\u00a0 una fecha aun desconocida\u00a0 en el Juzgado Tercero de Distrito&#8221;.\u00a0<\/p>\n\n\n\n<p>El plazo presidencial\u00a0 est\u00e1 fijado para el d\u00eda 3 de octubre del presente, cuando en visita\u00a0 anunciada por el\u00a0 ejecutivo federal\u00a0 estar\u00e1 el mismo en esta regi\u00f3n para dar a conocer la decisi\u00f3n \u00a0 definitiva y tomada en este tema.<\/p>\n\n\n\n<p>Seg\u00fan los trascendidos de la reuni\u00f3n que ayer sostuvieran el Gobernador de Durango Jos\u00e9 Rosas Aispuru y el Ingeniero Germ\u00e1n Mart\u00ednez director de la CONAGUA, as\u00ed como los alcaldes de Lerdo y G\u00f3mez Palacio \u00a0 con los grupos de campesinos\u00a0 presuntamente afectados en sus intereses\u00a0 por la planeaci\u00f3n del proyecto,\u00a0 y que incluye el regreso por parte de CONAGUA\u00a0 de\u00a0 18 millones de metros c\u00fabicos\u00a0 \u00a0 de agua de r\u00edo que afirman les han sido\u00a0 arrebatadas, sino que los ejidatarios de Nuevo Graseros\u00a0 recordaron, \u00a0 que el Gobierno Federal tienen un adeudo hist\u00f3rico con ellos que no ha saldado, adem\u00e1s de exigir que se\u00a0 reubique  el Prpyecto Ejecutivo de Agua Saludable la ubicaci\u00f3n\u00a0 \u00a0 del vaso regulador pretendido.\u00a0\u00a0<\/p>\n\n\n\n<p>La indemnizaciones que gener\u00f3\u00a0 la construcci\u00f3n\u00a0 de las Presas L\u00e1zaro C\u00e1rdenas y Francisco Zarco, hace ya mas de 85 a\u00f1os y la cual dicen no les ha sido liquidada.<\/p>\n\n\n\n<p>Sobre esta ultima tem\u00e1tica, el titular de la Comisi\u00f3n Nacional del Agua, raudo advirti\u00f3 a los campesinos que el gobierno federal carece de recursos para liquidar la indemnizaci\u00f3n\u00a0 citada, cuyo monto no se menciono siquiera.<\/p>\n\n\n\n<p>Uno\u00a0 de los asistentes, el ejidatario\u00a0 Margarito Favela, Tesorero del Modulo San Jacinto,\u00a0 afirm\u00f3 que las demandas de los campesinos son validas, pues advierte que de no ser atendidas en este momento, \u00a0 en los tiempos que sigan menos,\u00a0 as\u00ed que por eso mismo\u00a0 no\u00a0 est\u00e1n dispuestos a modificar su posici\u00f3n exhibida a la fecha.<\/p>\n\n\n\n<p>&#8220;Si por ello, el PROYECTO Agua Saludable \u00a0 para la\u00a0 Laguna, no va, pues que as\u00ed sea&#8221;, dijo.<\/p>\n\n\n\n<p>&#8220;\u00bfPor qu\u00e9 tenemos que cargar nomas nosotros, estas pulgas?, esas que siempre\u00a0 les quieren echar a los perros mas flacos&#8221;, se pregunto.\u00a0<\/p>\n\n\n\n<p>Queremos, afirm\u00f3, &#8220;y que quede claro, que solo exigimos lo que es nuestro y que\u00a0 quienes no quieren ceder, son los de la Comisi\u00f3n Nacional del Agua\u00a0 y\u00a0 de ah\u00ed si se viene abajo el Proyecto\u00a0 Agua Saludable,\u00a0 la culpa ser\u00e1 de ellos&#8221;, concluy\u00f3.<\/p>\n","protected":false},"excerpt":{"rendered":"<p>Lerdo, Durango.- Incertidumbre,\u00a0 es\u00a0 aun el signo que registran los resultados\u00a0 de los\u00a0 di\u00e1logos que a la fecha realizan bajo la convocatoria\u00a0 del Gobierno de Durango\u00a0 y\u00a0 la Comisi\u00f3n Nacional del Agua, en torno a acuerdos que\u00a0 finiquiten los puntos de desencuentro manifestados por los campesinos usuarios de\u00a0 las aguas de gravedad\u00a0 del R\u00edo\u00a0 Nazas y la ubicaci\u00f3n definitiva de\u00a0 la plata\u00a0 derivadora que constituye\u00a0 uno de los ejes del&#8230;<\/p>\n","protected":false},"author":2,"featured_media":0,"comment_status":"closed","ping_status":"","sticky":false,"template":"","format":"standard","meta":{"footnotes":""},"categories":[32,5,40,64,31],"tags":[],"class_list":["post-4577","post","type-post","status-publish","format-standard","hentry","category-agua","category-coahuila","category-durango","category-gobierno-de-durango","category-gobierno-federal","wpcat-32-id","wpcat-5-id","wpcat-40-id","wpcat-64-id","wpcat-31-id"],"_links":{"self":[{"href":"https:\/\/www.aquilaguna.com\/index.php\/wp-json\/wp\/v2\/posts\/4577","targetHints":{"allow":["GET"]}}],"collection":[{"href":"https:\/\/www.aquilaguna.com\/index.php\/wp-json\/wp\/v2\/posts"}],"about":[{"href":"https:\/\/www.aquilaguna.com\/index.php\/wp-json\/wp\/v2\/types\/post"}],"author":[{"embeddable":true,"href":"https:\/\/www.aquilaguna.com\/index.php\/wp-json\/wp\/v2\/users\/2"}],"replies":[{"embeddable":true,"href":"https:\/\/www.aquilaguna.com\/index.php\/wp-json\/wp\/v2\/comments?post=4577"}],"version-history":[{"count":1,"href":"https:\/\/www.aquilaguna.com\/index.php\/wp-json\/wp\/v2\/posts\/4577\/revisions"}],"predecessor-version":[{"id":4578,"href":"https:\/\/www.aquilaguna.com\/index.php\/wp-json\/wp\/v2\/posts\/4577\/revisions\/4578"}],"wp:attachment":[{"href":"https:\/\/www.aquilaguna.com\/index.php\/wp-json\/wp\/v2\/media?parent=4577"}],"wp:term":[{"taxonomy":"category","embeddable":true,"href":"https:\/\/www.aquilaguna.com\/index.php\/wp-json\/wp\/v2\/categories?post=4577"},{"taxonomy":"post_tag","embeddable":true,"href":"https:\/\/www.aquilaguna.com\/index.php\/wp-json\/wp\/v2\/tags?post=4577"}],"curies":[{"name":"wp","href":"https:\/\/api.w.org\/{rel}","templated":true}]}}