{"id":4609,"date":"2021-09-23T18:50:40","date_gmt":"2021-09-23T23:50:40","guid":{"rendered":"https:\/\/www.aquilaguna.com\/?p=4609"},"modified":"2021-09-23T18:50:42","modified_gmt":"2021-09-23T23:50:42","slug":"invita-aidh-a-cursar-el-doctorado-en-derechos-humanos-con-perspectiva-internacional-y-comparada","status":"publish","type":"post","link":"https:\/\/www.aquilaguna.com\/index.php\/2021\/09\/23\/invita-aidh-a-cursar-el-doctorado-en-derechos-humanos-con-perspectiva-internacional-y-comparada\/","title":{"rendered":"Invita AIDH a Cursar el Doctorado en Derechos Humanos con Perspectiva Internacional y Comparada."},"content":{"rendered":"\n<p>SALTILLO, Coahuila. 23 de septiembre de 2021.- La Academia Interamericana de<br>Derechos Humanos (AIDH) de la Universidad Aut\u00f3noma de Coahuila, anunci\u00f3 en<br>conferencia de prensa la apertura de su Doctorado en Derechos Humanos con<br>Perspectiva Internacional y Comparada, que tiene una duraci\u00f3n de tres a\u00f1os y<br>cuya primera generaci\u00f3n iniciar\u00e1 clases en enero de 2022.<\/p>\n\n\n\n<p>Los detalles fueron dados a conocer por la directora general de la AIDH, Irene<br>Spigno, el director de Planeaci\u00f3n de la UAdeC, Jes\u00fas Alberto Montalvo Morales, el<br>director de Investigaci\u00f3n y Posgrado, Crist\u00f3bal No\u00e9 Aguilar Gonz\u00e1lez y el director<br>del Centro de Educaci\u00f3n para los Derechos Humanos de la AIDH, Rodrigo<br>Santiago Ju\u00e1rez.<\/p>\n\n\n\n<p>Irene Spigno coment\u00f3 que el Doctorado en Derechos Humanos con Perspectiva<br>Internacional y Comparada, tiene como objetivo la formaci\u00f3n de personas<br>investigadoras con un alto nivel de calidad acad\u00e9mica, compromiso social e<br>interacci\u00f3n local, nacional e internacional para la soluci\u00f3n de los problemas<br>actuales de la sociedad.<\/p>\n\n\n\n<p>\u200bAs\u00ed mismo, se\u00f1al\u00f3 que su metodolog\u00eda se centra en el desarrollo de capacidades<br>de investigaci\u00f3n que propongan, bajo una perspectiva internacional y comparada,<br>soluciones integrales a problemas nacionales, regionales e internacionales para el<br>avance y conocimiento pertinente en temas de derechos humanos, que permitan<br>la protecci\u00f3n efectiva de los derechos de todos los sectores de la sociedad.<\/p>\n\n\n\n<p>\u200bPor lo anterior, el doctorado contar\u00e1 con profesorado de prestigio internacional de<br>diferentes universidades de Am\u00e9rica, Europa, Ocean\u00eda, \u00c1frica y Asia; adem\u00e1s de<br>que la comunidad estudiantil tendr\u00e1 la posibilidad de realizar estancias de<br>investigaci\u00f3n en las universidades extranjeras con las que la AIDH tiene una<br>colaboraci\u00f3n estrecha y cooperaci\u00f3n internacional.<\/p>\n\n\n\n<p>Por su parte, el director del Centro de Educaci\u00f3n para los Derechos Humanos de<br>la AIDH, Rodrigo Santiago Ju\u00e1rez, inform\u00f3 que el programa se dividir\u00e1 en seis<br>semestres y tendr\u00e1 un costo de 150 mil pesos y los interesados en postularse<br>deber\u00e1n de contar con t\u00edtulo de maestr\u00eda y tener acreditaci\u00f3n de dominar al menos<br>en un 80 por ciento otro idioma.<\/p>\n\n\n\n<p>Mientras que el director de Planeaci\u00f3n, Jes\u00fas Alberto Montalvo Morales y el<br>director de Investigaci\u00f3n y Posgrado, Crist\u00f3bal No\u00e9 Aguilar Gonz\u00e1lez, recalcaron que este nuevo programa de posgrado cuenta con un estudio de factibilidad que<br>obedece a las condiciones que vive Coahuila y el pa\u00eds y adem\u00e1s responde al<br>proceso de cambio por el que pasa la Universidad.<\/p>\n\n\n\n<p>La convocatoria ser\u00e1 publicada la pr\u00f3xima semana, por lo que los interesados en<br>cursar el doctorado deber\u00e1n de consultarla en <a rel=\"noreferrer noopener\" href=\"https:\/\/www.academiaidh.org.mx\/,\" target=\"_blank\">https:\/\/www.academiaidh.org.mx\/,<\/a><br>as\u00ed como en la p\u00e1gina de Facebook de la AIDH Academia Interamericana de<br>Derechos Humanos @AcademiaIDH.<\/p>\n","protected":false},"excerpt":{"rendered":"<p>SALTILLO, Coahuila. 23 de septiembre de 2021.- La Academia Interamericana deDerechos Humanos (AIDH) de la Universidad Aut\u00f3noma de Coahuila, anunci\u00f3 enconferencia de prensa la apertura de su Doctorado en Derechos Humanos conPerspectiva Internacional y Comparada, que tiene una duraci\u00f3n de tres a\u00f1os ycuya primera generaci\u00f3n iniciar\u00e1 clases en enero de 2022. Los detalles fueron dados a conocer por la directora general de la AIDH, IreneSpigno, el director de Planeaci\u00f3n de&#8230;<\/p>\n","protected":false},"author":1,"featured_media":4610,"comment_status":"closed","ping_status":"closed","sticky":false,"template":"","format":"standard","meta":{"footnotes":""},"categories":[38,2],"tags":[],"class_list":["post-4609","post","type-post","status-publish","format-standard","has-post-thumbnail","hentry","category-derechos-humanos","category-uadec","wpcat-38-id","wpcat-2-id"],"_links":{"self":[{"href":"https:\/\/www.aquilaguna.com\/index.php\/wp-json\/wp\/v2\/posts\/4609","targetHints":{"allow":["GET"]}}],"collection":[{"href":"https:\/\/www.aquilaguna.com\/index.php\/wp-json\/wp\/v2\/posts"}],"about":[{"href":"https:\/\/www.aquilaguna.com\/index.php\/wp-json\/wp\/v2\/types\/post"}],"author":[{"embeddable":true,"href":"https:\/\/www.aquilaguna.com\/index.php\/wp-json\/wp\/v2\/users\/1"}],"replies":[{"embeddable":true,"href":"https:\/\/www.aquilaguna.com\/index.php\/wp-json\/wp\/v2\/comments?post=4609"}],"version-history":[{"count":1,"href":"https:\/\/www.aquilaguna.com\/index.php\/wp-json\/wp\/v2\/posts\/4609\/revisions"}],"predecessor-version":[{"id":4611,"href":"https:\/\/www.aquilaguna.com\/index.php\/wp-json\/wp\/v2\/posts\/4609\/revisions\/4611"}],"wp:featuredmedia":[{"embeddable":true,"href":"https:\/\/www.aquilaguna.com\/index.php\/wp-json\/wp\/v2\/media\/4610"}],"wp:attachment":[{"href":"https:\/\/www.aquilaguna.com\/index.php\/wp-json\/wp\/v2\/media?parent=4609"}],"wp:term":[{"taxonomy":"category","embeddable":true,"href":"https:\/\/www.aquilaguna.com\/index.php\/wp-json\/wp\/v2\/categories?post=4609"},{"taxonomy":"post_tag","embeddable":true,"href":"https:\/\/www.aquilaguna.com\/index.php\/wp-json\/wp\/v2\/tags?post=4609"}],"curies":[{"name":"wp","href":"https:\/\/api.w.org\/{rel}","templated":true}]}}