{"id":4672,"date":"2021-09-27T19:57:59","date_gmt":"2021-09-28T00:57:59","guid":{"rendered":"https:\/\/www.aquilaguna.com\/?p=4672"},"modified":"2021-09-27T19:57:59","modified_gmt":"2021-09-28T00:57:59","slug":"gobernador-de-coahuila-atendio-problematica-de-migrantes-en-acuna","status":"publish","type":"post","link":"https:\/\/www.aquilaguna.com\/index.php\/2021\/09\/27\/gobernador-de-coahuila-atendio-problematica-de-migrantes-en-acuna\/","title":{"rendered":"Gobernador de Coahuila atendi\u00f3 problem\u00e1tica de migrantes en Acu\u00f1a."},"content":{"rendered":"\n<p>Torre\u00f3n, Coahuila.- Afirma el Gobernador Miguel Angel Riquelme Solis, no ser ingenuo\u00a0 en torno al sorpresivo arribo a Ciudad Acu\u00f1a la semana pasada de por lo menos 15 mil\u00a0 inmigrantes\u00a0 en su mayor\u00eda\u00a0 haitianos, flujo migratorio inusual\u00a0 y que puso en riesgo no solo la salud de los habitantes de\u00a0 esa frontera coahuilense, sino tambi\u00e9n las relaciones bilaterales\u00a0 con\u00a0 el vecino pa\u00eds del norte, am\u00e9n que su paso ha dejado una estela de da\u00f1os y \u00a0 costos en\u00a0 su econom\u00eda que Coahuila trata por ahora hacerla retornar a la normalidad\u00a0 perdida.<\/p>\n\n\n\n<p>De\u00a0 manera directa el gobernante\u00a0 respondi\u00f3 al ser preguntado sobre el caso del arribo de un flujo anormal de inmigrantes haitianos a la ciudad de Acu\u00f1a, que trataron in\u00fatilmente cruzar la frontera\u00a0 e internarse en el vecino pa\u00eds del norte, si bien \u00a0 un grupo considerable de estos, fueron deportados desde Del Rio, Texas, a su pa\u00eds de origen, por ahora, &#8220;muchos andan\u00a0 por ah\u00ed dispersos&#8221;.<\/p>\n\n\n\n<p>Unos, afirm\u00f3, &#8220;en Nuevo Le\u00f3n, otros se metieron a Acu\u00f1a, a Piedras Negras y  por ah\u00ed. Todav\u00eda estamos \u00a0 con los operativos necesarios \u00a0 para\u00a0 conocer su situaci\u00f3n migratoria\u00a0 y darle el cauce legal que cada caso requiere&#8221;.<\/p>\n\n\n\n<p>Asegura que, &#8220;el grupo de migrantes recibi\u00f3 por parte de la autoridad coahuilense, el respeto a sus Derechos Humanos y los que les\u00a0 corresponden como inmigrantes, as\u00ed como la solidaridad de parte de nuestro pueblo&#8221;.<\/p>\n\n\n\n<p>&#8220;Este fue un flujo migratorio extraordinario y que sin lugar a dudas, hubo una omisi\u00f3n que pudo poner en resigo a los habitantes de la frontera, como puso en riesgo la relaci\u00f3n econ\u00f3mica\u00a0 de M\u00e9xico, la relaci\u00f3n bilateral con estados Unidos&#8221;.<\/p>\n\n\n\n<p>Afirm\u00f3 que, &#8220;en este caso, no se puede hablar de un flujo migratorio normal, nunca como ahora,\u00a0 c\u00f3mo se dieron las cosas. El trato humanitario en l\u00f3gica\u00a0 no era ni el n\u00famero \u00a0 de personas que pudiera tener, no digo el Estado de Coahuila, sino por el Estado mexicano, pues 15 mil migrantes sobre una poblaci\u00f3n de 140 mil habitantes, con hospitales\u00a0 con capacidad de 90 a 100 camas, si de por si el tema de salud ya estaba en riesgo y si tuvimos&#8221;, revel\u00f3, &#8220;casos graves&#8221;,\u00a0 revelando que \u00a0 a mujeres que dieron a luz en tal lugar en\u00a0 tal tiempo y que\u00a0 posteriormente a su parto presentaron s\u00edntomas de Covid,\u00a0 y el reci\u00e9n nacido tambi\u00e9n.<\/p>\n\n\n\n<p>&#8220;En seguridad \u00a0 si bien muchos dec\u00edan que no habr\u00e1 problema resulto que si&#8221;,\u00a0 pero revel\u00f3, &#8220;hubo intromisi\u00f3n del crimen organizado&#8221;.<\/p>\n\n\n\n<p>Dijo luego que, &#8220;estaban vendiendo droga\u00a0 al interior de los campamentos, que fue detectada por la autoridad creando\u00a0 la preocupaci\u00f3n\u00a0 que este tema presentara un riesgo aun mayor para la poblaci\u00f3n&#8221;.<\/p>\n\n\n\n<p>&#8220;En mi car\u00e1cter de Gobernador, si atend\u00ed el respeto a los Derechos\u00a0 Humanos\u00a0 de los migrantes, como siempre lo hemos hecho, pero tambi\u00e9n protegimos a la poblaci\u00f3n de un da\u00f1o mayor&#8221;.<\/p>\n\n\n\n<p>Mi preocupaci\u00f3n, \u00a0 dijo luego, &#8220;se extiende\u00a0 tras de que\u00a0 que en los \u00faltimos camiones detenidos y que  transportaron a los inmigrantes, muchos de estos portaban credenciales de elector\u00a0 falsificadas, recibos y formatos del Instituto Nacional de Inmigraci\u00f3n\u00a0 falsos tambi\u00e9n&#8221;.<\/p>\n\n\n\n<p>Esto,\u00a0 admiti\u00f3, &#8220;sin lugar a dudas, puso en jaque a la relaci\u00f3n bilateral\u00a0 de Coahuila y Texas. La relaci\u00f3n comercial \u00a0 de nuestro estado y  Texas\u00a0 y la importaci\u00f3n \u00a0 que a diario se realiza entre ambas, una vez que\u00a0 nuestra frontera, es la mas segura del pa\u00eds, de ah\u00ed que la producci\u00f3n de otras entidades\u00a0 la est\u00e9 utilizando a ultimas fechas como su cruce&#8221;.<\/p>\n\n\n\n<p>La explicaci\u00f3n, sostuvo, &#8220;que da el Gobierno federal, no es convincente, de que todos los inmigrantes fueron enga\u00f1ados, pero si tengo que dejar claro que si actuamos en conjunto, pues si algo tenemos en Coahuila es que solucionamos las cosas de manera coordinada&#8221;.<\/p>\n\n\n\n<p>Tengo, afirm\u00f3, &#8220;autoridad en una parte del tema y en otras no,\u00a0 pues\u00a0 es la Secretar\u00eda de Relaciones Exteriores, el Gobierno de M\u00e9xico, quienes tienen la autoridad jur\u00eddica para poder hacer cualquier movimiento en el tema de inmigraci\u00f3n&#8221;.<\/p>\n\n\n\n<p>Revel\u00f3 luego haber sido el primero en conocer de parte de los vecinos de Texas,\u00a0 la informaci\u00f3n de que\u00a0 iban a cerrar el paso fronterizo ente Acu\u00f1a y\u00a0 Del Rio. &#8220;Nosotros recibimos como Gobierno de Coahuila tal informaci\u00f3n&#8221;.<\/p>\n\n\n\n<p>Esto ya termin\u00f3, dijo,\u00a0 &#8220;y nos deja una experiencia en relaci\u00f3n a nuestra legislaci\u00f3n local. He pedido a la Consejer\u00eda Jur\u00eddica\u00a0 el estudio de una modificaci\u00f3n al c\u00f3digo penal, para\u00a0 quienes\u00a0 trasladen migrantes en esa forma&#8221;.<\/p>\n\n\n\n<p>Lo anterior, dijo, &#8220;har\u00e1 endurecer nuestro marco jur\u00eddico\u00a0 en ese tema. Y en eso estamos&#8221;.<\/p>\n","protected":false},"excerpt":{"rendered":"<p>Torre\u00f3n, Coahuila.- Afirma el Gobernador Miguel Angel Riquelme Solis, no ser ingenuo\u00a0 en torno al sorpresivo arribo a Ciudad Acu\u00f1a la semana pasada de por lo menos 15 mil\u00a0 inmigrantes\u00a0 en su mayor\u00eda\u00a0 haitianos, flujo migratorio inusual\u00a0 y que puso en riesgo no solo la salud de los habitantes de\u00a0 esa frontera coahuilense, sino tambi\u00e9n las relaciones bilaterales\u00a0 con\u00a0 el vecino pa\u00eds del norte, am\u00e9n que su paso ha dejado&#8230;<\/p>\n","protected":false},"author":2,"featured_media":0,"comment_status":"closed","ping_status":"","sticky":false,"template":"","format":"standard","meta":{"footnotes":""},"categories":[5,15,14,24],"tags":[],"class_list":["post-4672","post","type-post","status-publish","format-standard","hentry","category-coahuila","category-gobierno-de-coahuila","category-salud","category-seguridad","wpcat-5-id","wpcat-15-id","wpcat-14-id","wpcat-24-id"],"_links":{"self":[{"href":"https:\/\/www.aquilaguna.com\/index.php\/wp-json\/wp\/v2\/posts\/4672","targetHints":{"allow":["GET"]}}],"collection":[{"href":"https:\/\/www.aquilaguna.com\/index.php\/wp-json\/wp\/v2\/posts"}],"about":[{"href":"https:\/\/www.aquilaguna.com\/index.php\/wp-json\/wp\/v2\/types\/post"}],"author":[{"embeddable":true,"href":"https:\/\/www.aquilaguna.com\/index.php\/wp-json\/wp\/v2\/users\/2"}],"replies":[{"embeddable":true,"href":"https:\/\/www.aquilaguna.com\/index.php\/wp-json\/wp\/v2\/comments?post=4672"}],"version-history":[{"count":1,"href":"https:\/\/www.aquilaguna.com\/index.php\/wp-json\/wp\/v2\/posts\/4672\/revisions"}],"predecessor-version":[{"id":4673,"href":"https:\/\/www.aquilaguna.com\/index.php\/wp-json\/wp\/v2\/posts\/4672\/revisions\/4673"}],"wp:attachment":[{"href":"https:\/\/www.aquilaguna.com\/index.php\/wp-json\/wp\/v2\/media?parent=4672"}],"wp:term":[{"taxonomy":"category","embeddable":true,"href":"https:\/\/www.aquilaguna.com\/index.php\/wp-json\/wp\/v2\/categories?post=4672"},{"taxonomy":"post_tag","embeddable":true,"href":"https:\/\/www.aquilaguna.com\/index.php\/wp-json\/wp\/v2\/tags?post=4672"}],"curies":[{"name":"wp","href":"https:\/\/api.w.org\/{rel}","templated":true}]}}