{"id":4785,"date":"2021-10-03T19:25:27","date_gmt":"2021-10-04T00:25:27","guid":{"rendered":"https:\/\/www.aquilaguna.com\/?p=4785"},"modified":"2021-10-03T19:25:28","modified_gmt":"2021-10-04T00:25:28","slug":"recorren-ciclistas-distancia-hasta-la-sierra-de-jimulco-en-la-laguna","status":"publish","type":"post","link":"https:\/\/www.aquilaguna.com\/index.php\/2021\/10\/03\/recorren-ciclistas-distancia-hasta-la-sierra-de-jimulco-en-la-laguna\/","title":{"rendered":"RECORREN CICLISTAS DISTANCIA HASTA LA SIERRA DE JIMULCO, EN LA LAGUNA."},"content":{"rendered":"\n<p>Torre\u00f3n, Coahuila de Zaragoza; a 3 de Octubre de 2021.- Esta ma\u00f1ana se llev\u00f3 a cabo la Carrera Gran Fondo Ciclista Jimulco 2021, evento organizado por el colectivo Eco-Ciclismo AC, y apoyado por la Secretar\u00eda de Turismo y Desarrollo de Pueblos M\u00e1gicos en coordinaci\u00f3n con el Instituto Estatal del Deporte de Coahuila (INEDEC).<\/p>\n\n\n\n<p>El punto de partida de los m\u00e1s de 600 ciclistas participantes fue el Centro de Convenciones de Torre\u00f3n.<\/p>\n\n\n\n<p>Ciclistas de todas las edades y en las ramas Varonil y Femenil, en bicicletas de ruta y de monta\u00f1a, incluso bicicletas de otro tipo, dieron vida a esta justa de competencia y de convivencia.<\/p>\n\n\n\n<p>Este gran reto tuvo como meta la Sierra de Jimulco, donde con bellos paisajes los ciclistas mostraron sus habilidades para terminar la competencia de 100 kil\u00f3metros.<\/p>\n\n\n\n<p>Este evento deportivo es muy gratificante por el apoyo de los habitantes de cada pueblo por el que van pasando los ciclistas, pues uno de los objetivos de la carrera es que la ciudadan\u00eda conozca las comunidades de Ca\u00f1\u00f3n de Jimulco y las \u00e1reas naturales protegidas que tiene el Municipio de Torre\u00f3n.<\/p>\n\n\n\n<p>Al llegar a la meta, los ciclistas recibieron un kit de recuperaci\u00f3n, as\u00ed como su medalla de participaci\u00f3n y pudieron participar en una rifa.<\/p>\n\n\n\n<p>La ceremonia de premiaci\u00f3n se realiz\u00f3 en el santuario del Se\u00f1or de Jimulco, que cuenta con 306 a\u00f1os de historia en esta regi\u00f3n.<\/p>\n\n\n\n<p>En ella se cont\u00f3 con la presencia de Alina Garza Herrera, Directora del INEDEC; Azucena Ramos Ramos, titular de Turismo en el Estado; Maru Villarreal, Subsecretario de Turismo en la Regi\u00f3n Laguna; Rodrigo Fuentes, diputado federal; as\u00ed como parte del comit\u00e9 organizador de Eco Ciclismo, Laura Prado y Pedro Belmonte.<\/p>\n","protected":false},"excerpt":{"rendered":"<p>Torre\u00f3n, Coahuila de Zaragoza; a 3 de Octubre de 2021.- Esta ma\u00f1ana se llev\u00f3 a cabo la Carrera Gran Fondo Ciclista Jimulco 2021, evento organizado por el colectivo Eco-Ciclismo AC, y apoyado por la Secretar\u00eda de Turismo y Desarrollo de Pueblos M\u00e1gicos en coordinaci\u00f3n con el Instituto Estatal del Deporte de Coahuila (INEDEC). El punto de partida de los m\u00e1s de 600 ciclistas participantes fue el Centro de Convenciones de&#8230;<\/p>\n","protected":false},"author":1,"featured_media":4786,"comment_status":"closed","ping_status":"closed","sticky":false,"template":"","format":"standard","meta":{"footnotes":""},"categories":[5,33,15],"tags":[],"class_list":["post-4785","post","type-post","status-publish","format-standard","has-post-thumbnail","hentry","category-coahuila","category-deporte","category-gobierno-de-coahuila","wpcat-5-id","wpcat-33-id","wpcat-15-id"],"_links":{"self":[{"href":"https:\/\/www.aquilaguna.com\/index.php\/wp-json\/wp\/v2\/posts\/4785","targetHints":{"allow":["GET"]}}],"collection":[{"href":"https:\/\/www.aquilaguna.com\/index.php\/wp-json\/wp\/v2\/posts"}],"about":[{"href":"https:\/\/www.aquilaguna.com\/index.php\/wp-json\/wp\/v2\/types\/post"}],"author":[{"embeddable":true,"href":"https:\/\/www.aquilaguna.com\/index.php\/wp-json\/wp\/v2\/users\/1"}],"replies":[{"embeddable":true,"href":"https:\/\/www.aquilaguna.com\/index.php\/wp-json\/wp\/v2\/comments?post=4785"}],"version-history":[{"count":1,"href":"https:\/\/www.aquilaguna.com\/index.php\/wp-json\/wp\/v2\/posts\/4785\/revisions"}],"predecessor-version":[{"id":4787,"href":"https:\/\/www.aquilaguna.com\/index.php\/wp-json\/wp\/v2\/posts\/4785\/revisions\/4787"}],"wp:featuredmedia":[{"embeddable":true,"href":"https:\/\/www.aquilaguna.com\/index.php\/wp-json\/wp\/v2\/media\/4786"}],"wp:attachment":[{"href":"https:\/\/www.aquilaguna.com\/index.php\/wp-json\/wp\/v2\/media?parent=4785"}],"wp:term":[{"taxonomy":"category","embeddable":true,"href":"https:\/\/www.aquilaguna.com\/index.php\/wp-json\/wp\/v2\/categories?post=4785"},{"taxonomy":"post_tag","embeddable":true,"href":"https:\/\/www.aquilaguna.com\/index.php\/wp-json\/wp\/v2\/tags?post=4785"}],"curies":[{"name":"wp","href":"https:\/\/api.w.org\/{rel}","templated":true}]}}