{"id":4801,"date":"2021-10-04T18:35:30","date_gmt":"2021-10-04T23:35:30","guid":{"rendered":"https:\/\/www.aquilaguna.com\/?p=4801"},"modified":"2021-10-04T18:35:32","modified_gmt":"2021-10-04T23:35:32","slug":"inicia-en-la-uadec-la-feria-virtual-de-posgrados-2021","status":"publish","type":"post","link":"https:\/\/www.aquilaguna.com\/index.php\/2021\/10\/04\/inicia-en-la-uadec-la-feria-virtual-de-posgrados-2021\/","title":{"rendered":"Inicia en la UAdeC la \u201cFeria Virtual de Posgrados 2021\u201d."},"content":{"rendered":"\n<p>SALTILLO, Coahuila. 4 de octubre de 2021.- Con el fin de dar a conocer y<br>promocionar los programas de Posgrado de las Unidades Saltillo, Torre\u00f3n y Norte<br>de la Universidad Aut\u00f3noma de Coahuila, este lunes, inici\u00f3 la \u201cFeria Virtual de<br>Posgrados 2021\u201d que impulsa la Direcci\u00f3n de Investigaci\u00f3n y Posgrado y la cual<br>se desarrollar\u00e1 hasta el 7 de octubre por medio de Microsoft Teams y por las<br>p\u00e1ginas de Facebook: @UniversidadAutonomadeCoahuilaOficial y<br>@investigacionyposgradoUAdeC.<\/p>\n\n\n\n<p>En el acto inaugural se cont\u00f3 con la presencia del rector de la m\u00e1xima casa de<br>estudios, Salvador Hern\u00e1ndez V\u00e9lez, el director de Investigaci\u00f3n y Posgrado de la<br>UAdeC, Crist\u00f3bal No\u00e9 Aguilar Gonz\u00e1lez, el subdirector de Posgrado, Jos\u00e9 Luis<br>Mart\u00ednez Hern\u00e1ndez, estudiantes, docentes e investigadores y p\u00fablico general<br>interesado en el tema.<\/p>\n\n\n\n<p>En su mensaje, el rector Salvador Hern\u00e1ndez V\u00e9lez, dio la bienvenida a los<br>participantes conectados v\u00eda Microsoft Teams y por Facebook Live, a quienes<br>invit\u00f3 a aprovechar las diversas actividades que ofrece esta cuarta edici\u00f3n de la<br>\u201cFeria Virtual de Posgrados\u201d, para que encuentren en la UAdeC la opci\u00f3n que<br>buscan para una formaci\u00f3n de alta calidad con pertinencia, por medio de planes y<br>programas de estudio actualizados y pertinentes para las necesidades del entorno.<\/p>\n\n\n\n<p>El director de Investigaci\u00f3n y Posgrado, Crist\u00f3bal No\u00e9 Aguilar Hern\u00e1ndez, expres\u00f3<br>que la iniciativa es parte de la consolidaci\u00f3n de actividades que fortalecen y<br>promueven la Educaci\u00f3n Superior a nivel Posgrado dentro de la Universidad, con<br>una amplia y diversa oferta educativa a trav\u00e9s de la apertura de nuevos programas<br>acordes a las pol\u00edticas educativas de nuestro pa\u00eds y las tendencias internacionales<br>que son producto de la globalizaci\u00f3n y que responden a los Objetivos del<br>Desarrollo Sostenible (ODS) de la ONU.<\/p>\n\n\n\n<p>Por su parte, el subdirector de posgrado de la DIP, Jos\u00e9 Luis Mart\u00ednez, explic\u00f3<br>que, dentro de la Feria se promocionar\u00e1 la oferta educativa que se apertura en el<br>mes de enero 2022 y que corresponde a un total de 22 maestr\u00edas, cuatro<br>doctorados y 10 especialidades de las diversas disciplinas como Humanidades,<br>Ciencias Sociales, Medicina, F\u00edsico- Matem\u00e1ticas, Biolog\u00eda, Qu\u00edmica,<br>Biotecnolog\u00eda, Ciencias de la Tierra, Ciencias Agropecuarias e Ingenier\u00eda, as\u00ed<br>como otras actividades como conferencias, foros de egresados y mesas de<br>an\u00e1lisis.<\/p>\n\n\n\n<p>Por otro lado, la responsable de Validaci\u00f3n y Control Acad\u00e9mico-Administrativo de<br>Posgrado de la DIP, Olimpia Garay Santos, inform\u00f3 que, adem\u00e1s de proporcionar<br>informaci\u00f3n sobre cada programa educativo, en la Feria se orientar\u00e1 a los<br>interesados en el proceso de admisi\u00f3n que ya se encuentra disponible y hasta el<br>27 de octubre, en el portal web de Admisiones de la UAdeC:<br><a href=\"http:\/\/www.admisiones.uadec.mx\/aspirantes\/wf_home.aspx.\" target=\"_blank\" rel=\"noreferrer noopener\"> http:\/\/www.admisiones.uadec.mx\/aspirantes\/wf_home.aspx.<\/a><\/p>\n\n\n\n<p>Garay Santos, dio a conocer que la presentaci\u00f3n del examen de admisi\u00f3n ExBach<br>ser\u00e1 el 19 de noviembre de 2021 y tendr\u00e1 un costo de mil pesos; agreg\u00f3 que para<br>conocer la variedad y requisitos puntuales de las maestr\u00edas, doctorados y<br>especialidades est\u00e1 habilitada la p\u00e1gina: <a href=\"http:\/\/www.uadec.mx\/feria-posgrado\/\" target=\"_blank\" rel=\"noreferrer noopener\">http:\/\/www.uadec.mx\/feria-posgrado\/<\/a>, as\u00ed<br>como el correo electr\u00f3nico posgradouadec@uadec.edu.mx.<\/p>\n\n\n\n<p>Como parte del programa, se present\u00f3 la conferencia \u201cEl posgrado, una alternativa<br>de desarrollo profesional\u201d a cargo de la directora general del Consejo de Ciencia y<br>Tecnolog\u00eda del Estado de Durango (COCYTED), Juliana Morales Castro, quien<br>expuso a los asistentes de la trasmisi\u00f3n virtual la importancia del estudio de una<br>Especialidad, Maestr\u00eda y Doctorado, adem\u00e1s de los retos que tiene M\u00e9xico en esta<br>materia.<\/p>\n\n\n\n<p>Morales Castro, mencion\u00f3 que, entre los beneficios de contar con estudios<br>profesionalizantes m\u00e1s all\u00e1 de una Licenciatura o Ingenier\u00eda, es la oportunidad de<br>desarrollar una visi\u00f3n del entorno nacional e internacional para comprender<br>problem\u00e1ticas y necesidades sociales, sectoriales p\u00fablicas y privadas, abordar<br>problemas que hasta el momento no han tenido una soluci\u00f3n adecuada y el<br>impulso y adaptaci\u00f3n de nuevas tecnolog\u00edas.<\/p>\n\n\n\n<p>La \u201cFeria Virtual de Posgrados 2021\u201d contin\u00faa hasta el 7 de octubre con eventos<br>programados en horarios matutinos y vespertinos; el martes 5, las actividades<br>comienzan a partir de las 12:00 horas, con la charla sobre la Maestr\u00eda en Ciencia y<br>Tecnolog\u00eda de la Metalurgia \u201cPerspectivas de un egresado del programa\u201d y las<br>pl\u00e1ticas informativas sobre la Maestr\u00eda en Ciencia de Datos y Optimizaci\u00f3n, el<br>Doctorado en Ciencias, la Maestr\u00eda en Ciencia y Tecnolog\u00eda Qu\u00edmica, as\u00ed como la<br>mesa redonda \u201cConociendo el programa de exploraci\u00f3n y aprovechamiento<br>responsable de los recursos minerales\u201d.<\/p>\n\n\n\n<p>Para el mi\u00e9rcoles 6 de octubre, las actividades inician a las 12:00 horas con la<br>presentaci\u00f3n de la Maestr\u00eda en Ciencia de la Ingenier\u00eda con acentuaci\u00f3n en<br>Construcci\u00f3n, al t\u00e9rmino de esta, la charla sobre el Doctorado en Ciencias y sobre<br>el Doctorado en Derechos Humanos con Perspectiva Internacional y Comparada,<br>adem\u00e1s de la presentaci\u00f3n de la Maestr\u00eda en Ingenier\u00eda Bioqu\u00edmica y de las  Maestr\u00edas en Administraci\u00f3n y en Contribuciones Tributarias, para terminar el d\u00eda con la pl\u00e1tica sobre la Maestr\u00eda en Ciencia y Tecnolog\u00eda Qu\u00edmica.<\/p>\n\n\n\n<p>El evento finaliza el jueves 7 de octubre, con la charla de la Maestr\u00eda en<br>Investigaci\u00f3n Cl\u00ednica a las 12:00 horas, as\u00ed como con la presentaci\u00f3n del<br>Doctorado en Ciencias en Biotecnolog\u00eda y la Maestr\u00eda en Administraci\u00f3n con<br>acentuaci\u00f3n en Finanzas, Capital Humano y Desarrollo de Nuevos Negocios.<\/p>\n\n\n\n<p>Para consultar el programa del evento, visitar el portal web:<br><a href=\"http:\/\/www.investigacionyposgrado.uadec.mx\/\" target=\"_blank\" rel=\"noreferrer noopener\">http:\/\/www.investigacionyposgrado.uadec.mx\/<\/a> y la p\u00e1gina de Facebook:<br><a href=\"https:\/\/www.facebook.com\/investigacionyposgradoUAdeC\" target=\"_blank\" rel=\"noreferrer noopener\">https:\/\/www.facebook.com\/investigacionyposgradoUAdeC<\/a> , o llamar a los<br>tel\u00e9fonos de la Direcci\u00f3n de Investigaci\u00f3n y Posgrado de la UAdeC: (844) 4 10 02<br>78, (844) 4 14 85 82 y (844) 4 12 90 94.<\/p>\n","protected":false},"excerpt":{"rendered":"<p>SALTILLO, Coahuila. 4 de octubre de 2021.- Con el fin de dar a conocer ypromocionar los programas de Posgrado de las Unidades Saltillo, Torre\u00f3n y Nortede la Universidad Aut\u00f3noma de Coahuila, este lunes, inici\u00f3 la \u201cFeria Virtual dePosgrados 2021\u201d que impulsa la Direcci\u00f3n de Investigaci\u00f3n y Posgrado y la cualse desarrollar\u00e1 hasta el 7 de octubre por medio de Microsoft Teams y por lasp\u00e1ginas de Facebook: @UniversidadAutonomadeCoahuilaOficial y@investigacionyposgradoUAdeC. En el&#8230;<\/p>\n","protected":false},"author":1,"featured_media":4802,"comment_status":"closed","ping_status":"closed","sticky":false,"template":"","format":"standard","meta":{"footnotes":""},"categories":[2],"tags":[],"class_list":["post-4801","post","type-post","status-publish","format-standard","has-post-thumbnail","hentry","category-uadec","wpcat-2-id"],"_links":{"self":[{"href":"https:\/\/www.aquilaguna.com\/index.php\/wp-json\/wp\/v2\/posts\/4801","targetHints":{"allow":["GET"]}}],"collection":[{"href":"https:\/\/www.aquilaguna.com\/index.php\/wp-json\/wp\/v2\/posts"}],"about":[{"href":"https:\/\/www.aquilaguna.com\/index.php\/wp-json\/wp\/v2\/types\/post"}],"author":[{"embeddable":true,"href":"https:\/\/www.aquilaguna.com\/index.php\/wp-json\/wp\/v2\/users\/1"}],"replies":[{"embeddable":true,"href":"https:\/\/www.aquilaguna.com\/index.php\/wp-json\/wp\/v2\/comments?post=4801"}],"version-history":[{"count":1,"href":"https:\/\/www.aquilaguna.com\/index.php\/wp-json\/wp\/v2\/posts\/4801\/revisions"}],"predecessor-version":[{"id":4803,"href":"https:\/\/www.aquilaguna.com\/index.php\/wp-json\/wp\/v2\/posts\/4801\/revisions\/4803"}],"wp:featuredmedia":[{"embeddable":true,"href":"https:\/\/www.aquilaguna.com\/index.php\/wp-json\/wp\/v2\/media\/4802"}],"wp:attachment":[{"href":"https:\/\/www.aquilaguna.com\/index.php\/wp-json\/wp\/v2\/media?parent=4801"}],"wp:term":[{"taxonomy":"category","embeddable":true,"href":"https:\/\/www.aquilaguna.com\/index.php\/wp-json\/wp\/v2\/categories?post=4801"},{"taxonomy":"post_tag","embeddable":true,"href":"https:\/\/www.aquilaguna.com\/index.php\/wp-json\/wp\/v2\/tags?post=4801"}],"curies":[{"name":"wp","href":"https:\/\/api.w.org\/{rel}","templated":true}]}}