{"id":4821,"date":"2021-10-05T19:04:03","date_gmt":"2021-10-06T00:04:03","guid":{"rendered":"https:\/\/www.aquilaguna.com\/?p=4821"},"modified":"2021-10-05T19:04:04","modified_gmt":"2021-10-06T00:04:04","slug":"el-joven-pianista-raul-salazar-debutara-con-camerata-de-coahuila","status":"publish","type":"post","link":"https:\/\/www.aquilaguna.com\/index.php\/2021\/10\/05\/el-joven-pianista-raul-salazar-debutara-con-camerata-de-coahuila\/","title":{"rendered":"EL JOVEN PIANISTA RA\u00daL SALAZAR, DEBUTAR\u00c1 CON CAMERATA DE COAHUILA."},"content":{"rendered":"\n<p>\u2022 Ra\u00fal Salazar obtuvo primer lugar en el concurso de piano organizado por la<br>prestigiosa casa editorial de partituras \u201cG.Henle Verlag\u201d de Munich, Alemania y<br>premio Platino en el \u201cForte International Music Competition\u201d en el Carnegie Hall<br>de Nueva York.<\/p>\n\n\n\n<p>\u2022 Desde el 2017 la Maestra Mariana Chabukiani pianista titular de Camerata de<br>Coahuila es la tutora de este joven pianista: en 2020 Mariana Chabukiani recibe<br>una distinci\u00f3n de excelencia y un premio por su destacada labor pedag\u00f3gica.<\/p>\n\n\n\n<p>Camerata de Coahuila presenta el debut del joven pianista Ra\u00fal Salazar, en su cuarto<br>concierto de la Temporada Oto\u00f1o Invierno 2021, con obras de Wolfgang Amadeus<br>Mozart, bajo la direcci\u00f3n del Mtro. Ram\u00f3n Shade.<\/p>\n\n\n\n<p><strong>RA\u00daL SALAZAR GUTI\u00c9RREZ.<\/strong><\/p>\n\n\n\n<p>Ra\u00fal Salazar Guti\u00e9rrez es originario de Guadalajara, Jalisco. A la edad de tres a\u00f1os<br>comenz\u00f3 su formaci\u00f3n musical en su ciudad natal. Desde el 2017, \u00e9l y su familia cambian<br>de residencia a la ciudad de Torre\u00f3n, con el prop\u00f3sito de continuar sus estudios bajo la<br>tutela de la Maestra Mariana Chabukiani, pianista titular de la Camerata de Coahuila.<\/p>\n\n\n\n<p>Los buenos resultados no se hacen esperar, y comienza a ganar los primeros lugares en<br>los concursos nacionales e internacionales: Primer lugar en el \u201cXI Concurso Nacional<br>Abierto de J\u00f3venes Pianistas Parnass\u00f3s\u201d, Primer lugar en el \u201cIV Concurso Nacional<br>Infantil de Piano Cedros UP- Yamaha\u201d; Primer lugar en el \u201cPrimer Concurso Internacional<br>de Piano Cuervo- Petrof\u201d, Primer lugar en el \u201cSalzburg Grand Prize Virtuoso\u201d, Primer<br>lugar en el \u201c2020 Queensboro International Music Competition\u201d en Nueva York, Mejor<br>interpretaci\u00f3n de obra obligatoria y tercer lugar en el \u201cIII Concurso Nacional Infantil de<br>Piano Cedros UP- Yamaha\u201d, Primer lugar en \u201cAegio International Piano Competition\u201d en<br>Canad\u00e1, \u201cGolden Hands Award\u201d en el \u201cCarles and Sof\u00eda Internatioonal Piano<br>Competition\u201d de Espa\u00f1a.<\/p>\n\n\n\n<p>A los diez a\u00f1os, gana el \u201cX Forte International Music Competition\u201d en la sala Weill del<br>\u201cCarnegie Hall\u201d en la ciudad de Nueva York en donde recibe el premio Platino que se le<br>otorga al competidor con las mejores habilidades musicales, t\u00e9cnicas y art\u00edsticas sobre<br>todas las categor\u00edas de cuatro a treinta y cinco a\u00f1os; tambi\u00e9n gana medalla de oro, y<br>premio a la mejor t\u00e9cnica pian\u00edstica. As\u00ed mismo, su Maestra Mariana Chabukiani recibe<br>una distinci\u00f3n de excelencia y un premio por su destacada labor pedag\u00f3gica.<\/p>\n\n\n\n<p>En Mayo del 2020, es galardonado con el Primer Lugar en Munich, Alemania; en el<br>concurso de piano organizado por la prestigiosa casa editorial de partituras \u201cG.Henle<br>Verlag\u201d, quien convoc\u00f3 de manera virtual a j\u00f3venes de todas las nacionalidades a<br>interpretar alguna obra del periodo compositivo temprano de Ludwig Van Beethoven.<br>En Julio del 2021 fue aceptado por la \u201cJuilliard School\u201d de Nueva York, para formar parte<br>del curso anual de verano en donde particip\u00f3 junto a talentosos pianistas j\u00f3venes de todo<br>el mundo.<\/p>\n\n\n\n<p><strong>RAM\u00d3N SHADE, DIRECTOR HU\u00c9SPED EN LA OSY.<\/strong><\/p>\n\n\n\n<p>El Maestro Ram\u00f3n Shade Villarreal, fundador y director art\u00edstico de nuestra orquesta,<br>participo como Director Hu\u00e9sped en la Orquesta Sinf\u00f3nica de Yucat\u00e1n, en el tercer recital<br>de la XXXVI temporada de la Orquesta Sinf\u00f3nica de Yucat\u00e1n (OSY) que tuvo lugar el<br>pasado 01 y 03 de octubre, en el teatro Jos\u00e9 Pe\u00f3n Contreras de M\u00e9rida, Yucat\u00e1n.<br>Sinfon\u00eda No. 100 \u201cMilitar\u201d, del austriaco Franz Joseph Haydn; Les \u00c9olides, de C\u00e9sar<br>Franck, y Jeux d\u2019 enfants, Op. 22, Petite suite, de Georges Bizet fueron las obras que<br>integraron el concierto.<\/p>\n\n\n\n<p><strong>CUARTO CONCIERTO DE TEMPORADA.<\/strong><\/p>\n\n\n\n<p>Este cuarto programa contar\u00e1 con el \u201cConcierto para piano no. 23 en La Mayor KV.488\u201d<br>y \u201cSinfon\u00eda no. 40 en sol menor KV.550\u201d, esta \u00faltima fue la pen\u00faltima sinfon\u00eda compuesta<br>y una de las sinfon\u00edas m\u00e1s reconocidas en el mundo, del c\u00e9lebre compositor Wolfgang<br>Amadeus Mozart.<br>El concierto ser\u00e1 completamente gratuito, el acceso al p\u00fablico ser\u00e1 a partir de los 12<br>a\u00f1os, con un cupo limitado de 520 personas, lo que representa un 75% de la capacidad<br>total del recinto.<br>La entrega de boletos se realizar\u00e1 en las taquillas del teatro, a partir del mi\u00e9rcoles 06 de<br>octubre, iniciando en punto de las 10:00 horas, hasta agotar existencia.<br>La cita para el cuarto concierto es este pr\u00f3ximo viernes 08 de octubre en punto de las<br>20:30 horas.<\/p>\n","protected":false},"excerpt":{"rendered":"<p>\u2022 Ra\u00fal Salazar obtuvo primer lugar en el concurso de piano organizado por laprestigiosa casa editorial de partituras \u201cG.Henle Verlag\u201d de Munich, Alemania ypremio Platino en el \u201cForte International Music Competition\u201d en el Carnegie Hallde Nueva York. \u2022 Desde el 2017 la Maestra Mariana Chabukiani pianista titular de Camerata deCoahuila es la tutora de este joven pianista: en 2020 Mariana Chabukiani recibeuna distinci\u00f3n de excelencia y un premio por su&#8230;<\/p>\n","protected":false},"author":1,"featured_media":4822,"comment_status":"closed","ping_status":"closed","sticky":false,"template":"","format":"standard","meta":{"footnotes":""},"categories":[5,12,28,7],"tags":[],"class_list":["post-4821","post","type-post","status-publish","format-standard","has-post-thumbnail","hentry","category-coahuila","category-cultura","category-la-laguna","category-torreon","wpcat-5-id","wpcat-12-id","wpcat-28-id","wpcat-7-id"],"_links":{"self":[{"href":"https:\/\/www.aquilaguna.com\/index.php\/wp-json\/wp\/v2\/posts\/4821","targetHints":{"allow":["GET"]}}],"collection":[{"href":"https:\/\/www.aquilaguna.com\/index.php\/wp-json\/wp\/v2\/posts"}],"about":[{"href":"https:\/\/www.aquilaguna.com\/index.php\/wp-json\/wp\/v2\/types\/post"}],"author":[{"embeddable":true,"href":"https:\/\/www.aquilaguna.com\/index.php\/wp-json\/wp\/v2\/users\/1"}],"replies":[{"embeddable":true,"href":"https:\/\/www.aquilaguna.com\/index.php\/wp-json\/wp\/v2\/comments?post=4821"}],"version-history":[{"count":1,"href":"https:\/\/www.aquilaguna.com\/index.php\/wp-json\/wp\/v2\/posts\/4821\/revisions"}],"predecessor-version":[{"id":4823,"href":"https:\/\/www.aquilaguna.com\/index.php\/wp-json\/wp\/v2\/posts\/4821\/revisions\/4823"}],"wp:featuredmedia":[{"embeddable":true,"href":"https:\/\/www.aquilaguna.com\/index.php\/wp-json\/wp\/v2\/media\/4822"}],"wp:attachment":[{"href":"https:\/\/www.aquilaguna.com\/index.php\/wp-json\/wp\/v2\/media?parent=4821"}],"wp:term":[{"taxonomy":"category","embeddable":true,"href":"https:\/\/www.aquilaguna.com\/index.php\/wp-json\/wp\/v2\/categories?post=4821"},{"taxonomy":"post_tag","embeddable":true,"href":"https:\/\/www.aquilaguna.com\/index.php\/wp-json\/wp\/v2\/tags?post=4821"}],"curies":[{"name":"wp","href":"https:\/\/api.w.org\/{rel}","templated":true}]}}