{"id":484,"date":"2021-02-22T19:41:36","date_gmt":"2021-02-23T01:41:36","guid":{"rendered":"http:\/\/34.69.167.107\/?p=484"},"modified":"2021-02-22T19:41:36","modified_gmt":"2021-02-23T01:41:36","slug":"llama-mars-a-universitarios-a-trabajar-en-frente-comun-por-los-coahuilenses","status":"publish","type":"post","link":"https:\/\/www.aquilaguna.com\/index.php\/2021\/02\/22\/llama-mars-a-universitarios-a-trabajar-en-frente-comun-por-los-coahuilenses\/","title":{"rendered":"LLAMA MARS A UNIVERSITARIOS A TRABAJAR EN FRENTE COM\u00daN POR LOS COAHUILENSES"},"content":{"rendered":"\n<p>\u00b7\u00a0\u00a0\u00a0\u00a0\u00a0\u00a0<strong><em>Acude gobernador Miguel Riquelme a toma de protesta del Rector de la UA de C, Salvador Hern\u00e1ndez V\u00e9lez<\/em><\/strong><\/p>\n\n\n\n<p>Torre\u00f3n, Coahuila de Zaragoza; a 22 de Febrero de 2021.- El gobernador Miguel \u00c1ngel Riquelme Sol\u00eds acudi\u00f3 a la toma de protesta y entrega del nombramiento del Rector de la Universidad Aut\u00f3noma de Coahuila (UAdeC), Salvador Hern\u00e1ndez V\u00e9lez.<\/p>\n\n\n\n<p>\u201cAl rector Salvador Hern\u00e1ndez V\u00e9lez mi respeto. En este d\u00eda, la comunidad acad\u00e9mica de la UA de C demuestra una vez m\u00e1s la capacidad que posee para su elecci\u00f3n y de organizaci\u00f3n\u201d, mencion\u00f3 Riquelme Sol\u00eds.<\/p>\n\n\n\n<p>Reconoci\u00f3 que en estas elecciones ha prevalecido la transparencia y el uso de la tecnolog\u00eda para garantizar la seguridad de quienes participaron en el proceso en medio de la pandemia por el Covid-19.<\/p>\n\n\n\n<p>Se\u00f1al\u00f3 que en M\u00e9xico los organismos civiles, el Gobierno y la academia se encuentran enfrentando diversos retos.<\/p>\n\n\n\n<p>El Mandatario estatal coment\u00f3 que la educaci\u00f3n superior no debe ser un privilegio, sino un derecho de cualquier estudiante que quiera ser protagonista del Pa\u00eds.<\/p>\n\n\n\n<p>\u201cLa funci\u00f3n sustantiva de la UA de C, de formar personas con \u00e9tica y ser de las mejores instituciones al servicio de la sociedad, es lo que aplaude el Estado\u201d, dijo.<\/p>\n\n\n\n<p>En ese sentido, el Gobernador indic\u00f3 que buscar\u00e1n fortalecer la infraestructura para abarcar m\u00e1s matr\u00edcula, as\u00ed como el regreso paulatino en cada uno de los centros educativos, con lo que invit\u00f3 a resolver las diferencias mediante el di\u00e1logo y facilitar los acuerdos que le lleven a la concordia.<\/p>\n\n\n\n<p>Convoc\u00f3 a las y los universitarios a conformar un \u201cfrente com\u00fan\u201d para trabajar con la sociedad coahuilense, seguir enfrentando la pandemia y los efectos que haya causado en su econom\u00eda.<\/p>\n\n\n\n<p>La m\u00e1xima casa de estudios, agreg\u00f3, ha sido de gran respaldo en los avances y el progreso, por lo que conf\u00eda en que \u00e9sta se ratificar\u00e1 como protagonista en recobrar el camino de desarrollo de Coahuila a nivel global.<\/p>\n\n\n\n<p>\u201cP\u00fablica, accesible y de inclusi\u00f3n\u201d, es lo que como gobernador busca siga prevaleciendo en la UAdeC, enfatiz\u00f3 Miguel Riquelme.<\/p>\n\n\n\n<p>APERTURA Y CERCAN\u00cdA<\/p>\n\n\n\n<p>Por su parte, Salvador Hern\u00e1ndez V\u00e9lez se\u00f1al\u00f3 que apertura y cercan\u00eda son algunas de las cualidades esenciales de su administraci\u00f3n que hoy comienza en su segundo periodo.<\/p>\n\n\n\n<p>Agradeci\u00f3 la presencia del gobernador Miguel Riquelme, quien ha sido un gran aliado de esta casa de estudios.<\/p>\n\n\n\n<p>\u201cQuiero comenzar dando las gracias a la comunidad universitaria que con su voto me permite estar tres a\u00f1os m\u00e1s, gracias por ese 73 por ciento de votaci\u00f3n a mi favor\u201d, mencion\u00f3.<\/p>\n\n\n\n<p>Reducir el pago de inscripci\u00f3n, tener respuestas efectivas en el tema de violencia de g\u00e9nero y el regreso a la actividad presencial, son algunos de los t\u00f3picos que atender\u00e1 en breve.<\/p>\n\n\n\n<p>En su mensaje, inform\u00f3 que habr\u00e1 un plan piloto de regreso paulatino que propondr\u00e1n a los Subcomit\u00e9s de Salud en cada una de las regiones de la entidad.\u00a0Se buscar\u00e1 lograr un mayor posicionamiento de la universidad a nivel nacional y tambi\u00e9n las vacunas anticovid para su comunidad: \u201c\u00c9sta ser\u00e1 una administraci\u00f3n de resultados\u201d.<\/p>\n\n\n\n<p>Reiter\u00f3 que su compromiso es con Coahuila: El generar conocimiento que sirva a cada regi\u00f3n, trabajar con m\u00e1s ah\u00ednco, y en su rector\u00eda siempre habr\u00e1 apertura para recibir m\u00e1s propuestas.<\/p>\n\n\n\n<p>\u201cUnidos continuaremos con la transformaci\u00f3n de la universidad\u201d, finaliz\u00f3.Por su parte, Carmen Enedina Rodr\u00edguez Armenta, Directora General de Educaci\u00f3n Superior Universitaria e Intercultural, dirigi\u00f3 un mensaje v\u00eda remota en el que dijo que le da gusto el segundo periodo que hoy inicia Hern\u00e1ndez V\u00e9lez, con el que estar\u00e1 de cerca ante un escenario cambiante que como sociedad vivimos.<\/p>\n\n\n\n<p>Celebr\u00f3 lo que la UA de C iniciar\u00e1 en torno a la \u201cCultura de Paz\u201d, donde el compromiso de la Universidad destaca.\u00a0\u201cAgradezco la solidaridad de la comunidad ante la pandemia del Covid-19, ya que sus iniciativas abonan a mejorar la salud de las y los mexicanos\u201d, subray\u00f3.<\/p>\n\n\n\n<p>Al evento, que tuvo por sede el Centro Cultural Universitario \u201cBraulio Fern\u00e1ndez Aguirre\u201d de esta casa de estudios, se presentaron tambi\u00e9n el presidente del Tribunal Superior de Justicia del Estado, Miguel Felipe Mery Ayup; el diputado Eduardo Olmos Castro, presidente de la Junta de Gobierno del Congreso del Estado; Manolo Jim\u00e9nez Salinas, Presidente Municipal de Saltillo; y Jes\u00fas Alfredo Paredes L\u00f3pez, Presidente Municipal de Monclova.<\/p>\n\n\n\n<p>As\u00ed como Jorge Zerme\u00f1o Infante, Alcalde de Torre\u00f3n; Horacio Pi\u00f1a \u00c1vila, Alcalde de Matamoros.<\/p>\n\n\n\n<p>El presidente de la Fundaci\u00f3n de la UA de C, Leonardo D\u00e1vila Salinas; Elda Araceli Rodr\u00edguez Guerrero, Secretaria de la STUAC; y la Coordinadora de la Unidad Torre\u00f3n de la UAdeC, Sandra L\u00f3pez Chavarr\u00eda.<\/p>\n\n\n\n<p>As\u00ed como Luis Carlos Talamantes Arredondo, Coordinador de la Unidad Norte; y Rafael Rebollar Gonz\u00e1lez, Vicepresidente de Industrias Pe\u00f1oles, entre otros funcionarios estatales, municipales y representantes de c\u00e1maras empresariales y de comercio.<\/p>\n","protected":false},"excerpt":{"rendered":"<p>\u00b7\u00a0\u00a0\u00a0\u00a0\u00a0\u00a0Acude gobernador Miguel Riquelme a toma de protesta del Rector de la UA de C, Salvador Hern\u00e1ndez V\u00e9lez Torre\u00f3n, Coahuila de Zaragoza; a 22 de Febrero de 2021.- El gobernador Miguel \u00c1ngel Riquelme Sol\u00eds acudi\u00f3 a la toma de protesta y entrega del nombramiento del Rector de la Universidad Aut\u00f3noma de Coahuila (UAdeC), Salvador Hern\u00e1ndez V\u00e9lez. \u201cAl rector Salvador Hern\u00e1ndez V\u00e9lez mi respeto. En este d\u00eda, la comunidad acad\u00e9mica de&#8230;<\/p>\n","protected":false},"author":1,"featured_media":485,"comment_status":"closed","ping_status":"","sticky":false,"template":"","format":"standard","meta":{"footnotes":""},"categories":[5,2],"tags":[],"class_list":["post-484","post","type-post","status-publish","format-standard","has-post-thumbnail","hentry","category-coahuila","category-uadec","wpcat-5-id","wpcat-2-id"],"_links":{"self":[{"href":"https:\/\/www.aquilaguna.com\/index.php\/wp-json\/wp\/v2\/posts\/484","targetHints":{"allow":["GET"]}}],"collection":[{"href":"https:\/\/www.aquilaguna.com\/index.php\/wp-json\/wp\/v2\/posts"}],"about":[{"href":"https:\/\/www.aquilaguna.com\/index.php\/wp-json\/wp\/v2\/types\/post"}],"author":[{"embeddable":true,"href":"https:\/\/www.aquilaguna.com\/index.php\/wp-json\/wp\/v2\/users\/1"}],"replies":[{"embeddable":true,"href":"https:\/\/www.aquilaguna.com\/index.php\/wp-json\/wp\/v2\/comments?post=484"}],"version-history":[{"count":1,"href":"https:\/\/www.aquilaguna.com\/index.php\/wp-json\/wp\/v2\/posts\/484\/revisions"}],"predecessor-version":[{"id":486,"href":"https:\/\/www.aquilaguna.com\/index.php\/wp-json\/wp\/v2\/posts\/484\/revisions\/486"}],"wp:featuredmedia":[{"embeddable":true,"href":"https:\/\/www.aquilaguna.com\/index.php\/wp-json\/wp\/v2\/media\/485"}],"wp:attachment":[{"href":"https:\/\/www.aquilaguna.com\/index.php\/wp-json\/wp\/v2\/media?parent=484"}],"wp:term":[{"taxonomy":"category","embeddable":true,"href":"https:\/\/www.aquilaguna.com\/index.php\/wp-json\/wp\/v2\/categories?post=484"},{"taxonomy":"post_tag","embeddable":true,"href":"https:\/\/www.aquilaguna.com\/index.php\/wp-json\/wp\/v2\/tags?post=484"}],"curies":[{"name":"wp","href":"https:\/\/api.w.org\/{rel}","templated":true}]}}