{"id":4867,"date":"2021-10-07T17:45:15","date_gmt":"2021-10-07T22:45:15","guid":{"rendered":"https:\/\/www.aquilaguna.com\/?p=4867"},"modified":"2021-10-07T17:45:15","modified_gmt":"2021-10-07T22:45:15","slug":"celebra-coahuila-100-anos-de-la-fundacion-de-la-secretaria-de-educacion-publica-de-mexico","status":"publish","type":"post","link":"https:\/\/www.aquilaguna.com\/index.php\/2021\/10\/07\/celebra-coahuila-100-anos-de-la-fundacion-de-la-secretaria-de-educacion-publica-de-mexico\/","title":{"rendered":"CELEBRA COAHUILA 100 A\u00d1OS DE LA FUNDACI\u00d3N DE LA SECRETAR\u00cdA DE EDUCACI\u00d3N P\u00daBLICA DE M\u00c9XICO."},"content":{"rendered":"\n<p>\u00b7\u00a0\u00a0\u00a0\u00a0\u00a0\u00a0<strong><em>\u00a0Celebran con una conferencia magistral impartida por el profesor Andr\u00e9s Mendoza Salas<\/em><\/strong><\/p>\n\n\n\n<p>Saltillo, Coahuila de Zaragoza; a 7 de Octubre de 2021. \u2013 Con la conferencia magistral \u201c100 A\u00f1os de la Educaci\u00f3n en M\u00e9xico\u201d, a cargo de Andr\u00e9s Mendoza Salas, subsecretario de Museos e Historia de la Secretar\u00eda de Cultura del Estado, en el auditorio \u201cV\u00edctor Ar\u00e1mbula\u201d se celebr\u00f3 el Centenario de la Fundaci\u00f3n de la Secretar\u00eda de Educaci\u00f3n P\u00fablica de M\u00e9xico.<\/p>\n\n\n\n<p>En el evento estuvieron presentes el subsecretario de Educaci\u00f3n B\u00e1sica, Jorge Salcido Portillo; el subsecretario de Educaci\u00f3n Media y Superior, Francisco Osorio Morales; Ma. del Carmen Ru\u00edz Esparza Contreras, subsecretaria de Planeaci\u00f3n Educativa, y Lizzet Villarreal Orezza, con la representaci\u00f3n de la Secretar\u00eda de Educaci\u00f3n P\u00fablica.<\/p>\n\n\n\n<p>Adem\u00e1s la Directora del Consejo Nacional de Fomento Educativo, Sof\u00eda Lidieth Carranza.<\/p>\n\n\n\n<p>El evento se trasmiti\u00f3 en vivo a trav\u00e9s de Facebook, plataforma que permiti\u00f3 la proyecci\u00f3n de videos que recordaron la evoluci\u00f3n que la educaci\u00f3n ha registrado en Coahuila, adem\u00e1s se cont\u00f3 con la participaci\u00f3n del grupo Zenzontle, quienes ofrecieron una muestra de bailes regionales.<\/p>\n\n\n\n<p>El profesor Mendoza Salas, destac\u00f3 c\u00f3mo la educaci\u00f3n es el veh\u00edculo aut\u00e9ntico para la movilidad social, la apreciaci\u00f3n de los valores, la cultura, el respeto al medio ambiente y la capacidad para desarrollarse laboralmente y sustentar la situaci\u00f3n econ\u00f3mica familiar.<\/p>\n\n\n\n<p>Indic\u00f3 que Jos\u00e9 Vasconcelos, como fundador del entonces Ministerio de Educaci\u00f3n en M\u00e9xico, dise\u00f1\u00f3 un modelo que despu\u00e9s Jaime Torre Bodet moderniz\u00f3 y \u00e9ste ha ido evolucionando hasta la actualidad.<\/p>\n\n\n\n<p>Mendoza Salas fue m\u00e1s all\u00e1 e indic\u00f3 que en la \u00e9poca colonial, en el Virreinato la educaci\u00f3n era auspiciada por la Iglesia, pero s\u00f3lo atend\u00eda a un sector privilegiado de la poblaci\u00f3n, ya que al resto no le daban importancia, pues lo importante era la formaci\u00f3n de campesinos y artesanos, eso era lo que M\u00e9xico en ese entonces necesitaba.<\/p>\n\n\n\n<p>Describi\u00f3 que hubo varios intentos para darle formalidad a la Educaci\u00f3n en M\u00e9xico, se fundaron escuelas Normales, pero no se tuvieron \u00e9xito.<\/p>\n\n\n\n<p>En el Gobierno de Benito Ju\u00e1rez se cre\u00f3 la Escuela Nacional Preparatoria, al crear la Ley de Instrucci\u00f3n P\u00fablica.<\/p>\n\n\n\n<p>Mientras, en Coahuila Francisco Ricardo Ramos cre\u00f3 la primera escuela con m\u00e9todo lancasteriano de ense\u00f1anza, y Andr\u00e9s S. Viesca, el 11 de julio de 1867 fund\u00f3 el Atento Fuente, ambas instituciones tuvieron un car\u00e1cter republicano.<\/p>\n\n\n\n<p>Describi\u00f3 que la Educaci\u00f3n en M\u00e9xico y en Coahuila tuvo varios momentos, lo importante es que \u00e9sta es el cimiento firme para el desarrollo econ\u00f3mico y social de nuestro pa\u00eds.<\/p>\n\n\n\n<p>\u201cEn la actualidad, por la pandemia del Covid19 se enfrentan nuevos retos, y el profesor debe evolucionar para estar a la altura que el tiempo demanda\u201d, finaliz\u00f3.<\/p>\n","protected":false},"excerpt":{"rendered":"<p>\u00b7\u00a0\u00a0\u00a0\u00a0\u00a0\u00a0\u00a0Celebran con una conferencia magistral impartida por el profesor Andr\u00e9s Mendoza Salas Saltillo, Coahuila de Zaragoza; a 7 de Octubre de 2021. \u2013 Con la conferencia magistral \u201c100 A\u00f1os de la Educaci\u00f3n en M\u00e9xico\u201d, a cargo de Andr\u00e9s Mendoza Salas, subsecretario de Museos e Historia de la Secretar\u00eda de Cultura del Estado, en el auditorio \u201cV\u00edctor Ar\u00e1mbula\u201d se celebr\u00f3 el Centenario de la Fundaci\u00f3n de la Secretar\u00eda de Educaci\u00f3n P\u00fablica&#8230;<\/p>\n","protected":false},"author":1,"featured_media":4868,"comment_status":"closed","ping_status":"closed","sticky":false,"template":"","format":"standard","meta":{"footnotes":""},"categories":[5,9,15],"tags":[],"class_list":["post-4867","post","type-post","status-publish","format-standard","has-post-thumbnail","hentry","category-coahuila","category-educacion","category-gobierno-de-coahuila","wpcat-5-id","wpcat-9-id","wpcat-15-id"],"_links":{"self":[{"href":"https:\/\/www.aquilaguna.com\/index.php\/wp-json\/wp\/v2\/posts\/4867","targetHints":{"allow":["GET"]}}],"collection":[{"href":"https:\/\/www.aquilaguna.com\/index.php\/wp-json\/wp\/v2\/posts"}],"about":[{"href":"https:\/\/www.aquilaguna.com\/index.php\/wp-json\/wp\/v2\/types\/post"}],"author":[{"embeddable":true,"href":"https:\/\/www.aquilaguna.com\/index.php\/wp-json\/wp\/v2\/users\/1"}],"replies":[{"embeddable":true,"href":"https:\/\/www.aquilaguna.com\/index.php\/wp-json\/wp\/v2\/comments?post=4867"}],"version-history":[{"count":1,"href":"https:\/\/www.aquilaguna.com\/index.php\/wp-json\/wp\/v2\/posts\/4867\/revisions"}],"predecessor-version":[{"id":4869,"href":"https:\/\/www.aquilaguna.com\/index.php\/wp-json\/wp\/v2\/posts\/4867\/revisions\/4869"}],"wp:featuredmedia":[{"embeddable":true,"href":"https:\/\/www.aquilaguna.com\/index.php\/wp-json\/wp\/v2\/media\/4868"}],"wp:attachment":[{"href":"https:\/\/www.aquilaguna.com\/index.php\/wp-json\/wp\/v2\/media?parent=4867"}],"wp:term":[{"taxonomy":"category","embeddable":true,"href":"https:\/\/www.aquilaguna.com\/index.php\/wp-json\/wp\/v2\/categories?post=4867"},{"taxonomy":"post_tag","embeddable":true,"href":"https:\/\/www.aquilaguna.com\/index.php\/wp-json\/wp\/v2\/tags?post=4867"}],"curies":[{"name":"wp","href":"https:\/\/api.w.org\/{rel}","templated":true}]}}