{"id":4882,"date":"2021-10-08T19:10:43","date_gmt":"2021-10-09T00:10:43","guid":{"rendered":"https:\/\/www.aquilaguna.com\/?p=4882"},"modified":"2021-10-08T19:11:27","modified_gmt":"2021-10-09T00:11:27","slug":"uadec-hace-atenta-invitacion","status":"publish","type":"post","link":"https:\/\/www.aquilaguna.com\/index.php\/2021\/10\/08\/uadec-hace-atenta-invitacion\/","title":{"rendered":"JORNADA DE SALUD UAdeC UNIDAD TORRE\u00d3N."},"content":{"rendered":"\n<figure class=\"wp-block-image size-full\"><img loading=\"lazy\" decoding=\"async\" width=\"700\" height=\"408\" src=\"https:\/\/www.aquilaguna.com\/wp-content\/uploads\/2021\/10\/Jornada-Salud-Universitaria-UAdeC-UT-08-10-21-1.jpeg\" alt=\"\" class=\"wp-image-4883\" srcset=\"https:\/\/www.aquilaguna.com\/wp-content\/uploads\/2021\/10\/Jornada-Salud-Universitaria-UAdeC-UT-08-10-21-1.jpeg 700w, https:\/\/www.aquilaguna.com\/wp-content\/uploads\/2021\/10\/Jornada-Salud-Universitaria-UAdeC-UT-08-10-21-1-300x175.jpeg 300w\" sizes=\"auto, (max-width: 700px) 100vw, 700px\" \/><\/figure>\n\n\n\n<p>Ma\u00f1ana s\u00e1bado 09 de Octubre, de las 10:00 a las 14:00<br>horas, tendr\u00e1 lugar la Jornada de Salud y Servicios en la<br>explanada de la Coordinaci\u00f3n Unidad Torre\u00f3n (Bulevar<br>Revoluci\u00f3n y Comonfort).<\/p>\n\n\n\n<p>La UAdeC los brindar\u00e1 de forma gratuita en apoyo a la<br>poblaci\u00f3n que desee asistir.<\/p>\n","protected":false},"excerpt":{"rendered":"<p>Ma\u00f1ana s\u00e1bado 09 de Octubre, de las 10:00 a las 14:00horas, tendr\u00e1 lugar la Jornada de Salud y Servicios en laexplanada de la Coordinaci\u00f3n Unidad Torre\u00f3n (BulevarRevoluci\u00f3n y Comonfort). La UAdeC los brindar\u00e1 de forma gratuita en apoyo a lapoblaci\u00f3n que desee asistir.<\/p>\n","protected":false},"author":1,"featured_media":4883,"comment_status":"closed","ping_status":"closed","sticky":false,"template":"","format":"standard","meta":{"footnotes":""},"categories":[5,28,14,7,2],"tags":[],"class_list":["post-4882","post","type-post","status-publish","format-standard","has-post-thumbnail","hentry","category-coahuila","category-la-laguna","category-salud","category-torreon","category-uadec","wpcat-5-id","wpcat-28-id","wpcat-14-id","wpcat-7-id","wpcat-2-id"],"_links":{"self":[{"href":"https:\/\/www.aquilaguna.com\/index.php\/wp-json\/wp\/v2\/posts\/4882","targetHints":{"allow":["GET"]}}],"collection":[{"href":"https:\/\/www.aquilaguna.com\/index.php\/wp-json\/wp\/v2\/posts"}],"about":[{"href":"https:\/\/www.aquilaguna.com\/index.php\/wp-json\/wp\/v2\/types\/post"}],"author":[{"embeddable":true,"href":"https:\/\/www.aquilaguna.com\/index.php\/wp-json\/wp\/v2\/users\/1"}],"replies":[{"embeddable":true,"href":"https:\/\/www.aquilaguna.com\/index.php\/wp-json\/wp\/v2\/comments?post=4882"}],"version-history":[{"count":2,"href":"https:\/\/www.aquilaguna.com\/index.php\/wp-json\/wp\/v2\/posts\/4882\/revisions"}],"predecessor-version":[{"id":4886,"href":"https:\/\/www.aquilaguna.com\/index.php\/wp-json\/wp\/v2\/posts\/4882\/revisions\/4886"}],"wp:featuredmedia":[{"embeddable":true,"href":"https:\/\/www.aquilaguna.com\/index.php\/wp-json\/wp\/v2\/media\/4883"}],"wp:attachment":[{"href":"https:\/\/www.aquilaguna.com\/index.php\/wp-json\/wp\/v2\/media?parent=4882"}],"wp:term":[{"taxonomy":"category","embeddable":true,"href":"https:\/\/www.aquilaguna.com\/index.php\/wp-json\/wp\/v2\/categories?post=4882"},{"taxonomy":"post_tag","embeddable":true,"href":"https:\/\/www.aquilaguna.com\/index.php\/wp-json\/wp\/v2\/tags?post=4882"}],"curies":[{"name":"wp","href":"https:\/\/api.w.org\/{rel}","templated":true}]}}